{"id":98,"date":"2016-05-03T16:38:44","date_gmt":"2016-05-03T14:38:44","guid":{"rendered":"https:\/\/blog.ilgiornale.it\/giacalone\/?p=98"},"modified":"2016-05-03T16:49:34","modified_gmt":"2016-05-03T14:49:34","slug":"centri-islamici-perche-olivier-roy-sbaglia","status":"publish","type":"post","link":"https:\/\/blog.ilgiornale.it\/giacalone\/2016\/05\/03\/centri-islamici-perche-olivier-roy-sbaglia\/","title":{"rendered":"Centri islamici: perch\u00e8 Olivier Roy sbaglia"},"content":{"rendered":"<p>Ultimamente sta andando molto in voga la teoria secondo cui i centri non sarebbero soltanto immuni dal radicalismo ma costituirebbero persino un vero e proprio baluardo, assieme all\u2019associazionismo islamico, contro l\u2019estremismo.<br \/>\nA sostegno di tale visione viene spesso propinata una presunta affermazione dell\u2019islamologo Olivier Roy secondo cui nessun membro dell\u2019ISIS ha mai fatto parte di associazioni islamiche, fatto volontariato in moschea o difeso le cause siriane, egiziane o palestinesi. Peccato per\u00f2 che le cose non stanno esattamente cos\u00ec e chiunque si occupa seriamente di sicurezza ha bene in mente alcuni elementi:<br \/>\n1- Estremismo e terrorismo non sono sinonimi. L\u2019estremismo fa riferimento a una visione ideologica, politica e \/o religiosa portata all\u2019estremo. Nel campo dell\u2019Islamismo sono molti i gruppi considerati tali e non sono necessariamente tutti in accordo tra loro cos\u00ec come non sono tutti necessariamente attivi nella lotta armata. Il terrorismo \u00e8 invece un modus operandi che fa per\u00f2 riferimento a una determinata ideologia.<br \/>\n2- Ridurre il concetto di terrorismo ed estremismo soltanto all\u2019Isis significa non conoscerne il panorama mondiale e neanche la storia del radicalismo di matrice islamista. Sono infatti presenti oggi numerosi gruppi della galassia islamista in lotta tra loro, come nel caso del conflitto siriano, dove si fronteggiano Hizbullah, gruppi qaedisti, della Fratellanza Musulmana e dell\u2019Isis. Nel Caucaso settentrionale \u00e8 ormai evidente la diatriba interna tra jamaat dell\u2019Imrat Kavkaz e quelle dell\u2019Isis, giusto per citarne alcune.<br \/>\nAndiamo per\u00f2 alla parte pi\u00f9 interessante: la visione sopra esposta trova riscontro nella realt\u00e0? Mettiamo da parte teorie e elenchiamo alcuni fatti.<br \/>\nA Vienna \u00e8 oggi sotto processo l\u2019imam Ebu Tejma (Mirsad Omerovic), che gestiva la moschea di Altum Alem, nel viennese. L\u2019imam \u00e8 accusato di aver reclutato circa 160 jihadisti per la Siria, tra cui due minorenni austriache di origine bosniaca Sabina Selimovic (16 anni) e Samra Kesinovic (17).<br \/>\nIn Italia diversi centri islamici nelle province di Pordenone, Cremona, Bergamo e Siena hanno ospitato reclutatori come Bilal Bosnic (attualmente in carcere e sotto processo in Bosnia) ma anche predicatori come Idriz Bilibani, con precedenti penali in Kosovo per banda armata. Bilibani risultava attivo nella dawa (predicazione) oltre-Adriatico assieme a Mustafa Imeri e Ismail Skenderi.<\/p>\n<div id=\"attachment_99\" style=\"width: 310px\" class=\"wp-caption alignnone\"><a href=\"https:\/\/blog.ilgiornale.it\/giacalone\/files\/2016\/05\/bosnic.jpg\"><img aria-describedby=\"caption-attachment-99\" loading=\"lazy\" class=\"wp-image-99 size-medium\" src=\"https:\/\/blog.ilgiornale.it\/giacalone\/files\/2016\/05\/bosnic-300x224.jpg\" alt=\"bosnic\" width=\"300\" height=\"224\" srcset=\"https:\/\/blog.ilgiornale.it\/giacalone\/files\/2016\/05\/bosnic-300x224.jpg 300w, https:\/\/blog.ilgiornale.it\/giacalone\/files\/2016\/05\/bosnic.jpg 593w\" sizes=\"(max-width: 300px) 100vw, 300px\" \/><\/a><p id=\"caption-attachment-99\" class=\"wp-caption-text\"><em>L&#8217;attivismo islamista di Bilal Bosnic e Idriz Bilibani presso il centro islamico di Monteroni d&#8217;Arbia, a Siena<\/em><\/p><\/div>\n<p>A Trento invece venivano immortalati in una foto di gruppo all\u2019interno di un centro islamico Ismar Mesinovic e Munifer Karamaleski, due balcanici residenti in Italia e partiti per combattere nelle file dell\u2019Isis (entrambi segnalati pi\u00f9 volte ad attivit\u00e0 di dawa assieme a dei loro confratelli). In quella foto apparivano diversi personaggi attivi nella predicazione islamista e ben noti in ambito \u00a0associazionistico su suolo italiano.<\/p>\n<div id=\"attachment_100\" style=\"width: 310px\" class=\"wp-caption alignnone\"><a href=\"https:\/\/blog.ilgiornale.it\/giacalone\/files\/2016\/05\/TN-mesinovic-karamaleski.jpg\"><img aria-describedby=\"caption-attachment-100\" loading=\"lazy\" class=\"wp-image-100 size-medium\" src=\"https:\/\/blog.ilgiornale.it\/giacalone\/files\/2016\/05\/TN-mesinovic-karamaleski-300x198.jpg\" alt=\"TN mesinovic karamaleski\" width=\"300\" height=\"198\" srcset=\"https:\/\/blog.ilgiornale.it\/giacalone\/files\/2016\/05\/TN-mesinovic-karamaleski-300x198.jpg 300w, https:\/\/blog.ilgiornale.it\/giacalone\/files\/2016\/05\/TN-mesinovic-karamaleski.jpg 960w\" sizes=\"(max-width: 300px) 100vw, 300px\" \/><\/a><p id=\"caption-attachment-100\" class=\"wp-caption-text\"><em>Mesinovic e Karamaleski rirtratti in un centro islamico a Trento. I due si sono arruolati nell&#8217;ISIS a fine 2013<\/em><\/p><\/div>\n<p>Nell\u2019aprile 2015 veniva arrestato a Zingonia Muhammad Zulkifal, imam di un centro islamico Tabligh, attivo sia come predicatore che in ambito di \u201cvolontariato\u201d (termine che di per se vuol dire tutto e niente).<br \/>\nLe accuse per Zulkifal sono costituzione e organizzazione di associazione terroristica internazionale; finanziamento della stessa organizzazione che \u00e8 responsabile della strage al mercato di Peshawar a ottobre 2009 e di numerosi attentati. E poi duplice omicidio (come mandante) e trasporto di valuta all&#8217;estero.<br \/>\nSempre in Italia varrebbe la pena approfondire il ruolo che potrebbe aver avuto la siriana-canadese Bushra Haik all\u2019interno dell\u2019Islam italiano, visto che, secondo le indagini, sarebbe stata proprio lei a radicalizzare diverse giovani tra cui Maria Giulia Sergio, utilizzando la piattaforma Skype.<br \/>\nIn Piemonte invece, cos\u00ec come in altri centri islamici d\u2019Italia, veniva documentata la presenza del predicatore italo-australiano pro-ISIS Musa Cerantonio, anch\u2019egli fotografato con personaggi noti dell\u2019islamismo in Italia. Tra le sue varie tappe, anche una presso l&#8217;Associazione Donne e Mamme Musulmane ad Argenta.<br \/>\nCerantonio \u00e8 stato arrestato nelle Filippine nell&#8217;estate del 2014 e successivamente estradato in Australia.<br \/>\nIn Italia Cerantonio era diventato noto per una controversa foto scattata davanti a San Pietro a Roma.<\/p>\n<div id=\"attachment_103\" style=\"width: 310px\" class=\"wp-caption alignnone\"><a href=\"https:\/\/blog.ilgiornale.it\/giacalone\/files\/2016\/05\/cerantonio-roma.jpg\"><img aria-describedby=\"caption-attachment-103\" loading=\"lazy\" class=\"size-medium wp-image-103\" src=\"https:\/\/blog.ilgiornale.it\/giacalone\/files\/2016\/05\/cerantonio-roma-300x169.jpg\" alt=\"Cerantonio con la bandiera nera davanti a San Pietro\" width=\"300\" height=\"169\" srcset=\"https:\/\/blog.ilgiornale.it\/giacalone\/files\/2016\/05\/cerantonio-roma-300x169.jpg 300w, https:\/\/blog.ilgiornale.it\/giacalone\/files\/2016\/05\/cerantonio-roma.jpg 560w\" sizes=\"(max-width: 300px) 100vw, 300px\" \/><\/a><p id=\"caption-attachment-103\" class=\"wp-caption-text\"><em>Cerantonio con la bandiera nera davanti a San Pietro<\/em><\/p><\/div>\n<div id=\"attachment_101\" style=\"width: 310px\" class=\"wp-caption alignnone\"><a href=\"https:\/\/blog.ilgiornale.it\/giacalone\/files\/2016\/05\/cerantonio.jpg\"><img aria-describedby=\"caption-attachment-101\" loading=\"lazy\" class=\"size-medium wp-image-101\" src=\"https:\/\/blog.ilgiornale.it\/giacalone\/files\/2016\/05\/cerantonio-300x169.jpg\" alt=\"Musa Cerantonio alla trasmissione dedicata alla dawa &quot;La Verit\u00e0&quot;\" width=\"300\" height=\"169\" srcset=\"https:\/\/blog.ilgiornale.it\/giacalone\/files\/2016\/05\/cerantonio-300x169.jpg 300w, https:\/\/blog.ilgiornale.it\/giacalone\/files\/2016\/05\/cerantonio.jpg 320w\" sizes=\"(max-width: 300px) 100vw, 300px\" \/><\/a><p id=\"caption-attachment-101\" class=\"wp-caption-text\"><em>Musa Cerantonio alla trasmissione dedicata alla dawa in italiano &#8220;La Verit\u00e0&#8221;<\/em><\/p><\/div>\n<div id=\"attachment_102\" style=\"width: 310px\" class=\"wp-caption alignnone\"><a href=\"https:\/\/blog.ilgiornale.it\/giacalone\/files\/2016\/05\/cera-argenta2.jpg\"><img aria-describedby=\"caption-attachment-102\" loading=\"lazy\" class=\"size-medium wp-image-102\" src=\"https:\/\/blog.ilgiornale.it\/giacalone\/files\/2016\/05\/cera-argenta2-300x225.jpg\" alt=\"L'attivismo islamico di Cerantonio ad Argenta\" width=\"300\" height=\"225\" srcset=\"https:\/\/blog.ilgiornale.it\/giacalone\/files\/2016\/05\/cera-argenta2-300x225.jpg 300w, https:\/\/blog.ilgiornale.it\/giacalone\/files\/2016\/05\/cera-argenta2.jpg 960w\" sizes=\"(max-width: 300px) 100vw, 300px\" \/><\/a><p id=\"caption-attachment-102\" class=\"wp-caption-text\"><em>L&#8217;attivismo islamico di Cerantonio ad Argenta<\/em><\/p><\/div>\n<div id=\"attachment_105\" style=\"width: 205px\" class=\"wp-caption alignnone\"><a href=\"https:\/\/blog.ilgiornale.it\/giacalone\/files\/2016\/05\/arrest-cerantonio.jpg\"><img aria-describedby=\"caption-attachment-105\" loading=\"lazy\" class=\"wp-image-105 size-medium\" src=\"https:\/\/blog.ilgiornale.it\/giacalone\/files\/2016\/05\/arrest-cerantonio-195x300.jpg\" alt=\"arrest cerantonio\" width=\"195\" height=\"300\" srcset=\"https:\/\/blog.ilgiornale.it\/giacalone\/files\/2016\/05\/arrest-cerantonio-195x300.jpg 195w, https:\/\/blog.ilgiornale.it\/giacalone\/files\/2016\/05\/arrest-cerantonio.jpg 650w\" sizes=\"(max-width: 195px) 100vw, 195px\" \/><\/a><p id=\"caption-attachment-105\" class=\"wp-caption-text\"><em>L&#8217;arresto di Cerantonio nelle Filippine<\/em><\/p><\/div>\n<p>E\u2019 poi vero che membri dell\u2019Isis non hanno mai difeso le cause egiziane, palestinesi o siriane?<\/p>\n<p>Scriveva Anass el Abboubi sul proprio profilo Facebook poco dopo essere partito da Brescia per la Siria unendosi all\u2019Isis:<br \/>\n\u201cCome join us\u2026..Solidariet\u00e0 con il popolo Syriano, che subisce massacri ogni giorno\u2026.mentre il mondo discute su quanto petrolio e gas hanno a disposizione\u201d.<br \/>\nNel maggio 2015 l\u2019Isis lanciava un comunicato con il quale minacciava di morte la magistratura egiziana in seguito a una eventuale condanna a morte emessa nei confronti di Mohamed Morsy, ex leader del partito filo-Fratelli Musulmani FJP.<br \/>\nNessun membro dell\u2019Isis ha mai difeso la causa palestinese? Eppure lo scorso dicembre fu proprio il Califfo \u201cal-Baghdadi\u201d a dichiarare:<br \/>\n\u201cEbrei, non vi godrete la Palestina. Allah vi ha fatti riunire in Palestina in modo che i Mujahideen possano raggiungervi al pi\u00f9 presto e voi vi nasconderete vicino alla roccia e all\u2019albero. La Palestina sar\u00e0 la vostra tomba\u201d.<br \/>\nQuesti sono soltanto alcuni fatti, documentati, su cui ponderare attentamente.<\/p>\n","protected":false},"excerpt":{"rendered":"<p><p>Ultimamente sta andando molto in voga la teoria secondo cui i centri non sarebbero soltanto immuni dal radicalismo ma costituirebbero persino un vero e proprio baluardo, assieme all\u2019associazionismo islamico, contro l\u2019estremismo. A sostegno di tale visione viene spesso propinata una presunta affermazione dell\u2019islamologo Olivier Roy secondo cui nessun membro dell\u2019ISIS ha mai fatto parte di associazioni islamiche, fatto volontariato in moschea o difeso le cause siriane, egiziane o palestinesi. Peccato per\u00f2 che le cose non stanno esattamente cos\u00ec e chiunque si occupa seriamente di sicurezza ha bene in mente alcuni elementi: 1- Estremismo e terrorismo non sono sinonimi. L\u2019estremismo fa [&hellip;]<\/p>\n&nbsp;&nbsp;<div class=\"readmore\"><a href=\"https:\/\/blog.ilgiornale.it\/giacalone\/2016\/05\/03\/centri-islamici-perche-olivier-roy-sbaglia\/\">Continua a leggere...<\/a><\/div><\/p>","protected":false},"author":1073,"featured_media":99,"comment_status":"open","ping_status":"closed","sticky":false,"template":"","format":"standard","meta":[],"categories":[13905,99935,100512,100509],"tags":[100505,40772,100503,100502,82],"_links":{"self":[{"href":"https:\/\/blog.ilgiornale.it\/giacalone\/wp-json\/wp\/v2\/posts\/98"}],"collection":[{"href":"https:\/\/blog.ilgiornale.it\/giacalone\/wp-json\/wp\/v2\/posts"}],"about":[{"href":"https:\/\/blog.ilgiornale.it\/giacalone\/wp-json\/wp\/v2\/types\/post"}],"author":[{"embeddable":true,"href":"https:\/\/blog.ilgiornale.it\/giacalone\/wp-json\/wp\/v2\/users\/1073"}],"replies":[{"embeddable":true,"href":"https:\/\/blog.ilgiornale.it\/giacalone\/wp-json\/wp\/v2\/comments?post=98"}],"version-history":[{"count":5,"href":"https:\/\/blog.ilgiornale.it\/giacalone\/wp-json\/wp\/v2\/posts\/98\/revisions"}],"predecessor-version":[{"id":109,"href":"https:\/\/blog.ilgiornale.it\/giacalone\/wp-json\/wp\/v2\/posts\/98\/revisions\/109"}],"wp:featuredmedia":[{"embeddable":true,"href":"https:\/\/blog.ilgiornale.it\/giacalone\/wp-json\/wp\/v2\/media\/99"}],"wp:attachment":[{"href":"https:\/\/blog.ilgiornale.it\/giacalone\/wp-json\/wp\/v2\/media?parent=98"}],"wp:term":[{"taxonomy":"category","embeddable":true,"href":"https:\/\/blog.ilgiornale.it\/giacalone\/wp-json\/wp\/v2\/categories?post=98"},{"taxonomy":"post_tag","embeddable":true,"href":"https:\/\/blog.ilgiornale.it\/giacalone\/wp-json\/wp\/v2\/tags?post=98"}],"curies":[{"name":"wp","href":"https:\/\/api.w.org\/{rel}","templated":true}]}}