{"id":3138,"date":"2023-09-09T20:47:15","date_gmt":"2023-09-09T20:47:15","guid":{"rendered":"https:\/\/blog.ilgiornale.it\/giannoni\/?p=3138"},"modified":"2023-09-11T14:26:57","modified_gmt":"2023-09-11T14:26:57","slug":"lilli-gruber-murgia-gli-ambienti-omofobi-e-la-sintonia-con-hamas","status":"publish","type":"post","link":"https:\/\/blog.ilgiornale.it\/giannoni\/2023\/09\/09\/lilli-gruber-murgia-gli-ambienti-omofobi-e-la-sintonia-con-hamas\/","title":{"rendered":"Lilli Gruber, Michela Murgia, gli &#8220;ambienti omofobi&#8221; e la sintonia con Hamas"},"content":{"rendered":"<div>Usare l&#8217;immagine di <strong>Michela Murgia<\/strong>, farne un &#8220;santino&#8221; (laico, o non solo, vista l&#8217;insistenza sulla sua &#8220;teologia&#8221; e il paragone con Sant&#8217;Agostino proposto da Dacia Maraini).<\/div>\n<div><\/div>\n<div>Idolatrare la scrittrice scomparsa un mese fa esatto, e utilizzare la sua figura per promuovere le proprie idee e posizioni.<\/div>\n<div>Anche <strong>Lilli Gruber<\/strong> si cimenta con questo &#8220;genere&#8221; che molti altri hanno sperimentato di recente, e lo fa &#8211; anche lei &#8211; andando molto al di l\u00e0 di quella che era la reale dimensione ideologica della scrittrice sarda, ovviamente discutibile come quella di molti altri &#8220;intellettuali&#8221;.<\/div>\n<div><\/div>\n<div>Lo fa, la celebre conduttrice di &#8220;Otto e mezzo&#8221; su La 7 (torner\u00e0 in video l&#8217;11), con un articolo appena pubblicato su &#8220;Sette&#8221; del Corriere, intitolato appunto &#8220;<em>Violenza e societ\u00e0, ci\u00f2 che Michela Murgia (forse) avrebbe scritto sapendo da che parte stare<\/em>&#8220;.<\/div>\n<div><\/div>\n<div>Sempre azzardato, e anche parecchio, \u00e8 il tentativo di dichiarare cosa avrebbe detto o fatto, o pensato, chi purtroppo non c&#8217;\u00e8 pi\u00f9. Ma tant&#8217;\u00e8: Gruber ci prova, aggiungendo solo un precauzionale &#8220;forse&#8221;.<\/div>\n<div><\/div>\n<div>E, dunque, cosa fa dire &#8211; &#8220;forse&#8221; &#8211; alla Murgia? Le fa dire cose impegnative, e indubbiamente anche verosimili.<\/div>\n<div><\/div>\n<div>&#8220;<em>Avrebbe per esempio ricordato &#8211; <\/em>risponde Gruber a una lettrice, rispondendo anche a se stessa <em>&#8211; che un alto militare non pu\u00f2 propagare idee omofobe, xenofobe, e denunciato la tolleranza verso chi sta sdoganando tesi aberranti e fanatiche che avvelenano sempre di pi\u00f9 il discorso pubblico, e quindi la convivenza civile<\/em>&#8220;.<\/div>\n<div><\/div>\n<div>Le fa dire, insomma, qualcosa che va contro il generale <strong>Roberto Vannacci<\/strong> &#8211; e vabb\u00e8 &#8211; e anche contro <strong>Andrea Giambruno<\/strong> (e quindi contro <strong>Giorgia Meloni<\/strong>).<\/div>\n<div><\/div>\n<div>Parte, Gruber, da &#8220;<em>orribili fatti di cronaca che certificano un intollerabile aumento di ferocia, aggressivit\u00e0, ingiurie nel nostro disastrato Paese<\/em>&#8220;.\u00a0E mette insieme &#8220;<em>gli stupri di gruppo a Palermo e Caivano, le parole inammissibili del generale Vannacci e quelle del cantante Morgan, le uscite irricevibili del compagno della Meloni, Giambruno, e del cognato della premier, Lollobrigida. Per citare solo alcuni episodi<\/em>&#8220;.<\/div>\n<div>Episodi molto molto diversi, che per\u00f2 pone sullo stesso piano.<\/div>\n<div><\/div>\n<div>La scrittrice &#8211; assicura ancora Gruber &#8211; avrebbe &#8220;<em>sottolineato che di fronte agli aberranti casi di gang rape anche contro ragazzine di 11-12 anni, il fidanzato della presidente del Consiglio, conduttore di Mediaset, dovrebbe vergognarsi per i suoi \u201cconsigli\u201d alle ragazze-vittime, &#8220;se eviti di ubriacarti eviti anche di incontrare il lupo<\/em>&#8220;. &#8220;<em>Avrebbe sottolineato &#8211;<\/em> garantisce<em> &#8211; la cultura maschilista e sessista che impera ancora in troppi ambienti, a fronte di una flebile sanzione politica e sociale<\/em>&#8220;.<\/div>\n<div><\/div>\n<div>&#8220;Troppi ambienti&#8221; ancora maschilisti e sessisti.<\/div>\n<div><\/div>\n<div>E siamo al dunque. Siamo a una controprova rilevante, in termini di coerenza.<\/div>\n<div>La domanda \u00e8 questa: cosa pensa Gruber di Hamas?<\/div>\n<div><\/div>\n<div>S\u00ec, Hamas, che quanto a maschilismo \u00e8 uno degli ambienti peggiori al mondo.<\/div>\n<div>Sezione palestinese dei Fratelli musulmani, Hamas &#8211; che per statuto vuole distruggere Israele &#8211; si segnala probabilmente come una delle organizzazioni pi\u00f9 orrendamente omofobe e misogine (nonch\u00e9 antisemite) del mondo, ed considerata come sigla terroristica da Unione europea e Stati uniti, oltre che dalla stessa Israele.<\/div>\n<div><\/div>\n<div>Gruber lo sa?<\/div>\n<div><\/div>\n<div><a href=\"https:\/\/blog.ilgiornale.it\/giannoni\/files\/2023\/09\/murgihamas.jpg\"><img loading=\"lazy\" class=\"alignnone size-thumbnail wp-image-3143\" src=\"https:\/\/blog.ilgiornale.it\/giannoni\/files\/2023\/09\/murgihamas-150x150.jpg\" alt=\"\" width=\"150\" height=\"150\" \/><\/a><\/div>\n<div><\/div>\n<div>Giusto chiederselo, perch\u00e9 cosa pensava Murgia invece lo sappiamo bene, in questo caso. Lo sappiamo perch\u00e9 con un&#8217;incredibile uscita di poco pi\u00f9 di un anno fa, la scrittrice sarda si era dichiarata d&#8217;accordo con Hamas sulla questione israelo-palestinese.<\/div>\n<div><\/div>\n<div>Mentre stava \u00abpulendo la cartella delle immagini\u00bb nel telefono &#8211; infatti &#8211; lo raccont\u00f2 lei stessa sui social, <span style=\"color: #000000\">Murgia<\/span> aveva trovato un vecchio &#8220;screenshot&#8221;, di cui si dichiar\u00f2 &#8220;ancora fiera&#8221;. E lo fece sapere a tutti pubblicandolo. Nella conversazione resa pubblica, <span style=\"color: #000000\">Murgia<\/span> rispondeva a un suo interlocutore (un amico o amica, si presume) che sollecitava un suo giudizio sulla questione israele-palestinese, premettendo quanto fosse complessa: &#8220;Non \u00e8 affatto complicato &#8211; replic\u00f2 sicura &#8211; La penso come Hamas&#8221;. &#8220;Stai scherzando?&#8221; la incalz\u00f2 comprensibilmente l&#8217;interlocutore. &#8220;Non scherzo mai su Gaza&#8221; chiuse solenne la scrittrice.<\/div>\n<div><\/div>\n<div>&#8220;<em>Pensarla come Hamas &#8211; <\/em>reag\u00ec incredula la presidente della Comunit\u00e0 ebraica di Roma <strong>Ruth Dureghello<\/strong> <em>&#8211; significa sostenere il terrorismo islamista, volere lo sterminio degli ebrei, la sottomissione delle donne e la lapidazione degli omosessuali. \u00c8 gravissimo ed incomprensibile che Michela\u00a0 <span style=\"color: #000000\">Murgia<\/span> possa sostenere queste tesi inaccettabili e intrise di odio<\/em>&#8220;.<\/div>\n<div><\/div>\n<div>Murgia non c&#8217;\u00e8 pi\u00f9, purtroppo non pu\u00f2 avere la possibilit\u00e0 di rivedere quella frase sciagurata.<\/div>\n<div><\/div>\n<div><strong>Gruber<\/strong> invece potrebbe far sapere cosa ne pensa, a proposito.<\/div>\n<div><\/div>\n","protected":false},"excerpt":{"rendered":"<p><p>Usare l&#8217;immagine di Michela Murgia, farne un &#8220;santino&#8221; (laico, o non solo, vista l&#8217;insistenza sulla sua &#8220;teologia&#8221; e il paragone con Sant&#8217;Agostino proposto da Dacia Maraini). Idolatrare la scrittrice scomparsa un mese fa esatto, e utilizzare la sua figura per promuovere le proprie idee e posizioni. Anche Lilli Gruber si cimenta con questo &#8220;genere&#8221; che molti altri hanno sperimentato di recente, e lo fa &#8211; anche lei &#8211; andando molto al di l\u00e0 di quella che era la reale dimensione ideologica della scrittrice sarda, ovviamente discutibile come quella di molti altri &#8220;intellettuali&#8221;. Lo fa, la celebre conduttrice di &#8220;Otto e [&hellip;]<\/p>\n&nbsp;&nbsp;<div class=\"readmore\"><a href=\"https:\/\/blog.ilgiornale.it\/giannoni\/2023\/09\/09\/lilli-gruber-murgia-gli-ambienti-omofobi-e-la-sintonia-con-hamas\/\">Continua a leggere...<\/a><\/div><\/p>","protected":false},"author":1024,"featured_media":0,"comment_status":"open","ping_status":"closed","sticky":false,"template":"","format":"standard","meta":[],"categories":[247],"tags":[],"_links":{"self":[{"href":"https:\/\/blog.ilgiornale.it\/giannoni\/wp-json\/wp\/v2\/posts\/3138"}],"collection":[{"href":"https:\/\/blog.ilgiornale.it\/giannoni\/wp-json\/wp\/v2\/posts"}],"about":[{"href":"https:\/\/blog.ilgiornale.it\/giannoni\/wp-json\/wp\/v2\/types\/post"}],"author":[{"embeddable":true,"href":"https:\/\/blog.ilgiornale.it\/giannoni\/wp-json\/wp\/v2\/users\/1024"}],"replies":[{"embeddable":true,"href":"https:\/\/blog.ilgiornale.it\/giannoni\/wp-json\/wp\/v2\/comments?post=3138"}],"version-history":[{"count":8,"href":"https:\/\/blog.ilgiornale.it\/giannoni\/wp-json\/wp\/v2\/posts\/3138\/revisions"}],"predecessor-version":[{"id":3148,"href":"https:\/\/blog.ilgiornale.it\/giannoni\/wp-json\/wp\/v2\/posts\/3138\/revisions\/3148"}],"wp:attachment":[{"href":"https:\/\/blog.ilgiornale.it\/giannoni\/wp-json\/wp\/v2\/media?parent=3138"}],"wp:term":[{"taxonomy":"category","embeddable":true,"href":"https:\/\/blog.ilgiornale.it\/giannoni\/wp-json\/wp\/v2\/categories?post=3138"},{"taxonomy":"post_tag","embeddable":true,"href":"https:\/\/blog.ilgiornale.it\/giannoni\/wp-json\/wp\/v2\/tags?post=3138"}],"curies":[{"name":"wp","href":"https:\/\/api.w.org\/{rel}","templated":true}]}}