{"id":3182,"date":"2024-02-07T14:44:54","date_gmt":"2024-02-07T14:44:54","guid":{"rendered":"https:\/\/blog.ilgiornale.it\/giannoni\/?p=3182"},"modified":"2024-02-07T14:55:29","modified_gmt":"2024-02-07T14:55:29","slug":"sala-batte-un-colpo-hamas-vuole-uccidere-gli-ebrei-la-vicinanza-a-israele-e-missione-di-milano","status":"publish","type":"post","link":"https:\/\/blog.ilgiornale.it\/giannoni\/2024\/02\/07\/sala-batte-un-colpo-hamas-vuole-uccidere-gli-ebrei-la-vicinanza-a-israele-e-missione-di-milano\/","title":{"rendered":"Sala batte un colpo: &#8220;Hamas vuole uccidere gli ebrei, Israele faro di democrazia&#8221;"},"content":{"rendered":"<p>&#8220;La nostra citt\u00e0 ha una storica amicizia con Israele. Promuovere la vicinanza a Israele \u00e8 una missione di tutta Milano&#8221;. Non sono parole di rito quelle che <strong>il sindaco di Milano, Giuseppe Sala,<\/strong> ha rivolto alla <strong>Associazione milanese Pro Israele<\/strong>. Molto pi\u00f9 che un saluto, quello che \u00e8 arrivato da Palazzo Marino ai filo-israeliani. Un messaggio che assume un particolare rilievo politico, dopo le polemiche dei mesi scorsi, quando il sindaco \u00e8 stato criticato e addirittura fischiato con l&#8217;accusa di essere freddo o addirittura indifferente alla causa dello Stato ebraico, comprensibilmente cara alla Comunit\u00e0 degli ebrei milanesi.<\/p>\n<p><a href=\"https:\/\/blog.ilgiornale.it\/giannoni\/files\/2024\/02\/sala.jpg\"><img loading=\"lazy\" class=\"alignnone size-thumbnail wp-image-3186\" src=\"https:\/\/blog.ilgiornale.it\/giannoni\/files\/2024\/02\/sala-150x150.jpg\" alt=\"\" width=\"150\" height=\"150\" \/><\/a><\/p>\n<p>L&#8217;associazione\u00a0 guidata dal<strong> presidente Alessandro Litta Modignani<\/strong>, si \u00e8 riunita nei giorni scorsi, rieleggendo il presidente. E Sala, come l&#8217;ambasciatore d&#8217;Israele, ha inviato un messaggio. Come lo stesso primo cittadino ha ammesso, non poteva essere solo un saluto, un &#8220;buon lavoro&#8221; o\u00a0 un &#8220;riconoscimento per la vostra attivit\u00e0&#8221; come \u00e8 stato negli anni passati. &#8220;Il 7 ottobre Hamas &#8211;\u00a0 <strong>ha riconosciuto Sala<\/strong> &#8211; ha compiuto il pi\u00f9 grave eccidio di civili nella storia di Israele; dopo quell&#8217;orrore \u00e8 riemerso un evidente antisemitismo che pervade questo momento storico&#8221;.<\/p>\n<p>&#8220;La nostra citt\u00e0, l\u2019Italia e tutta l\u2019Europa &#8211; ha detto Sala &#8211; devono fare di pi\u00f9 per fermare la crescente ondata d\u2019odio e razzismo che nega al popolo ebraico il diritto ad aver uno Stato, a difendersi e a vivere in pace. Un\u2019aspirazione comune a quella di qualsiasi altro Nazione, contrastata dai terroristi di Hamas. Milano, Medaglia d\u2019Oro della Resistenza, rifiuta qualsiasi analogia tra un\u2019organizzazione fondata per cancellare Israele e uccidere gli ebrei, e i partigiani che combattevano per riportare libert\u00e0 e democrazia in Italia&#8221;.<\/p>\n<p>&#8220;La nostra citt\u00e0 &#8211; ha aggiunto Sala &#8211; ha una storica amicizia con Israele. Milano s\u2019\u00e8, parzialmente, riscattata dalla incancellabile colpa di aver contribuito al genocidio nazista grazie al suo appoggio all\u2019Aaliyah di migliaia di ebrei, organizzata nei locali della Sinagoga di va Unione 5 subito dopo la fine della Seconda Guerra Mondiale. Dal 1997 siamo gemellati con Tel Aviv. Come a ogni buon amico possiamo rivolger critiche a Israele, ma respingiamo qualsiasi forma di odio verso un Paese faro di libert\u00e0 e democrazia in Medio Oriente&#8221;.<\/p>\n<p>&#8220;Promuovere la vicinanza a Israele \u00e8 una missione di tutta Milano &#8211; ha concluso Sala &#8211; e a nome dell\u2019Amministrazione ringrazio il Presidente Litta Modignani e il suo gruppo di lavoro per quest&#8217;attivit\u00e0. L\u2019associazione milanese Pro Israele svolge un compito chiave in questo momento storico di ritorno dell\u2019antisemitismo e di assalto degli autoritarismi nazionali alle democrazie. Sono sicuro che dal vostro congresso di oggi, impreziosito dalla testimonianza della giornalista Sharon Nizza, arriveranno idee e progetti in grado di rinsaldare il nostro legame con Israele&#8221;.<\/p>\n<p><a href=\"https:\/\/blog.ilgiornale.it\/giannoni\/files\/2024\/02\/litta.jpg\"><img loading=\"lazy\" class=\"alignnone size-thumbnail wp-image-3187\" src=\"https:\/\/blog.ilgiornale.it\/giannoni\/files\/2024\/02\/litta-150x150.jpg\" alt=\"\" width=\"150\" height=\"150\" srcset=\"https:\/\/blog.ilgiornale.it\/giannoni\/files\/2024\/02\/litta-150x150.jpg 150w, https:\/\/blog.ilgiornale.it\/giannoni\/files\/2024\/02\/litta-300x300.jpg 300w, https:\/\/blog.ilgiornale.it\/giannoni\/files\/2024\/02\/litta.jpg 399w\" sizes=\"(max-width: 150px) 100vw, 150px\" \/><\/a><\/p>\n<p>&#8220;Un messaggio degno di grande attenzione&#8221; <strong>lo definisce Litta Modignani<\/strong>, ringraziando pubblicamente il sindaco di Milano &#8220;per il segnale lanciato a tutta la politica cittadina&#8221;.<\/p>\n<p>&#8220;\u00c8 giusto sottolineare &#8211; nota Litta &#8211; che Sala non si \u00e8 limitato a stigmatizzare il pogrom del 7 ottobre, ma ha condannato l&#8217;ondata di odio e razzismo che ne \u00e8 seguita e che &#8216;nega al popolo ebraico il diritto ad avere uno Stato, a difendersi e a vivere in pace&#8217;. Si tratta di parole chiare, non usuali e niente affatto scontate, anche in considerazione del clima di ostilit\u00e0 verso Israele che serpeggia in una parte della sinistra milanese&#8221;. &#8220;Anche respingere l&#8217;accostamento offensivo fra Hamas e la Resistenza al nazifascismo &#8211; aggiunge Litta &#8211; e definire Israele &#8216;far\u00f2 di libert\u00e0 e democrazia in Medio Oriente&#8217;, dimostra il coraggio e la fermezza di Giuseppe Sala in questa circostanza&#8221;.<\/p>\n<p>&nbsp;<\/p>\n<p>&nbsp;<\/p>\n","protected":false},"excerpt":{"rendered":"<p><p>&#8220;La nostra citt\u00e0 ha una storica amicizia con Israele. Promuovere la vicinanza a Israele \u00e8 una missione di tutta Milano&#8221;. Non sono parole di rito quelle che il sindaco di Milano, Giuseppe Sala, ha rivolto alla Associazione milanese Pro Israele. Molto pi\u00f9 che un saluto, quello che \u00e8 arrivato da Palazzo Marino ai filo-israeliani. Un messaggio che assume un particolare rilievo politico, dopo le polemiche dei mesi scorsi, quando il sindaco \u00e8 stato criticato e addirittura fischiato con l&#8217;accusa di essere freddo o addirittura indifferente alla causa dello Stato ebraico, comprensibilmente cara alla Comunit\u00e0 degli ebrei milanesi. L&#8217;associazione\u00a0 guidata dal [&hellip;]<\/p>\n&nbsp;&nbsp;<div class=\"readmore\"><a href=\"https:\/\/blog.ilgiornale.it\/giannoni\/2024\/02\/07\/sala-batte-un-colpo-hamas-vuole-uccidere-gli-ebrei-la-vicinanza-a-israele-e-missione-di-milano\/\">Continua a leggere...<\/a><\/div><\/p>","protected":false},"author":1024,"featured_media":0,"comment_status":"open","ping_status":"closed","sticky":false,"template":"","format":"standard","meta":[],"categories":[247],"tags":[],"_links":{"self":[{"href":"https:\/\/blog.ilgiornale.it\/giannoni\/wp-json\/wp\/v2\/posts\/3182"}],"collection":[{"href":"https:\/\/blog.ilgiornale.it\/giannoni\/wp-json\/wp\/v2\/posts"}],"about":[{"href":"https:\/\/blog.ilgiornale.it\/giannoni\/wp-json\/wp\/v2\/types\/post"}],"author":[{"embeddable":true,"href":"https:\/\/blog.ilgiornale.it\/giannoni\/wp-json\/wp\/v2\/users\/1024"}],"replies":[{"embeddable":true,"href":"https:\/\/blog.ilgiornale.it\/giannoni\/wp-json\/wp\/v2\/comments?post=3182"}],"version-history":[{"count":5,"href":"https:\/\/blog.ilgiornale.it\/giannoni\/wp-json\/wp\/v2\/posts\/3182\/revisions"}],"predecessor-version":[{"id":3192,"href":"https:\/\/blog.ilgiornale.it\/giannoni\/wp-json\/wp\/v2\/posts\/3182\/revisions\/3192"}],"wp:attachment":[{"href":"https:\/\/blog.ilgiornale.it\/giannoni\/wp-json\/wp\/v2\/media?parent=3182"}],"wp:term":[{"taxonomy":"category","embeddable":true,"href":"https:\/\/blog.ilgiornale.it\/giannoni\/wp-json\/wp\/v2\/categories?post=3182"},{"taxonomy":"post_tag","embeddable":true,"href":"https:\/\/blog.ilgiornale.it\/giannoni\/wp-json\/wp\/v2\/tags?post=3182"}],"curies":[{"name":"wp","href":"https:\/\/api.w.org\/{rel}","templated":true}]}}