{"id":3189,"date":"2024-02-07T14:50:54","date_gmt":"2024-02-07T14:50:54","guid":{"rendered":"https:\/\/blog.ilgiornale.it\/giannoni\/?p=3189"},"modified":"2024-02-07T14:50:54","modified_gmt":"2024-02-07T14:50:54","slug":"dopo-lo-strappo-si-riapre-il-dialogo-fra-il-vaticano-e-gli-ebrei-italiani","status":"publish","type":"post","link":"https:\/\/blog.ilgiornale.it\/giannoni\/2024\/02\/07\/dopo-lo-strappo-si-riapre-il-dialogo-fra-il-vaticano-e-gli-ebrei-italiani\/","title":{"rendered":"Dopo lo strappo, si riapre il dialogo fra il Vaticano e gli ebrei italiani"},"content":{"rendered":"<div class=\"content__body typography\">\n<p>Tira aria di distensione a Roma. Dopo le tensioni dei giorni scorsi, fra il\u00a0<strong>Vaticano<\/strong>\u00a0e gli ebrei italiani si riapre finalmente uno spiraglio di dialogo. Tre giorni fa il\u00a0<strong>Papa<\/strong>\u00a0ha teso una mano, e oggi gli ebrei mostrano di aver colto l\u2019importanza del gesto. Torna un po\u2019 di sereno, dunque, anche se non sar\u00e0 facile ricucire strappi che, di colpo, erano sembrati addirittura in grado di vanificare gli enormi passi avanti compiuti nel Novecento (dal Concilio vaticano II alla storica visita di un papa, Wojtyla, nella sinagoga di Roma) riaprendo antiche ferite.<br \/>\nAl centro dei dissidi recenti, ovviamente, c\u2019era il 7 ottobre con la sua scia di dolore. I vertici della Comunit\u00e0 ebraica di Roma avevano manifestato apertamente \u00abdelusione\u00bb per le posizioni della Chiesa sulla guerra Israele-Hamas. \u00abLa Comunit\u00e0 ebraica, e non solo, \u00e8 molto delusa s\u00ec &#8211; aveva detto il rabbino capo\u00a0<strong>Riccardo Di Segni<\/strong>, in un\u2019intervista al\u00a0<em>Il Giornale<\/em>\u00a0del 22 gennaio &#8211; lo vedo anche dai commenti di questi giorni dopo il mio intervento. C\u2019\u00e8 molta delusione\u00bb. L\u2019intervento \u00e8 quello tenuto alla platea della Pontificia Universit\u00e0 Gregoriana nella giornata dedicata al dialogo tra ebrei e cattolici. Senza troppi giri di parole, infatti, Di Segni aveva parlato di \u00abun miscuglio di dichiarazioni politiche e religiose che ci hanno reso perplessi e offesi\u00bb, sottolineando le \u00abmolte contraddizioni nella Chiesa emerse dopo gli attacchi di\u00a0<strong>Hamas<\/strong>\u00a0e la\u00a0<strong>guerra a Gaza<\/strong>\u00bb. Lo ha riportato Pagine ebraiche, in un articolo del 18 gennaio, aggiungendo il riferimento alle figure che avrebbero mostrato &#8211; agli occhi dell\u2019ebraismo italiano &#8211; \u00abuna teologia regredita, un\u2019incomprensione sostanziale della situazione\u00bb. Sarebbero \u00abteologi, cardinali\u00bb, il \u00abpatriarca latino di Gerusalemme\u00bb fino ai \u00ablivelli pi\u00f9 alti del mondo cattolico\u00bb. Non una cosa da poco, dunque. Per\u00f2 lo stesso Di Segni, nell\u2019intervista, aveva manifestato anche la \u00absperanza\u00bb che la delusione fosse \u00abcompresa\u00bb e che \u00abla crisi\u00bb fosse risolta.<br \/>\nE a distanza di due settimane, il Pontefice ha scritto una lettera importante, \u00abai fratelli e alle sorelle ebrei di Israele\u00bb. Destinataria la teologa\u00a0<strong>Karma Ben Johanan<\/strong>, tra le promotrici di un appello al Pontefice sottoscritto da circa 400 tra rabbini e studiosi per il consolidamento dell\u2019amicizia ebraico-cristiana dopo la tragedia del 7 ottobre. \u00abIl percorso che la Chiesa ha avviato con voi, l\u2019antico popolo dell\u2019Alleanza &#8211; ha scritto il Papa &#8211; rifiuta ogni forma di antigiudaismo e antisemitismo, condannando inequivocabilmente le manifestazioni di odio verso gli ebrei e l\u2019ebraismo, come un peccato contro Dio\u00bb. La lettera contiene un riferimento implicito all\u2019attacco di Hamas come causa scatenante del conflitto in corso in quella che &#8211; parlando nuovamente di \u00abguerra mondiale a pezzi\u00bb il Papa, come da tradizione, chiama \u00ab<strong>Terra santa<\/strong>\u00bb, che \u00abpurtroppo &#8211; dice &#8211; non \u00e8 stata risparmiata da questo dolore, e dal 7 ottobre \u00e8 precipitata in una spirale di violenza senza precedenti\u00bb. \u00abIl mio cuore \u00e8 lacerato alla vista di quanto accade in Terra Santa, dalla potenza di tante divisioni e di tanto odio\u00bb ha detto il Papa.<\/p>\n<\/div>\n<p><a href=\"https:\/\/blog.ilgiornale.it\/giannoni\/files\/2024\/02\/alker.jpg\"><img loading=\"lazy\" class=\"alignnone size-thumbnail wp-image-3190\" src=\"https:\/\/blog.ilgiornale.it\/giannoni\/files\/2024\/02\/alker-150x150.jpg\" alt=\"\" width=\"150\" height=\"150\" \/><\/a><\/p>\n<div class=\"content__body typography\">\n<p>L\u2019iniziativa di\u00a0<strong>Bergoglio<\/strong>\u00a0\u00e8 stata vista con favore nel mondo ebraico. \u00abSono molto lieto che il Papa abbia risposto all\u2019appello per il consolidamento dell\u2019amicizia ebraico-cristiana dopo il 7 ottobre &#8211; ha commentato il presidente della Comunit\u00e0 di Milano,\u00a0<strong>Walker Meghnagi<\/strong>\u00a0&#8211; \u00c8 un inizio promettente, anche se c&#8217;\u00e8 ancora molto da fare. Rilevo con piacere che c\u2019\u00e8 il riconoscimento che il conflitto bellico di oggi nasce il 7 ottobre, che \u00e8 una implicita condanna del pogrom e il riconoscimento che da esso \u00e8 nata la guerra, causata quindi da Hamas\u00bb. \u00abInoltre &#8211; dice ancora &#8211; \u00e8 importante la sottolineatura del rifiuto di ogni forma di antigiudaismo e antisemitismo che vengono definiti \u201cpeccato contro Dio\u201d; cosa che apprezziamo poich\u00e9 negli ultimi mesi avevamo avuto diversi brutti segnali da parte di alcuni membri rilevanti del mondo della Chiesa che si erano espressi in maniera offensiva verso l&#8217;ebraismo\u00bb. \u00abInfine &#8211; prosegue il presidente &#8211; fa piacere vedere come il Papa ricordi il dramma degli ostaggi, troppo spesso dimenticati da tanti, troppi governi\u00bb.<br \/>\n\u00abTutto ci\u00f2 premesso &#8211; aggiunge &#8211; ci sono ancora alcune criticit\u00e0 da affrontare: dal riconoscimento degli stupri di massa ai danni delle donne ebree all\u2019odio antiebraico insegnato nelle scuole di Gaza (e Cisgiordania) senza dimenticare i redditi garantiti dai\u00a0<strong>governi palestinesi<\/strong>\u00a0alle famiglie dei terroristi che uccidono ebrei\u00bb. \u00abPurtroppo &#8211; conclude Meghnagi, parlando del ruolo nefasto del regime negazionista dell\u2019Iran &#8211; se non ci si impegner\u00e0 a spegnere queste fonti di odio, ogni sforzo sar\u00e0 vano e passeremo da una guerra all\u2019altra\u00bb.<\/p>\n<\/div>\n<div class=\"banner banner--spaced banner-evo\">\n<div class=\"gptslot evo-mob-btf\" data-adunitid=\"11\">\n<div id=\"gpt-slot-2\" class=\"optiload\" data-google-query-id=\"CNWgx-e8mYQDFYwAvwQd854FNw\"><\/div>\n<\/div>\n<\/div>\n","protected":false},"excerpt":{"rendered":"<p><p>Tira aria di distensione a Roma. Dopo le tensioni dei giorni scorsi, fra il\u00a0Vaticano\u00a0e gli ebrei italiani si riapre finalmente uno spiraglio di dialogo. Tre giorni fa il\u00a0Papa\u00a0ha teso una mano, e oggi gli ebrei mostrano di aver colto l\u2019importanza del gesto. Torna un po\u2019 di sereno, dunque, anche se non sar\u00e0 facile ricucire strappi che, di colpo, erano sembrati addirittura in grado di vanificare gli enormi passi avanti compiuti nel Novecento (dal Concilio vaticano II alla storica visita di un papa, Wojtyla, nella sinagoga di Roma) riaprendo antiche ferite. Al centro dei dissidi recenti, ovviamente, c\u2019era il 7 ottobre [&hellip;]<\/p>\n&nbsp;&nbsp;<div class=\"readmore\"><a href=\"https:\/\/blog.ilgiornale.it\/giannoni\/2024\/02\/07\/dopo-lo-strappo-si-riapre-il-dialogo-fra-il-vaticano-e-gli-ebrei-italiani\/\">Continua a leggere...<\/a><\/div><\/p>","protected":false},"author":1024,"featured_media":0,"comment_status":"open","ping_status":"closed","sticky":false,"template":"","format":"standard","meta":[],"categories":[247],"tags":[],"_links":{"self":[{"href":"https:\/\/blog.ilgiornale.it\/giannoni\/wp-json\/wp\/v2\/posts\/3189"}],"collection":[{"href":"https:\/\/blog.ilgiornale.it\/giannoni\/wp-json\/wp\/v2\/posts"}],"about":[{"href":"https:\/\/blog.ilgiornale.it\/giannoni\/wp-json\/wp\/v2\/types\/post"}],"author":[{"embeddable":true,"href":"https:\/\/blog.ilgiornale.it\/giannoni\/wp-json\/wp\/v2\/users\/1024"}],"replies":[{"embeddable":true,"href":"https:\/\/blog.ilgiornale.it\/giannoni\/wp-json\/wp\/v2\/comments?post=3189"}],"version-history":[{"count":1,"href":"https:\/\/blog.ilgiornale.it\/giannoni\/wp-json\/wp\/v2\/posts\/3189\/revisions"}],"predecessor-version":[{"id":3191,"href":"https:\/\/blog.ilgiornale.it\/giannoni\/wp-json\/wp\/v2\/posts\/3189\/revisions\/3191"}],"wp:attachment":[{"href":"https:\/\/blog.ilgiornale.it\/giannoni\/wp-json\/wp\/v2\/media?parent=3189"}],"wp:term":[{"taxonomy":"category","embeddable":true,"href":"https:\/\/blog.ilgiornale.it\/giannoni\/wp-json\/wp\/v2\/categories?post=3189"},{"taxonomy":"post_tag","embeddable":true,"href":"https:\/\/blog.ilgiornale.it\/giannoni\/wp-json\/wp\/v2\/tags?post=3189"}],"curies":[{"name":"wp","href":"https:\/\/api.w.org\/{rel}","templated":true}]}}