{"id":651,"date":"2021-04-04T11:26:23","date_gmt":"2021-04-04T09:26:23","guid":{"rendered":"https:\/\/blog.ilgiornale.it\/giordani\/?p=651"},"modified":"2021-04-04T11:26:23","modified_gmt":"2021-04-04T09:26:23","slug":"non-si-vede-la-luce-in-fondo-al-tunnel-purtroppo","status":"publish","type":"post","link":"https:\/\/blog.ilgiornale.it\/giordani\/2021\/04\/04\/non-si-vede-la-luce-in-fondo-al-tunnel-purtroppo\/","title":{"rendered":"Non si vede la luce in fondo al tunnel, purtroppo"},"content":{"rendered":"<p>Uno potrebbe confortarsi nel pensare che, nonostante i divieti assurdi e la mancanza di libert\u00e0, dopotutto si possa vedere la luce in fondo al tunnel. E invece non \u00e8 cos\u00ec. Vedete il caso del Regno Unito: nonostante il trend del virus lass\u00f9 sia stato simile al nostro, il Governo di Sua Maest\u00e0 ha una road map chiara, e prevede una data precisa &#8211; settimana pi\u00f9, settimana meno &#8211; per il ritorno alla completa normalit\u00e0. In Italia no, si va avanti giorno per giorno, chiudendo a Pasqua per salvare qualcosa nel futuro, chiudere per riaprire, riaprire qualcosa e poi chiudere tutto, con la vaccinazione che ancora procede a singhiozzo. E&#8217; questa mancanza di una prospettiva per il ritorno alla normalit\u00e0 che sta annichilendo gli Italiani, che sta facendo piombare nella disperazione gli esercizi commerciali, e che far\u00e0 impoverire e ammalare (a livello mentale) molte persone. Io solitamente non amo quando il Governo pianifica qualcosa, ma questa volta c&#8217;\u00e8 bisogno di qualcuno che prenda parola di fronte ai giornalisti, e dica chiaramente che dal mese X si torna a vivere, punto, senza mascherine, senza distanziamento, senza nessun limite imposto dal virus. Servono nervi saldi, fermezza e coraggio, e spero sinceramente che il Premier Draghi indichi la strada con chiarezza, senza lasciarsi condizionare da troppi uccelli del malaugurio che volano sopra Palazzo Chigi.<\/p>\n","protected":false},"excerpt":{"rendered":"<p><p>Uno potrebbe confortarsi nel pensare che, nonostante i divieti assurdi e la mancanza di libert\u00e0, dopotutto si possa vedere la luce in fondo al tunnel. E invece non \u00e8 cos\u00ec. Vedete il caso del Regno Unito: nonostante il trend del virus lass\u00f9 sia stato simile al nostro, il Governo di Sua Maest\u00e0 ha una road map chiara, e prevede una data precisa &#8211; settimana pi\u00f9, settimana meno &#8211; per il ritorno alla completa normalit\u00e0. In Italia no, si va avanti giorno per giorno, chiudendo a Pasqua per salvare qualcosa nel futuro, chiudere per riaprire, riaprire qualcosa e poi chiudere tutto, [&hellip;]<\/p>\n&nbsp;&nbsp;<div class=\"readmore\"><a href=\"https:\/\/blog.ilgiornale.it\/giordani\/2021\/04\/04\/non-si-vede-la-luce-in-fondo-al-tunnel-purtroppo\/\">Continua a leggere...<\/a><\/div><\/p>","protected":false},"author":1103,"featured_media":0,"comment_status":"open","ping_status":"closed","sticky":false,"template":"","format":"standard","meta":[],"categories":[52613,35536],"tags":[391230,750,411620,5008],"_links":{"self":[{"href":"https:\/\/blog.ilgiornale.it\/giordani\/wp-json\/wp\/v2\/posts\/651"}],"collection":[{"href":"https:\/\/blog.ilgiornale.it\/giordani\/wp-json\/wp\/v2\/posts"}],"about":[{"href":"https:\/\/blog.ilgiornale.it\/giordani\/wp-json\/wp\/v2\/types\/post"}],"author":[{"embeddable":true,"href":"https:\/\/blog.ilgiornale.it\/giordani\/wp-json\/wp\/v2\/users\/1103"}],"replies":[{"embeddable":true,"href":"https:\/\/blog.ilgiornale.it\/giordani\/wp-json\/wp\/v2\/comments?post=651"}],"version-history":[{"count":1,"href":"https:\/\/blog.ilgiornale.it\/giordani\/wp-json\/wp\/v2\/posts\/651\/revisions"}],"predecessor-version":[{"id":652,"href":"https:\/\/blog.ilgiornale.it\/giordani\/wp-json\/wp\/v2\/posts\/651\/revisions\/652"}],"wp:attachment":[{"href":"https:\/\/blog.ilgiornale.it\/giordani\/wp-json\/wp\/v2\/media?parent=651"}],"wp:term":[{"taxonomy":"category","embeddable":true,"href":"https:\/\/blog.ilgiornale.it\/giordani\/wp-json\/wp\/v2\/categories?post=651"},{"taxonomy":"post_tag","embeddable":true,"href":"https:\/\/blog.ilgiornale.it\/giordani\/wp-json\/wp\/v2\/tags?post=651"}],"curies":[{"name":"wp","href":"https:\/\/api.w.org\/{rel}","templated":true}]}}