{"id":108,"date":"2016-10-10T16:39:34","date_gmt":"2016-10-10T14:39:34","guid":{"rendered":"https:\/\/blog.ilgiornale.it\/giubilei\/?p=108"},"modified":"2016-10-10T16:40:03","modified_gmt":"2016-10-10T14:40:03","slug":"la-politica-riscopra-la-cultura-conservatrice","status":"publish","type":"post","link":"https:\/\/blog.ilgiornale.it\/giubilei\/2016\/10\/10\/la-politica-riscopra-la-cultura-conservatrice\/","title":{"rendered":"La politica riscopra la cultura conservatrice"},"content":{"rendered":"<p><a href=\"https:\/\/blog.ilgiornale.it\/giubilei\/files\/2016\/10\/logo-sito.jpg\"><img loading=\"lazy\" class=\"alignnone size-medium wp-image-109\" src=\"https:\/\/blog.ilgiornale.it\/giubilei\/files\/2016\/10\/logo-sito-300x180.jpg\" alt=\"logo sito\" width=\"300\" height=\"180\" srcset=\"https:\/\/blog.ilgiornale.it\/giubilei\/files\/2016\/10\/logo-sito-300x180.jpg 300w, https:\/\/blog.ilgiornale.it\/giubilei\/files\/2016\/10\/logo-sito-1024x614.jpg 1024w, https:\/\/blog.ilgiornale.it\/giubilei\/files\/2016\/10\/logo-sito.jpg 2048w\" sizes=\"(max-width: 300px) 100vw, 300px\" \/><\/a><\/p>\n<p>In Italia, a differenza di altre nazioni come l&#8217;Inghilterra o gli Stati Uniti, il termine &#8220;conservatore&#8221; viene spesso associato ad una connotazione negativa. Nella percezione comune il conservatore \u00e8 erroneamente identificato con il reazionario, come una persona che auspica un ritorno al passato, che non accetta le novit\u00e0 e il cambiamento.<\/p>\n<p>Riprendendo\u00a0le parole di Giuseppe Prezzolini, autore de\u00a0<em>Il manifesto dei conservatori<\/em>: &#8220;il Vero Conservatore intende \u2018continuare mantenendo\u2019, e non tornare indietro e rifare esperienze fallite. Il Vero Conservatore sa che a problemi nuovi occorrono risposte nuove, ispirate a principii permanenti&#8221;.<\/p>\n<p><strong>\u00c8 innegabile che nel nostro paese siano necessarie riforme<\/strong>\u00a0che interessino vari settori della societ\u00e0: dalla politica all&#8217;economia, dalla scuola alla cultura, ma\u00a0<strong>crediamo che questi cambiamenti debbano avvenire tenendo a mente la nostra storia e le nostre tradizioni<\/strong>\u00a0senza mettere in discussione\u00a0alcuni valori insindacabili.<\/p>\n<p>Il conservatore identifica questi valori nella famiglia, nella religione, nella tutela del patrimonio storico, artistico e culturale italiano, nella nazione intesa come patria di ogni cittadino.<\/p>\n<p>Nel momento in cui, per favorire il cambiamento in nome della modernit\u00e0 viene meno la salvaguardia di tali valori, il conservatore rifiuta le novit\u00e0 poich\u00e9 \u00e8 conscio che non sempre il cambiamento coincide con un miglioramento della propria condizione.<\/p>\n<p>Se in Italia non \u00e8 mai esistito un partito conservatore per motivazioni di carattere storico,\u00a0<strong>oggi i conservatori sono pi\u00f9 che mai privi di riferimenti politici e culturali<\/strong>, perci\u00f2 \u00e8 necessario cercare di riunire un mondo ormai privo di rappresentanza.<\/p>\n<p>Credo che uno dei grandi mali del mondo conservatore nel nostro paese sia l&#8217;individualismo e la frammentariet\u00e0, perci\u00f2\u00a0<strong>\u00e8 necessario cercare sinergie, collaborazioni e fare rete<\/strong>, per questo motivo abbiamo dato vita a un nuovo progetto editoriale: &#8220;Il Conservatore&#8221; (<a href=\"http:\/\/www.ilconservatore.com\">www.ilconservatore.com<\/a>), un quotidiano online di informazione politico culturale nato con l&#8217;obiettivo di diffondere il pensiero conservatore nel nostro paese.<\/p>\n","protected":false},"excerpt":{"rendered":"<p><p>In Italia, a differenza di altre nazioni come l&#8217;Inghilterra o gli Stati Uniti, il termine &#8220;conservatore&#8221; viene spesso associato ad una connotazione negativa. Nella percezione comune il conservatore \u00e8 erroneamente identificato con il reazionario, come una persona che auspica un ritorno al passato, che non accetta le novit\u00e0 e il cambiamento. Riprendendo\u00a0le parole di Giuseppe Prezzolini, autore de\u00a0Il manifesto dei conservatori: &#8220;il Vero Conservatore intende \u2018continuare mantenendo\u2019, e non tornare indietro e rifare esperienze fallite. Il Vero Conservatore sa che a problemi nuovi occorrono risposte nuove, ispirate a principii permanenti&#8221;. \u00c8 innegabile che nel nostro paese siano necessarie riforme\u00a0che interessino [&hellip;]<\/p>\n&nbsp;&nbsp;<div class=\"readmore\"><a href=\"https:\/\/blog.ilgiornale.it\/giubilei\/2016\/10\/10\/la-politica-riscopra-la-cultura-conservatrice\/\">Continua a leggere...<\/a><\/div><\/p>","protected":false},"author":1069,"featured_media":109,"comment_status":"open","ping_status":"closed","sticky":false,"template":"","format":"standard","meta":[],"categories":[247],"tags":[84116,192241,84731],"_links":{"self":[{"href":"https:\/\/blog.ilgiornale.it\/giubilei\/wp-json\/wp\/v2\/posts\/108"}],"collection":[{"href":"https:\/\/blog.ilgiornale.it\/giubilei\/wp-json\/wp\/v2\/posts"}],"about":[{"href":"https:\/\/blog.ilgiornale.it\/giubilei\/wp-json\/wp\/v2\/types\/post"}],"author":[{"embeddable":true,"href":"https:\/\/blog.ilgiornale.it\/giubilei\/wp-json\/wp\/v2\/users\/1069"}],"replies":[{"embeddable":true,"href":"https:\/\/blog.ilgiornale.it\/giubilei\/wp-json\/wp\/v2\/comments?post=108"}],"version-history":[{"count":2,"href":"https:\/\/blog.ilgiornale.it\/giubilei\/wp-json\/wp\/v2\/posts\/108\/revisions"}],"predecessor-version":[{"id":111,"href":"https:\/\/blog.ilgiornale.it\/giubilei\/wp-json\/wp\/v2\/posts\/108\/revisions\/111"}],"wp:featuredmedia":[{"embeddable":true,"href":"https:\/\/blog.ilgiornale.it\/giubilei\/wp-json\/wp\/v2\/media\/109"}],"wp:attachment":[{"href":"https:\/\/blog.ilgiornale.it\/giubilei\/wp-json\/wp\/v2\/media?parent=108"}],"wp:term":[{"taxonomy":"category","embeddable":true,"href":"https:\/\/blog.ilgiornale.it\/giubilei\/wp-json\/wp\/v2\/categories?post=108"},{"taxonomy":"post_tag","embeddable":true,"href":"https:\/\/blog.ilgiornale.it\/giubilei\/wp-json\/wp\/v2\/tags?post=108"}],"curies":[{"name":"wp","href":"https:\/\/api.w.org\/{rel}","templated":true}]}}