{"id":398,"date":"2020-04-22T16:16:16","date_gmt":"2020-04-22T14:16:16","guid":{"rendered":"https:\/\/blog.ilgiornale.it\/giubilei\/?p=398"},"modified":"2020-04-22T16:16:40","modified_gmt":"2020-04-22T14:16:40","slug":"il-25-aprile-torniamo-in-chiesa","status":"publish","type":"post","link":"https:\/\/blog.ilgiornale.it\/giubilei\/2020\/04\/22\/il-25-aprile-torniamo-in-chiesa\/","title":{"rendered":"Il 25 aprile torniamo in Chiesa"},"content":{"rendered":"<p class=\"p1\"><a href=\"https:\/\/blog.ilgiornale.it\/giubilei\/files\/2020\/04\/Anpi-1200-690x362.jpg\"><img loading=\"lazy\" class=\"alignnone size-medium wp-image-399\" src=\"https:\/\/blog.ilgiornale.it\/giubilei\/files\/2020\/04\/Anpi-1200-690x362-300x157.jpg\" alt=\"Anpi-1200-690x362\" width=\"300\" height=\"157\" srcset=\"https:\/\/blog.ilgiornale.it\/giubilei\/files\/2020\/04\/Anpi-1200-690x362-300x157.jpg 300w, https:\/\/blog.ilgiornale.it\/giubilei\/files\/2020\/04\/Anpi-1200-690x362.jpg 690w\" sizes=\"(max-width: 300px) 100vw, 300px\" \/><\/a><\/p>\n<p class=\"p1\">Alla fine pace \u00e8 fatta. Poche ore dopo il duro comunicato dell\u2019Anpi contro il governo che in un primo momento sembrava aver vietato la partecipazione dei rappresentanti dell\u2019Associazione Nazionale Partigiani d&#8217;Italia alle celebrazioni per la Festa della Liberazione a causa delle misure restrittive in vigore per il Covid-19, \u00e8 arrivata la rettifica di Palazzo Chigi che d\u00e0 il via libera \u201cin forme compatibili con l\u2019attuale situazione di emergenza\u201d.<\/p>\n<p class=\"p1\">In un primo momento l\u2019Anpi ha parlato di misure \u201cinaccettabili\u201d che consentivano la partecipazione alle celebrazioni solo da parte del Prefetto, del Questore e dei sindaci. La posizione dell\u2019associazione era stata irremovibile: \u201cin ogni caso l\u2019Anpi parteciper\u00e0 alle celebrazioni\u201d per \u201cdare il nostro contributo affinch\u00e9 da questa pandemia l\u2019Italia e gli italiani possano uscire migliori, pi\u00f9 solidali e sereni. Non accetteremo mai per\u00f2 che, con la scusa del contenimento del contagio, si operi per\u00a0cancellare la memoria democratica del nostro Paese\u201d.<\/p>\n<p class=\"p1\">La conclusione del comunicato \u00e8 stata tranchant: \u201crifiuteremo sempre ogni tentativo di negare il valore della Resistenza e\u00a0non accetteremo mai di essere esclusi dalle celebrazioni\u00a0del 25 aprile\u201d.<\/p>\n<p class=\"p1\">La risposta del governo non si \u00e8 fatta attendere precisando che la precedente circolare inviata \u201cnon esclude in alcun modo l\u2019Anpi dalle celebrazioni del 25 Aprile\u201d ed anzi autorizza la partecipazione dei rappresentanti delle associazioni \u201cin forme compatibili con l\u2019attuale situazione di emergenza\u201d.<\/p>\n<p class=\"p1\">Una scelta legittima da parte dell&#8217;esecutivo di Conte a cui dovrebbe seguire una seconda decisione: consentire ai fedeli di tornare a partecipare alla messa in Chiesa. Sarebbe un gesto importante anche per ricordare il contributo dei partigiani bianchi e cattolici alla resistenza, oltre che un piccolo segnale di ritorno alla normalit\u00e0, sempre nell\u2019imprescindibile rispetto delle norme di sicurezza. Nel comunicato il governo ha sottolineato l\u2019importanza di ricordare il 25 aprile nella \u201cconsapevolezza del valore che questo anniversario ricopre per l\u2019Italia\u201d; la religione cattolica ha un valore innegabile nella formazione della coscienza e dell\u2019identit\u00e0 nazionale ed \u00e8 perci\u00f2 allo stesso modo giusto che i fedeli possano tornare a pregare in Chiesa rispettando le \u201cforme compatibili con l\u2019attuale situazione di emergenza\u201d.<\/p>\n<p class=\"p1\">Riaprire le Chiese alle funzioni religiose per i fedeli il 25 aprile, avrebbe un importante valore simbolico e contribuirrebbe ad essere un momento di unit\u00e0, di speranza e di democrazia sottolineando l&#8217;importanza della libert\u00e0 di culto sancita dalla nostra costituzione.<\/p>\n","protected":false},"excerpt":{"rendered":"<p><p>Alla fine pace \u00e8 fatta. Poche ore dopo il duro comunicato dell\u2019Anpi contro il governo che in un primo momento sembrava aver vietato la partecipazione dei rappresentanti dell\u2019Associazione Nazionale Partigiani d&#8217;Italia alle celebrazioni per la Festa della Liberazione a causa delle misure restrittive in vigore per il Covid-19, \u00e8 arrivata la rettifica di Palazzo Chigi che d\u00e0 il via libera \u201cin forme compatibili con l\u2019attuale situazione di emergenza\u201d. In un primo momento l\u2019Anpi ha parlato di misure \u201cinaccettabili\u201d che consentivano la partecipazione alle celebrazioni solo da parte del Prefetto, del Questore e dei sindaci. La posizione dell\u2019associazione era stata irremovibile: [&hellip;]<\/p>\n&nbsp;&nbsp;<div class=\"readmore\"><a href=\"https:\/\/blog.ilgiornale.it\/giubilei\/2020\/04\/22\/il-25-aprile-torniamo-in-chiesa\/\">Continua a leggere...<\/a><\/div><\/p>","protected":false},"author":1069,"featured_media":399,"comment_status":"open","ping_status":"closed","sticky":false,"template":"","format":"standard","meta":[],"categories":[247],"tags":[67655,171328,116,49435],"_links":{"self":[{"href":"https:\/\/blog.ilgiornale.it\/giubilei\/wp-json\/wp\/v2\/posts\/398"}],"collection":[{"href":"https:\/\/blog.ilgiornale.it\/giubilei\/wp-json\/wp\/v2\/posts"}],"about":[{"href":"https:\/\/blog.ilgiornale.it\/giubilei\/wp-json\/wp\/v2\/types\/post"}],"author":[{"embeddable":true,"href":"https:\/\/blog.ilgiornale.it\/giubilei\/wp-json\/wp\/v2\/users\/1069"}],"replies":[{"embeddable":true,"href":"https:\/\/blog.ilgiornale.it\/giubilei\/wp-json\/wp\/v2\/comments?post=398"}],"version-history":[{"count":2,"href":"https:\/\/blog.ilgiornale.it\/giubilei\/wp-json\/wp\/v2\/posts\/398\/revisions"}],"predecessor-version":[{"id":401,"href":"https:\/\/blog.ilgiornale.it\/giubilei\/wp-json\/wp\/v2\/posts\/398\/revisions\/401"}],"wp:featuredmedia":[{"embeddable":true,"href":"https:\/\/blog.ilgiornale.it\/giubilei\/wp-json\/wp\/v2\/media\/399"}],"wp:attachment":[{"href":"https:\/\/blog.ilgiornale.it\/giubilei\/wp-json\/wp\/v2\/media?parent=398"}],"wp:term":[{"taxonomy":"category","embeddable":true,"href":"https:\/\/blog.ilgiornale.it\/giubilei\/wp-json\/wp\/v2\/categories?post=398"},{"taxonomy":"post_tag","embeddable":true,"href":"https:\/\/blog.ilgiornale.it\/giubilei\/wp-json\/wp\/v2\/tags?post=398"}],"curies":[{"name":"wp","href":"https:\/\/api.w.org\/{rel}","templated":true}]}}