{"id":402,"date":"2020-04-28T10:40:41","date_gmt":"2020-04-28T08:40:41","guid":{"rendered":"https:\/\/blog.ilgiornale.it\/giubilei\/?p=402"},"modified":"2020-04-28T10:40:41","modified_gmt":"2020-04-28T08:40:41","slug":"il-sovranismo-non-e-il-male-delleuropa","status":"publish","type":"post","link":"https:\/\/blog.ilgiornale.it\/giubilei\/2020\/04\/28\/il-sovranismo-non-e-il-male-delleuropa\/","title":{"rendered":"Il sovranismo non \u00e8 il male dell&#8217;Europa"},"content":{"rendered":"<p><a href=\"https:\/\/blog.ilgiornale.it\/giubilei\/files\/2020\/04\/europa.jpg\"><img loading=\"lazy\" class=\"alignnone size-medium wp-image-403\" src=\"https:\/\/blog.ilgiornale.it\/giubilei\/files\/2020\/04\/europa-300x186.jpg\" alt=\"europa\" width=\"300\" height=\"186\" srcset=\"https:\/\/blog.ilgiornale.it\/giubilei\/files\/2020\/04\/europa-300x186.jpg 300w, https:\/\/blog.ilgiornale.it\/giubilei\/files\/2020\/04\/europa.jpg 620w\" sizes=\"(max-width: 300px) 100vw, 300px\" \/><\/a><\/p>\n<p>Intervistato a Radio 24, Silvio Berlusconi ha dichiarato che \u201cil sovranismo \u00e8 responsabile di molti dei mali che affliggono l\u2019Europa\u201d aggiungendo che \u201cper molti sovranisti \u00e8 un pretesto per allontanare il nostro paese dall\u2019Euro e dall\u2019Ue\u201d. Nella stessa intervista ha spiegato che il centrodestra \u00e8 composto da culture politiche diverse aggiungendo che Lega e FdI utilizzano un linguaggio \u201cdi una cultura politica che non ci appartiene\u201d. Poste le evidenti differenze nel posizionamento dei partiti di centrodestra in questa fase politica e la linea che, ormai da qualche anno, ha intrapreso Forza Italia discostandosi da Lega e Fratelli d\u2019Italia, sostenere che il sovranismo \u00e8 responsabile di molti mali in Europa \u00e8 sbagliato per un semplice motivo: i cosiddetti sovranisti (categoria politica peraltro difficile da definire) non sono al governo in nessuno dei principali paesi europei n\u00e9 lo sono mai stati. Imputare delle responsabilit\u00e0 a forze politiche di opposizione, lascia il tempo che trova poich\u00e9 i sovranisti non hanno mai potuto realmente impattare nei processi decisionali n\u00e9 dei singoli stati n\u00e9 soprattutto dell\u2019Unione europea. In Francia, Germania, Spagna, Svezia, non sono mai stati al governo, in Italia, se si esclude la parentesi del governo giallo-verde a maggioranza grillina, lo stesso. \u00c8 vero che i sovranisti governano in alcune nazioni dell\u2019Est Europa, ma il loro impatto nei processi decisionali dell\u2019Unione europea \u00e8 limitato ed \u00e8 noto il tentativo di marginalizzazione nei confronti dei paesi del blocco di Visegrad.<br \/>\nIl sovranismo ha senza dubbio dei limiti, sconta la mancanza di una solida base culturale e meta-politica, posizioni troppo liquide che non di rado strizzano l\u2019occhio al populismo e sotto certi punti di vista potrebbe non rappresentare la soluzione ai problemi dell\u2019Europa (a differenza del conservatorismo che \u00e8 la strada da seguire), ma accusare i sovranisti di essere responsabili dei mali dell\u2019Europa, \u00e8 una lettura dell\u2019attuale contesto politico sbagliata.<br \/>\nNon possiamo sapere se le ricette proposte dai sovranisti sarebbero state vincenti in Europa &#8211; evitando cos\u00ec di trovarci a fare i conti con un\u2019Unione europea incapace di accogliere le richieste italiane &#8211; di certo per\u00f2 chi \u00e8 responsabile degli errori che hanno permeato negli ultimi anni i processi decisionali dell\u2019Ue, \u00e8 la classe dirigente liberal e progressista che rappresenta il principale avversario politico dei sovranisti.<br \/>\nInoltre, molte delle proposte sovraniste, a partire dall\u2019importanza del concetto di nazione, hanno dimostrato la loro centralit\u00e0 durante l\u2019emergenza Coronavirus a testimonianza della necessit\u00e0 in questo momento storico di un sovranismo serio e credibile<\/p>\n","protected":false},"excerpt":{"rendered":"<p><p>Intervistato a Radio 24, Silvio Berlusconi ha dichiarato che \u201cil sovranismo \u00e8 responsabile di molti dei mali che affliggono l\u2019Europa\u201d aggiungendo che \u201cper molti sovranisti \u00e8 un pretesto per allontanare il nostro paese dall\u2019Euro e dall\u2019Ue\u201d. Nella stessa intervista ha spiegato che il centrodestra \u00e8 composto da culture politiche diverse aggiungendo che Lega e FdI utilizzano un linguaggio \u201cdi una cultura politica che non ci appartiene\u201d. Poste le evidenti differenze nel posizionamento dei partiti di centrodestra in questa fase politica e la linea che, ormai da qualche anno, ha intrapreso Forza Italia discostandosi da Lega e Fratelli d\u2019Italia, sostenere che [&hellip;]<\/p>\n&nbsp;&nbsp;<div class=\"readmore\"><a href=\"https:\/\/blog.ilgiornale.it\/giubilei\/2020\/04\/28\/il-sovranismo-non-e-il-male-delleuropa\/\">Continua a leggere...<\/a><\/div><\/p>","protected":false},"author":1069,"featured_media":403,"comment_status":"open","ping_status":"closed","sticky":false,"template":"","format":"standard","meta":[],"categories":[247],"tags":[42,191870],"_links":{"self":[{"href":"https:\/\/blog.ilgiornale.it\/giubilei\/wp-json\/wp\/v2\/posts\/402"}],"collection":[{"href":"https:\/\/blog.ilgiornale.it\/giubilei\/wp-json\/wp\/v2\/posts"}],"about":[{"href":"https:\/\/blog.ilgiornale.it\/giubilei\/wp-json\/wp\/v2\/types\/post"}],"author":[{"embeddable":true,"href":"https:\/\/blog.ilgiornale.it\/giubilei\/wp-json\/wp\/v2\/users\/1069"}],"replies":[{"embeddable":true,"href":"https:\/\/blog.ilgiornale.it\/giubilei\/wp-json\/wp\/v2\/comments?post=402"}],"version-history":[{"count":1,"href":"https:\/\/blog.ilgiornale.it\/giubilei\/wp-json\/wp\/v2\/posts\/402\/revisions"}],"predecessor-version":[{"id":404,"href":"https:\/\/blog.ilgiornale.it\/giubilei\/wp-json\/wp\/v2\/posts\/402\/revisions\/404"}],"wp:featuredmedia":[{"embeddable":true,"href":"https:\/\/blog.ilgiornale.it\/giubilei\/wp-json\/wp\/v2\/media\/403"}],"wp:attachment":[{"href":"https:\/\/blog.ilgiornale.it\/giubilei\/wp-json\/wp\/v2\/media?parent=402"}],"wp:term":[{"taxonomy":"category","embeddable":true,"href":"https:\/\/blog.ilgiornale.it\/giubilei\/wp-json\/wp\/v2\/categories?post=402"},{"taxonomy":"post_tag","embeddable":true,"href":"https:\/\/blog.ilgiornale.it\/giubilei\/wp-json\/wp\/v2\/tags?post=402"}],"curies":[{"name":"wp","href":"https:\/\/api.w.org\/{rel}","templated":true}]}}