{"id":405,"date":"2020-04-28T21:19:25","date_gmt":"2020-04-28T19:19:25","guid":{"rendered":"https:\/\/blog.ilgiornale.it\/giubilei\/?p=405"},"modified":"2020-04-28T21:19:25","modified_gmt":"2020-04-28T19:19:25","slug":"sulle-mascherine-a-050-cent-lennesimo-caos-del-governo","status":"publish","type":"post","link":"https:\/\/blog.ilgiornale.it\/giubilei\/2020\/04\/28\/sulle-mascherine-a-050-cent-lennesimo-caos-del-governo\/","title":{"rendered":"Sulle mascherine a 0,50 cent l&#8217;ennesimo caos del governo"},"content":{"rendered":"<div dir=\"auto\"><a href=\"https:\/\/blog.ilgiornale.it\/giubilei\/files\/2020\/04\/arcuri.jpg\"><img loading=\"lazy\" class=\"alignnone size-medium wp-image-406\" src=\"https:\/\/blog.ilgiornale.it\/giubilei\/files\/2020\/04\/arcuri-300x159.jpg\" alt=\"arcuri\" width=\"300\" height=\"159\" srcset=\"https:\/\/blog.ilgiornale.it\/giubilei\/files\/2020\/04\/arcuri-300x159.jpg 300w, https:\/\/blog.ilgiornale.it\/giubilei\/files\/2020\/04\/arcuri.jpg 960w\" sizes=\"(max-width: 300px) 100vw, 300px\" \/><\/a><\/div>\n<div dir=\"auto\">L\u2019ennesima dimostrazione di scarsa organizzazione del governo, \u00e8 la questione delle mascherine a 0,50 centesimi. Oggi il Commissario straordinario Arcuri ha dichiarato: \u201csu mascherine sentenze da liberisti da divano, il mercato su questi beni non deve esistere\u201d.<\/div>\n<div dir=\"auto\">Durante una pandemia che si trasmette per vie aree, le mascherine rappresentano un bene di prima necessit\u00e0 per i cittadini ed \u00e8 quindi giusto che siano fornite a un prezzo simbolico ma, nella misura annunciata da Conte e ripresa da Arcuri, ci sono alcuni problemi enormi.<\/div>\n<div dir=\"auto\">Una concezione statalista dell\u2019economia applicata ai dispositivi di protezione individuale pu\u00f2 essere giusta ma, se si vuole intraprendere questa strada, \u00e8 necessario farlo fin da subito predisponendo una produzione massiccia da parte dello Stato, anche attraverso la riconversione delle fabbriche. Nel momento in cui non lo si fa, soprattutto nei giorni pi\u00f9 gravi dell\u2019emergenza sanitaria, tornare indietro diventa molto complicato e soprattutto non pu\u00f2 avvenire attraverso un annuncio in conferenza stampa decidendo il prezzo imposto dallo Stato che interviene in un regime di libero mercato senza predisporre in precedenza un piano. La conseguenza \u00e8 stato creare ulteriore confusione; i farmacisti che solo pochi giorni fa avevano acquistato le mascherine a un prezzo pi\u00f9 alto di quello imposto per la vendita dal governo (0,90 contro 0,50), onde evitare una perdita di migliaia di euro, hanno sospeso le vendite. Cos\u00ec, i cittadini che si sono recati in farmacia per acquistare nuove mascherine, si sono sentiti rispondere di chiedere al governo o alla protezione civile rimanendone perci\u00f2 sprovvisti. Si \u00e8 poi diffusa la percezione che tutti i farmacisti, che durante l\u2019intera emergenza sanitaria sono sempre rimasti aperti anche con rischi per la loro salute, siano degli speculatori che fino ad oggi hanno venduto le mascherine a prezzi esorbitanti. In realt\u00e0, nella maggioranza dei casi, la carenza dei Dpi determinava l\u2019aumento dei prezzi a causa delle mancate forniture da parte dei produttori.<\/div>\n<div dir=\"auto\">L\u2019annuncio del prezzo fisso a 0,50 cent ha provocato anche la rivolta delle imprese; molte realt\u00e0, specialmente le pi\u00f9 piccole, non sono in grado di fornire le mascherine a un prezzo competitivo e saranno perci\u00f2 costrette a sospendere la produzione. Dal commissario Arcuri e dal governo si attendono risposte concrete, non annunci teorici che non tengono conto delle realt\u00e0 del paese e che generano ulteriore caos.<\/div>\n","protected":false},"excerpt":{"rendered":"<p><p>L\u2019ennesima dimostrazione di scarsa organizzazione del governo, \u00e8 la questione delle mascherine a 0,50 centesimi. Oggi il Commissario straordinario Arcuri ha dichiarato: \u201csu mascherine sentenze da liberisti da divano, il mercato su questi beni non deve esistere\u201d. Durante una pandemia che si trasmette per vie aree, le mascherine rappresentano un bene di prima necessit\u00e0 per i cittadini ed \u00e8 quindi giusto che siano fornite a un prezzo simbolico ma, nella misura annunciata da Conte e ripresa da Arcuri, ci sono alcuni problemi enormi. Una concezione statalista dell\u2019economia applicata ai dispositivi di protezione individuale pu\u00f2 essere giusta ma, se si vuole [&hellip;]<\/p>\n&nbsp;&nbsp;<div class=\"readmore\"><a href=\"https:\/\/blog.ilgiornale.it\/giubilei\/2020\/04\/28\/sulle-mascherine-a-050-cent-lennesimo-caos-del-governo\/\">Continua a leggere...<\/a><\/div><\/p>","protected":false},"author":1069,"featured_media":406,"comment_status":"open","ping_status":"closed","sticky":false,"template":"","format":"standard","meta":[],"categories":[247],"tags":[395719,201177],"_links":{"self":[{"href":"https:\/\/blog.ilgiornale.it\/giubilei\/wp-json\/wp\/v2\/posts\/405"}],"collection":[{"href":"https:\/\/blog.ilgiornale.it\/giubilei\/wp-json\/wp\/v2\/posts"}],"about":[{"href":"https:\/\/blog.ilgiornale.it\/giubilei\/wp-json\/wp\/v2\/types\/post"}],"author":[{"embeddable":true,"href":"https:\/\/blog.ilgiornale.it\/giubilei\/wp-json\/wp\/v2\/users\/1069"}],"replies":[{"embeddable":true,"href":"https:\/\/blog.ilgiornale.it\/giubilei\/wp-json\/wp\/v2\/comments?post=405"}],"version-history":[{"count":1,"href":"https:\/\/blog.ilgiornale.it\/giubilei\/wp-json\/wp\/v2\/posts\/405\/revisions"}],"predecessor-version":[{"id":407,"href":"https:\/\/blog.ilgiornale.it\/giubilei\/wp-json\/wp\/v2\/posts\/405\/revisions\/407"}],"wp:featuredmedia":[{"embeddable":true,"href":"https:\/\/blog.ilgiornale.it\/giubilei\/wp-json\/wp\/v2\/media\/406"}],"wp:attachment":[{"href":"https:\/\/blog.ilgiornale.it\/giubilei\/wp-json\/wp\/v2\/media?parent=405"}],"wp:term":[{"taxonomy":"category","embeddable":true,"href":"https:\/\/blog.ilgiornale.it\/giubilei\/wp-json\/wp\/v2\/categories?post=405"},{"taxonomy":"post_tag","embeddable":true,"href":"https:\/\/blog.ilgiornale.it\/giubilei\/wp-json\/wp\/v2\/tags?post=405"}],"curies":[{"name":"wp","href":"https:\/\/api.w.org\/{rel}","templated":true}]}}