{"id":93,"date":"2016-06-06T17:50:22","date_gmt":"2016-06-06T15:50:22","guid":{"rendered":"https:\/\/blog.ilgiornale.it\/giubilei\/?p=93"},"modified":"2016-06-06T17:51:23","modified_gmt":"2016-06-06T15:51:23","slug":"la-destra-italiana-e-morta-ripartiamo-da-giovani-e-cultura","status":"publish","type":"post","link":"https:\/\/blog.ilgiornale.it\/giubilei\/2016\/06\/06\/la-destra-italiana-e-morta-ripartiamo-da-giovani-e-cultura\/","title":{"rendered":"La destra italiana \u00e8 morta. Ripartiamo da giovani e cultura"},"content":{"rendered":"<p>Il voto alle amministrative non che confermato un fatto evidente ormai da tempo: la destra italiana \u00e8 morta. O meglio la destra, cos\u00ec come siamo stati abituati a concepirla negli ultimi anni &#8211; sempre che i partiti che hanno rappresentato quest&#8217;area politica e culturale nell&#8217;ultimo periodo si possano definire tali &#8211; non esiste pi\u00f9.<\/p>\n<p>Senza voler compiere un&#8217;analisi del voto di questi giorni, bisognerebbe invece soffermarsi sulle scelte realizzate negli ultimi anni che hanno fatto s\u00ec che venisse distrutto un patrimonio elettorale, politico e culturale consegnando la destra italiana all&#8217;irrilevanza.<\/p>\n<p>Decisioni nate dalla mancanza di una visione politica pi\u00f9 ampia, legate all&#8217;attaccamento alla poltrona, allo scambio di favori piuttosto che a un progetto unitario da coltivare nel tempo per far cresce una generazione in grado di conservare e trasmettere valori che oggi rischiano di scomparire insieme alle forze politiche che avrebbero dovuto rappresentarli.<\/p>\n<p>Cosa rimane della destra italiana? L&#8217;eredita politica lasciata alle future generazioni \u00e8 pressoch\u00e9 nulla, un&#8217;ampia frammentazione, nessun vero partito di riferimento ma tante realt\u00e0 disunite tra loro e in competizione, spesso a spartirsi manciate di voti che non fanno che accrescere la disaffezione dei cittadini e degli elettori.<\/p>\n<p>Perci\u00f2 l&#8217;unica strada da seguire per il futuro \u00e8 ripartire dalla cultura, da quell&#8217;insieme di valori che accomunano un mondo, da quelle idee, suggestioni, riferimenti che, nonostante tutto, fungono ancora da collante.<\/p>\n<p>Occorre per\u00f2 che sia una nuova generazione di giovani a farsi portatrice di questi valori, mai come oggi a destra si sente l&#8217;esigenza di volti nuovi, di giovani preparati e in grado di ricostruire un mondo che deve e vuole essere ancora rappresentato.<\/p>\n<p><a href=\"http:\/\/www.twitter.com\/francescogiub\">@francescogiub<\/a><\/p>\n","protected":false},"excerpt":{"rendered":"<p><p>Il voto alle amministrative non che confermato un fatto evidente ormai da tempo: la destra italiana \u00e8 morta. O meglio la destra, cos\u00ec come siamo stati abituati a concepirla negli ultimi anni &#8211; sempre che i partiti che hanno rappresentato quest&#8217;area politica e culturale nell&#8217;ultimo periodo si possano definire tali &#8211; non esiste pi\u00f9. Senza voler compiere un&#8217;analisi del voto di questi giorni, bisognerebbe invece soffermarsi sulle scelte realizzate negli ultimi anni che hanno fatto s\u00ec che venisse distrutto un patrimonio elettorale, politico e culturale consegnando la destra italiana all&#8217;irrilevanza. Decisioni nate dalla mancanza di una visione politica pi\u00f9 ampia, [&hellip;]<\/p>\n&nbsp;&nbsp;<div class=\"readmore\"><a href=\"https:\/\/blog.ilgiornale.it\/giubilei\/2016\/06\/06\/la-destra-italiana-e-morta-ripartiamo-da-giovani-e-cultura\/\">Continua a leggere...<\/a><\/div><\/p>","protected":false},"author":1069,"featured_media":0,"comment_status":"open","ping_status":"closed","sticky":false,"template":"","format":"standard","meta":[],"categories":[247],"tags":[89,46775],"_links":{"self":[{"href":"https:\/\/blog.ilgiornale.it\/giubilei\/wp-json\/wp\/v2\/posts\/93"}],"collection":[{"href":"https:\/\/blog.ilgiornale.it\/giubilei\/wp-json\/wp\/v2\/posts"}],"about":[{"href":"https:\/\/blog.ilgiornale.it\/giubilei\/wp-json\/wp\/v2\/types\/post"}],"author":[{"embeddable":true,"href":"https:\/\/blog.ilgiornale.it\/giubilei\/wp-json\/wp\/v2\/users\/1069"}],"replies":[{"embeddable":true,"href":"https:\/\/blog.ilgiornale.it\/giubilei\/wp-json\/wp\/v2\/comments?post=93"}],"version-history":[{"count":3,"href":"https:\/\/blog.ilgiornale.it\/giubilei\/wp-json\/wp\/v2\/posts\/93\/revisions"}],"predecessor-version":[{"id":97,"href":"https:\/\/blog.ilgiornale.it\/giubilei\/wp-json\/wp\/v2\/posts\/93\/revisions\/97"}],"wp:attachment":[{"href":"https:\/\/blog.ilgiornale.it\/giubilei\/wp-json\/wp\/v2\/media?parent=93"}],"wp:term":[{"taxonomy":"category","embeddable":true,"href":"https:\/\/blog.ilgiornale.it\/giubilei\/wp-json\/wp\/v2\/categories?post=93"},{"taxonomy":"post_tag","embeddable":true,"href":"https:\/\/blog.ilgiornale.it\/giubilei\/wp-json\/wp\/v2\/tags?post=93"}],"curies":[{"name":"wp","href":"https:\/\/api.w.org\/{rel}","templated":true}]}}