{"id":1000,"date":"2020-03-16T17:01:09","date_gmt":"2020-03-16T16:01:09","guid":{"rendered":"https:\/\/blog.ilgiornale.it\/iannone\/?p=1000"},"modified":"2020-03-16T17:01:09","modified_gmt":"2020-03-16T16:01:09","slug":"identitas-fede-e-scienza-emanuele-franz-chiama-a-raccolta-i-grandi-del-pensiero","status":"publish","type":"post","link":"https:\/\/blog.ilgiornale.it\/iannone\/2020\/03\/16\/identitas-fede-e-scienza-emanuele-franz-chiama-a-raccolta-i-grandi-del-pensiero\/","title":{"rendered":"Identitas Fede e Scienza. Emanuele Franz chiama a raccolta i grandi del pensiero"},"content":{"rendered":"<p style=\"padding-left: 210px\">\n<p style=\"padding-left: 210px\"><a href=\"https:\/\/blog.ilgiornale.it\/iannone\/files\/2020\/03\/cccccc.jpg\"><img loading=\"lazy\" class=\"alignleft size-medium wp-image-1001\" src=\"https:\/\/blog.ilgiornale.it\/iannone\/files\/2020\/03\/cccccc-213x300.jpg\" alt=\"cccccc\" width=\"213\" height=\"300\" srcset=\"https:\/\/blog.ilgiornale.it\/iannone\/files\/2020\/03\/cccccc-213x300.jpg 213w, https:\/\/blog.ilgiornale.it\/iannone\/files\/2020\/03\/cccccc-729x1024.jpg 729w, https:\/\/blog.ilgiornale.it\/iannone\/files\/2020\/03\/cccccc.jpg 750w\" sizes=\"(max-width: 213px) 100vw, 213px\" \/><\/a><\/p>\n<p style=\"padding-left: 210px\">\n<p style=\"padding-left: 210px\">\n<p style=\"padding-left: 210px\">\n<p style=\"padding-left: 210px\">\n<p style=\"padding-left: 210px\">\n<p style=\"padding-left: 210px\">\n<p style=\"padding-left: 210px\">\n<p style=\"padding-left: 210px\">\n<p style=\"padding-left: 210px\">L\u2019evento, ideato, diretto e organizzato dal filosofo, scrittore e poeta friulano Emanuele Franz, inizialmente previsto per il 31 marzo al teatro Palamostre di Udine, avr\u00e0 comunque ragione di essere sotto forma di video conferenza mondiale, e consultabile attraverso il canale Youtube della associazione culturale -Identitas Clara-, fondata e presieduta dallo stesso Franz.<\/p>\n<p style=\"padding-left: 210px\">Sar\u00e0 visionabile allo stesso giorno e alla stessa ora previsti, 31 marzo alle ore 16.00 sul canale Youtube e sulla pagina Facebook della associazione Identitas Clara.<\/p>\n<p style=\"padding-left: 210px\">Il video-convegno, che comprende ben diciotto interventi complessivi da sei nazionalit\u00e0 differenti, con quattro Premi Nobel coinvolti, avr\u00e0 luogo in ogni caso perch\u00e9, secondo le volont\u00e0 dell\u2019ideatore e direttore artistico Emanuele Franz: \u00ab\u00e8 proprio in un frangente drammatico come questo che c\u2019\u00e8 maggior necessit\u00e0 di un dialogo fra Fede e Scienza e sono altres\u00ec convinto che \u00e8 proprio in momenti come questi che non deve venir meno il confronto, la ricerca, il dialogo, ma, soprattutto, l\u2019intelligenza e la conoscenza. \u00c8 per questo che ho deciso di non venir meno al mio proposito e fare comunque il Convegno, perch\u00e9 le Idee trascendono le circostanze, non mutano e non vengono meno nemmeno di fronte a difficolt\u00e0 drammatiche\u00bb.<\/p>\n<p style=\"padding-left: 210px\">L\u2019evento, patrocinato e promosso dal Comune di Udine, e dal Consiglio Regionale del Friuli Venezia Giulia, comprende gli interventi e i contributi di: <strong>Sua Santit\u00e0 il<\/strong> <strong>Dalai Lama<\/strong>, <strong>Noam Chomsky, Alain de Benoist, Marcello Veneziani, Reinhold Messner, Angelo Branduardi, Piergiorgio Odifreddi, Mons. Guido Genero, Antonino Zichichi, l\u2019On Gian Luigi Gigli, Urgyen Norbu Rinpoche, Vittorio Sgarbi, Vito Mancuso, Guido Tonelli, Don Alessio Geretti, <\/strong>i Premi Nobel: <strong>Werner Arber<\/strong>, <strong>Brian Josephson<\/strong>, <strong>Steven Weinberg<\/strong>, e il premio Pulitzer \u00a0<strong>Douglas Hofstadter.<\/strong><\/p>\n<p style=\"padding-left: 210px\">Si pu\u00f2 avere informazioni sul\u2019evento contattando il direttore Artistico Emanuele Franz attraverso l\u2019email identitasclara@gmail.com<\/p>\n<p style=\"padding-left: 210px\">\n<p style=\"padding-left: 210px\"><a href=\"https:\/\/blog.ilgiornale.it\/iannone\/files\/2020\/03\/bbbbbb.jpg\"><img loading=\"lazy\" class=\"alignleft size-medium wp-image-1002\" src=\"https:\/\/blog.ilgiornale.it\/iannone\/files\/2020\/03\/bbbbbb-190x300.jpg\" alt=\"bbbbbb\" width=\"190\" height=\"300\" srcset=\"https:\/\/blog.ilgiornale.it\/iannone\/files\/2020\/03\/bbbbbb-190x300.jpg 190w, https:\/\/blog.ilgiornale.it\/iannone\/files\/2020\/03\/bbbbbb-650x1024.jpg 650w, https:\/\/blog.ilgiornale.it\/iannone\/files\/2020\/03\/bbbbbb.jpg 668w\" sizes=\"(max-width: 190px) 100vw, 190px\" \/><\/a><\/p>\n<p style=\"padding-left: 210px\">\n<p style=\"padding-left: 210px\">\n","protected":false},"excerpt":{"rendered":"<p><p>L\u2019evento, ideato, diretto e organizzato dal filosofo, scrittore e poeta friulano Emanuele Franz, inizialmente previsto per il 31 marzo al teatro Palamostre di Udine, avr\u00e0 comunque ragione di essere sotto forma di video conferenza mondiale, e consultabile attraverso il canale Youtube della associazione culturale -Identitas Clara-, fondata e presieduta dallo stesso Franz. Sar\u00e0 visionabile allo stesso giorno e alla stessa ora previsti, 31 marzo alle ore 16.00 sul canale Youtube e sulla pagina Facebook della associazione Identitas Clara. Il video-convegno, che comprende ben diciotto interventi complessivi da sei nazionalit\u00e0 differenti, con quattro Premi Nobel coinvolti, avr\u00e0 luogo in ogni caso [&hellip;]<\/p>\n&nbsp;&nbsp;<div class=\"readmore\"><a href=\"https:\/\/blog.ilgiornale.it\/iannone\/2020\/03\/16\/identitas-fede-e-scienza-emanuele-franz-chiama-a-raccolta-i-grandi-del-pensiero\/\">Continua a leggere...<\/a><\/div><\/p>","protected":false},"author":1086,"featured_media":0,"comment_status":"open","ping_status":"closed","sticky":false,"template":"","format":"standard","meta":[],"categories":[247],"tags":[17484,372723],"_links":{"self":[{"href":"https:\/\/blog.ilgiornale.it\/iannone\/wp-json\/wp\/v2\/posts\/1000"}],"collection":[{"href":"https:\/\/blog.ilgiornale.it\/iannone\/wp-json\/wp\/v2\/posts"}],"about":[{"href":"https:\/\/blog.ilgiornale.it\/iannone\/wp-json\/wp\/v2\/types\/post"}],"author":[{"embeddable":true,"href":"https:\/\/blog.ilgiornale.it\/iannone\/wp-json\/wp\/v2\/users\/1086"}],"replies":[{"embeddable":true,"href":"https:\/\/blog.ilgiornale.it\/iannone\/wp-json\/wp\/v2\/comments?post=1000"}],"version-history":[{"count":1,"href":"https:\/\/blog.ilgiornale.it\/iannone\/wp-json\/wp\/v2\/posts\/1000\/revisions"}],"predecessor-version":[{"id":1003,"href":"https:\/\/blog.ilgiornale.it\/iannone\/wp-json\/wp\/v2\/posts\/1000\/revisions\/1003"}],"wp:attachment":[{"href":"https:\/\/blog.ilgiornale.it\/iannone\/wp-json\/wp\/v2\/media?parent=1000"}],"wp:term":[{"taxonomy":"category","embeddable":true,"href":"https:\/\/blog.ilgiornale.it\/iannone\/wp-json\/wp\/v2\/categories?post=1000"},{"taxonomy":"post_tag","embeddable":true,"href":"https:\/\/blog.ilgiornale.it\/iannone\/wp-json\/wp\/v2\/tags?post=1000"}],"curies":[{"name":"wp","href":"https:\/\/api.w.org\/{rel}","templated":true}]}}