{"id":1056,"date":"2020-07-13T18:43:46","date_gmt":"2020-07-13T16:43:46","guid":{"rendered":"https:\/\/blog.ilgiornale.it\/iannone\/?p=1056"},"modified":"2020-07-13T18:44:22","modified_gmt":"2020-07-13T16:44:22","slug":"luomo-a-cui-sussurravano-i-potenti","status":"publish","type":"post","link":"https:\/\/blog.ilgiornale.it\/iannone\/2020\/07\/13\/luomo-a-cui-sussurravano-i-potenti\/","title":{"rendered":"L\u2019uomo a cui sussurravano i potenti."},"content":{"rendered":"<p style=\"padding-left: 120px\">A volte, bastano due indizi per fare una prova. Due sciapi e banali indizi. Capita raramente quando si parla di scuola, universit\u00e0, cultura perch\u00e9 quello \u00e8 un campo minato in cui si vaga tra il sofisticato e il burocratese ed \u00e8 difficile venirne fuori. Di certo, il binomio Azzolina-Manfredi non prometteva nulla di buono sin dall\u2019inizio, cosicch\u00e9 i fatti di queste ultime settimane non fanno che confermare i cattivi auspici sulla compagine di governo e su taluni suoi rappresentanti.<\/p>\n<p style=\"padding-left: 120px\">Del ministro Azzolina sappiamo tutto o molto, ma vorremmo saperne poco o nulla. Di Gaetano Manfredi, ministro dell\u2019Universit\u00e0, gi\u00e0 rettore della Federico II e Presidente della Conferenza dei Rettori Universitari italiani, non si segnalavano sbavature dal momento che nessuno si era accorto della sua presenza al ministero. Alcuni mesi fa, si era segnalato per aver stigmatizzato chi parlava di baronie e di caste universitarie. E gi\u00e0 qui, si aprirebbe un dibattito infinito per tirarci fuori dalle secche di queste miserie e per non restare impelagati nella surreale scrittura manfrediana di una realt\u00e0 nota a tutti&#8230; tranne che a lui.<\/p>\n<p style=\"padding-left: 120px\">Salta ora alla ribalta per una intervista rilasciata al <em>Mattino<\/em> e su un tema che tocca, pesantemente e nel profondo, le famiglie di migliaia di studenti e si intreccia con la condizione generale, sociale ed economica, con le prospettive della scuola italiana di ogni ordine e grado ma, soprattutto, con il tema della libert\u00e0, inteso nel suo senso pi\u00f9 ampio e universale.<\/p>\n<p style=\"padding-left: 120px\">Alcuni atenei del Sud hanno infatti ideato una sorta di piano per riportare gli studenti fuori-sede nelle loro citt\u00e0 di provenienza. Tutto questo attraverso l\u2019azzeramento delle tasse universitarie o, almeno, una loro forte riduzione. In prima fila, la Regione Puglia che, per il prossimo anno accademico, pare abbia deciso una iscrizione a costo zero per gli immatricolati fuori regione. Stesso discorso per la Sicilia, che prevederebbe un incentivo di 1200 euro per coloro i quali decidono di rientrare; e cos\u00ec per la Basilicata che applicherebbe, invece, il 50% di sconto per chi si iscrive per l\u2019anno 2020-2021.<\/p>\n<p style=\"padding-left: 120px\">Una scelta che sta mobilitando i rettori del Nord i quali, oggi, come gradita sorpresa hanno trovato sotto l\u2019albero l\u2019endorsement di Manfredi che tira in ballo \u00abil principio di diseguaglianza\u00bb e il fatto che taluni siano \u00ablontani da una logica di uniformit\u00e0 nazionale\u00bb; e poi continua, asserendo che le scelte delle universit\u00e0 del Sud non sono \u00abin sintonia con la visione di un sistema nazionale e non mi trover\u00e0 concorde. Se si garantiscono delle facilitazioni, vanno stabiliti criteri con cui realizzarle: devono essere generaliste, offerte a tutti e non valide soltanto per alcuni. Questo \u00e8 il mio punto di vista. Certo, poi \u00e8 da tener conto che queste misure sono state fatte dalle Regioni che hanno una titolarit\u00e0 nel diritto allo studio, ed essendo delle iniziative regionali, non sono di mia competenza\u00bb.<\/p>\n<p style=\"padding-left: 120px\">A legger bene, tutto e il contrario di tutto in poche righe. Tuttavia, ci\u00f2 che pare evidente \u00e8 che egli mantenga ferma, almeno in linea generale e teorica, la sua prossimit\u00e0 con le posizioni dei Rettori del Nord che non vogliono perdere studenti ma soprattutto quella legittima mole di denaro che, grazie a loro, va in circolo in tutte le citt\u00e0 universitarie, le alimenta e produce economia a trecentosessanta gradi.<\/p>\n<p style=\"padding-left: 120px\">Di cosa si tratta? Di sudditanza ideologica o di altro tipo? Saranno i prossimi giorni a svelarci quale percorso avr\u00e0 preso questa vicenda. Qui, per\u00f2, oltre al fatto che nessuno voglia riproporre stantii campanilismi tra terroni e polentoni, alcune cose non tornano. Innanzitutto, dal governo di Roma e dagli organi di stampa che ogni giorno gli lisciano il pelo, si continua con una certa ossessiva e macabra lamentazione a ripetere che, in autunno, dovrebbe calare sulle nostre teste questa mannaia, pestifera e stramaledetta, della \u201cseconda ondata\u201d. E allora, se cos\u00ec fosse, non si capisce per quale motivo verrebbe impedito a migliaia di studenti, di tornare al Sud, decidendo per un cambio radicale di strategia. In fondo, stanno definendo le coordinate del loro futuro e lo stanno facendo con i risparmi familiari e con gli stipendi dei genitori&#8230; stipendi che si vanno sempre pi\u00f9 contraendo.<\/p>\n<p style=\"padding-left: 120px\">Un altro motivo per avviare questa conversione strategica senza conflitti di sorta dovrebbe essere dettato dalla carenza di aule. In tutti questi mesi non \u00e8 stato sciolto alcun nodo neppure su questo versante. Non \u00e8 stato fatto per i ragazzi delle superiori, per quelli delle medie e delle elementari ma nemmeno per tante facolt\u00e0 universitarie. La presenza in contemporanea di studenti e di docenti con la mancanza di distanziamenti idonei smentirebbe tutto quanto detto da sei mesi a questa parte.<\/p>\n<p style=\"padding-left: 120px\">C\u2019\u00e8 poi la questione non meno rilevante (anzi, fondamentale) delle precarie condizioni economiche di molte famiglie. L\u2019intervista del ministro ha scosso molti genitori che trovandosi in cassa integrazione, in procinto di perdere il lavoro (o che l\u2019hanno gi\u00e0 perso) si stanno mobilitando affinch\u00e9 queste agevolazioni (o come altro si vogliano chiamare) diventino atto concreto. Si possa, attraverso di esse, permettere a decine di migliaia di giovani di poter far ritorno alle proprie residenze originarie, in questo modo dando un minimo di sollievo alla condizione economica familiare e, al contempo, mantenendo inalterato il sacrosanto diritto allo studio.<\/p>\n","protected":false},"excerpt":{"rendered":"<p><p>A volte, bastano due indizi per fare una prova. Due sciapi e banali indizi. Capita raramente quando si parla di scuola, universit\u00e0, cultura perch\u00e9 quello \u00e8 un campo minato in cui si vaga tra il sofisticato e il burocratese ed \u00e8 difficile venirne fuori. Di certo, il binomio Azzolina-Manfredi non prometteva nulla di buono sin dall\u2019inizio, cosicch\u00e9 i fatti di queste ultime settimane non fanno che confermare i cattivi auspici sulla compagine di governo e su taluni suoi rappresentanti. Del ministro Azzolina sappiamo tutto o molto, ma vorremmo saperne poco o nulla. Di Gaetano Manfredi, ministro dell\u2019Universit\u00e0, gi\u00e0 rettore della [&hellip;]<\/p>\n&nbsp;&nbsp;<div class=\"readmore\"><a href=\"https:\/\/blog.ilgiornale.it\/iannone\/2020\/07\/13\/luomo-a-cui-sussurravano-i-potenti\/\">Continua a leggere...<\/a><\/div><\/p>","protected":false},"author":1086,"featured_media":0,"comment_status":"open","ping_status":"closed","sticky":false,"template":"","format":"standard","meta":[],"categories":[247],"tags":[],"_links":{"self":[{"href":"https:\/\/blog.ilgiornale.it\/iannone\/wp-json\/wp\/v2\/posts\/1056"}],"collection":[{"href":"https:\/\/blog.ilgiornale.it\/iannone\/wp-json\/wp\/v2\/posts"}],"about":[{"href":"https:\/\/blog.ilgiornale.it\/iannone\/wp-json\/wp\/v2\/types\/post"}],"author":[{"embeddable":true,"href":"https:\/\/blog.ilgiornale.it\/iannone\/wp-json\/wp\/v2\/users\/1086"}],"replies":[{"embeddable":true,"href":"https:\/\/blog.ilgiornale.it\/iannone\/wp-json\/wp\/v2\/comments?post=1056"}],"version-history":[{"count":2,"href":"https:\/\/blog.ilgiornale.it\/iannone\/wp-json\/wp\/v2\/posts\/1056\/revisions"}],"predecessor-version":[{"id":1058,"href":"https:\/\/blog.ilgiornale.it\/iannone\/wp-json\/wp\/v2\/posts\/1056\/revisions\/1058"}],"wp:attachment":[{"href":"https:\/\/blog.ilgiornale.it\/iannone\/wp-json\/wp\/v2\/media?parent=1056"}],"wp:term":[{"taxonomy":"category","embeddable":true,"href":"https:\/\/blog.ilgiornale.it\/iannone\/wp-json\/wp\/v2\/categories?post=1056"},{"taxonomy":"post_tag","embeddable":true,"href":"https:\/\/blog.ilgiornale.it\/iannone\/wp-json\/wp\/v2\/tags?post=1056"}],"curies":[{"name":"wp","href":"https:\/\/api.w.org\/{rel}","templated":true}]}}