{"id":1094,"date":"2020-09-19T12:39:03","date_gmt":"2020-09-19T10:39:03","guid":{"rendered":"https:\/\/blog.ilgiornale.it\/iannone\/?p=1094"},"modified":"2020-09-19T12:39:03","modified_gmt":"2020-09-19T10:39:03","slug":"il-discorso-dei-fiumi-di-sangue","status":"publish","type":"post","link":"https:\/\/blog.ilgiornale.it\/iannone\/2020\/09\/19\/il-discorso-dei-fiumi-di-sangue\/","title":{"rendered":"Il Discorso dei \u201cFiumi di sangue&#8221;"},"content":{"rendered":"<p><img loading=\"lazy\" class=\"alignleft size-medium wp-image-1095\" src=\"https:\/\/blog.ilgiornale.it\/iannone\/files\/2020\/09\/fdgdfagd-187x300.jpg\" alt=\"\" width=\"187\" height=\"300\" srcset=\"https:\/\/blog.ilgiornale.it\/iannone\/files\/2020\/09\/fdgdfagd-187x300.jpg 187w, https:\/\/blog.ilgiornale.it\/iannone\/files\/2020\/09\/fdgdfagd-637x1024.jpg 637w, https:\/\/blog.ilgiornale.it\/iannone\/files\/2020\/09\/fdgdfagd.jpg 688w\" sizes=\"(max-width: 187px) 100vw, 187px\" \/><\/p>\n<p>&nbsp;<\/p>\n<p>&nbsp;<\/p>\n<p>&nbsp;<\/p>\n<p style=\"padding-left: 240px\"><em>Esce nei prossimi giorni, per i tipi di Italia Storica,<\/em> <strong>Il Discorso dei \u201cFiumi di sangue\u201d<\/strong> <em>di Enoch Powell, \u00abil pi\u00f9 rovente atto d\u2019accusa contro l\u2019immigrazione di massa e la sostituzione dei popoli mai fatto da un politico conservatore occidentale\u00bb. <\/em><\/p>\n<p style=\"padding-left: 240px\"><em>Il volume \u00e8 impreziosito da uno scritto di Maurizio Serra e dalla prefazione di Davide Olla che, di seguito, proponiamo<\/em><\/p>\n<p style=\"padding-left: 160px;text-align: center\">***<\/p>\n<p style=\"padding-left: 160px\">\n<p style=\"padding-left: 240px\">\u201c<em>Enoch was Right<\/em>\u201d. Ancora oggi si trovano in commercio delle spillette con questo slogan spesso sovrapposto alla bandiera Britannica o Inglese, questo a pi\u00f9 di cinquant\u2019anni dal discorso che sferz\u00f2 il Regno Unito con una profezia che sembrava gi\u00e0 allora troppo scomodamente plausibile.<\/p>\n<p style=\"padding-left: 240px\">\u201c<em>Enoch was Right<\/em>\u201d \u00e8 anche il titolo di un libro uscito proprio nel 2018, in occasione del cinquantenario da quando le parole di Enoch Powell risuonarono nell\u2019etere. Scritto da Raheem Kassam, un autore musulmano di origine indiane che aveva gi\u00e0 denunciato la frammentazione e le tensioni crescenti nella societ\u00e0 Britannica nel suo precedente libro dall\u2019eloquente titolo \u201c<em>No Go Zones: How ShariahLaw is Coming to a Neighborhood Near You<\/em>\u201d(2017), con la prefazione di Nigel Farage, il politico che di fatto ha portato all\u2019uscita del Regno Unito dalla UE.<\/p>\n<p style=\"padding-left: 240px\">Un\u2019ampia intervista allo stesso leader del Brexit Party \u00e8 contenuta anche nell\u2019ultima opera di Kassam. Toccando ogni aspetto dell\u2019attuale situazione demografica, analizzando le statistiche sulla criminalit\u00e0, il grado di integrazione\/interazione percepito e reale tra le varie eterogenee comunit\u00e0 che compongono la societ\u00e0 britannica, la conclusione del libro di Raheem Kassamsembra proprio rimandare al titolo: Enoch aveva ragione.<\/p>\n<p style=\"padding-left: 240px\">Ci sarebbe materiale per disquisire su Enoch Powell, questa figura-chiave della politica inglese, per giorni: dalle sue posizioni sulla crisi nordirlandese all\u2019avvento della Thatcher, alla guerra delle Falkland. O del fatto che ebbe la dubbia soddisfazione di vedere quanto il discorso \u201c<em>Rivers of Blood<\/em>\u201d fosse stato profetico:nei primi anni \u201980, infatti, iniziarono le prime pesantissime rivolte razziali a Bristol, Birmingham e Londra (Brixton, Notting Hill).<\/p>\n<p style=\"padding-left: 240px\">Enoch non era n\u00e9 un bieco razzista, non aveva simpatie per i Fascismi (che ha combattuto in prima persona), non era uno snob sciovinista e bigotto dell\u2019<em>upper class <\/em>ma uno dei figli pi\u00f9 brillanti della spesso bistrattata <em>working class<\/em>. Aveva \u201csolo\u201d la cultura, l\u2019intelligenza, la visuale ed il coraggio di avvisare i suoi compatrioti che si stava andando nella direzione sbagliata e di battersi apertamente e con ogni forza perch\u00e9 ci\u00f2 non si avverasse. Ha ragionato ed agito in base ad una qualit\u00e0 che era largamente diffusa tra i britannici e che ora \u00e8 merce sempre pi\u00f9 rara, di fronte al <em>politically correct<\/em> ed alla perversa ideologia immigrazionista ed i suoi nuovi dogmi: il <em>common sense<\/em>.<\/p>\n<p style=\"padding-left: 240px\">Son passati un altro paio di anni e i quartieri inglesi dove la legge islamica si applica de facto sono aumentati: cartelloni pubblicitari \u201csconvenienti\u201d sono regolarmente censurati da giovani salafiti. Ragazze in abbigliamento \u201cnon consono\u201d vengono insultate o aggredite.<\/p>\n<p style=\"padding-left: 240px\">Non dimentichiamo poi che in Inghilterra le corti islamiche che applicano la Shari\u2019a in materia di dispute e contenziosi civili sono legali da tempo. Sull\u2019onda delle rivolte etniche del <em>Black Lives Matter <\/em>(BLM) originate negli Stati Uniti, abbiamo poi visto milizie paramilitari sfilare in uniforme nel quartiere nero di Brixton (senza che fosse effettuato neanche un fermo), manifestanti BLM e Antifa abbattere statue ma anche gruppi di nazionalisti o ex militari schierarsi a proteggerle con conseguenti scontri.<\/p>\n<p style=\"padding-left: 240px\">Nel frattempo \u00e8 diventato endemico lo sbarco di immigrati clandestini sulle coste del Kent e del Sussex, dove si \u00e8 arrivati ad intercettarne svariate centinaia al giorno. E gi\u00e0 ci sono echi di tensioni importanti tra cittadini esasperati (varie dimostrazioni sono ricorrenti sia nelle cittadine costiere sia nei luoghi dove i clandestini vengono alloggiati). Il tutto in un quadro reso ancora pi\u00f9 esplosivo dall\u2019emergenza pandemica e da una Brexit traumatica e senza accordi.<\/p>\n<p style=\"padding-left: 240px\">Insomma pare proprio che \u201c<em>Enoch was (absolutely!) right<\/em>\u201d. Anche se avremmo preferito il contrario. Ora l\u2019unica cosa da fare \u00e8 riconoscerlo e agire di conseguenza. <em>With a bit of common sense<\/em>.<\/p>\n","protected":false},"excerpt":{"rendered":"<p><p>&nbsp; &nbsp; &nbsp; Esce nei prossimi giorni, per i tipi di Italia Storica, Il Discorso dei \u201cFiumi di sangue\u201d di Enoch Powell, \u00abil pi\u00f9 rovente atto d\u2019accusa contro l\u2019immigrazione di massa e la sostituzione dei popoli mai fatto da un politico conservatore occidentale\u00bb. Il volume \u00e8 impreziosito da uno scritto di Maurizio Serra e dalla prefazione di Davide Olla che, di seguito, proponiamo *** \u201cEnoch was Right\u201d. Ancora oggi si trovano in commercio delle spillette con questo slogan spesso sovrapposto alla bandiera Britannica o Inglese, questo a pi\u00f9 di cinquant\u2019anni dal discorso che sferz\u00f2 il Regno Unito con una profezia [&hellip;]<\/p>\n&nbsp;&nbsp;<div class=\"readmore\"><a href=\"https:\/\/blog.ilgiornale.it\/iannone\/2020\/09\/19\/il-discorso-dei-fiumi-di-sangue\/\">Continua a leggere...<\/a><\/div><\/p>","protected":false},"author":1086,"featured_media":0,"comment_status":"open","ping_status":"closed","sticky":false,"template":"","format":"standard","meta":[],"categories":[247],"tags":[372770,372769,1312],"_links":{"self":[{"href":"https:\/\/blog.ilgiornale.it\/iannone\/wp-json\/wp\/v2\/posts\/1094"}],"collection":[{"href":"https:\/\/blog.ilgiornale.it\/iannone\/wp-json\/wp\/v2\/posts"}],"about":[{"href":"https:\/\/blog.ilgiornale.it\/iannone\/wp-json\/wp\/v2\/types\/post"}],"author":[{"embeddable":true,"href":"https:\/\/blog.ilgiornale.it\/iannone\/wp-json\/wp\/v2\/users\/1086"}],"replies":[{"embeddable":true,"href":"https:\/\/blog.ilgiornale.it\/iannone\/wp-json\/wp\/v2\/comments?post=1094"}],"version-history":[{"count":1,"href":"https:\/\/blog.ilgiornale.it\/iannone\/wp-json\/wp\/v2\/posts\/1094\/revisions"}],"predecessor-version":[{"id":1096,"href":"https:\/\/blog.ilgiornale.it\/iannone\/wp-json\/wp\/v2\/posts\/1094\/revisions\/1096"}],"wp:attachment":[{"href":"https:\/\/blog.ilgiornale.it\/iannone\/wp-json\/wp\/v2\/media?parent=1094"}],"wp:term":[{"taxonomy":"category","embeddable":true,"href":"https:\/\/blog.ilgiornale.it\/iannone\/wp-json\/wp\/v2\/categories?post=1094"},{"taxonomy":"post_tag","embeddable":true,"href":"https:\/\/blog.ilgiornale.it\/iannone\/wp-json\/wp\/v2\/tags?post=1094"}],"curies":[{"name":"wp","href":"https:\/\/api.w.org\/{rel}","templated":true}]}}