{"id":26,"date":"2016-05-27T07:54:42","date_gmt":"2016-05-27T05:54:42","guid":{"rendered":"https:\/\/blog.ilgiornale.it\/iannone\/?p=26"},"modified":"2016-05-27T07:54:42","modified_gmt":"2016-05-27T05:54:42","slug":"la-costituzione-dei-morti-viventi","status":"publish","type":"post","link":"https:\/\/blog.ilgiornale.it\/iannone\/2016\/05\/27\/la-costituzione-dei-morti-viventi\/","title":{"rendered":"La Costituzione dei morti viventi."},"content":{"rendered":"<p>Sulla riforma costituzionale si sono espressi tutti; per interposta persona financo i morti. Eh s\u00ec, di questi tempi i cadaveri fanno tendenza. Prime e seconde fila della politica sono riuscite a decifrare prima Berlinguer, poi i partigiani, i padri costituenti, Terracini, la Iotti e chiss\u00e0 se si fermeranno.<\/p>\n<p>Io per\u00f2 continuo a non fidarmi degli interpreti dilettanti. Urge seduta spiritica fatta da cultori del settore per sapere cosa ne pensano dall\u2019altra parte dell\u2019Acheronte. E allora chi meglio di Romano Prodi? Ovunque sia, richiamatelo perch\u00e9 \u00e8 del ramo. Se ne intende di tavolini rotondi che ballano e carte che si spostano. Poi, come sempre, negher\u00e0 tutto, ma nel frattempo dategli pieni poteri almeno per una volta.<\/p>\n<p>C\u2019\u00e8 bisogno di mettere la parola fine a questo florilegio di richiami simil-esoterici. Urgono professionisti seri che mettano fine alle chiacchiere e nel guazzabuglio imperante l\u2019unico che non improvvisi \u00e8 il professore bolognese.<\/p>\n<p>Gi\u00e0 la Costituzione vigente \u00e8 nata male. Fu lascito del conflitto mondiale e della guerra civile. Nacque da milioni di morti e da un incesto obbligato con i comunisti. Eppure, anche nei pi\u00f9 piccoli intarsi e negli oscuri codicilli, sembra avere oggi una forza morale intrinseca. Pur con molte sbavature, i dettami catto-comunisti hanno retto i colpi per mezzo secolo.<\/p>\n<p>Ora avrebbe bisogno di una rinnovata lucentezza ma questa Carta riformata appare come un rimedio peggiore del male. Ad \u2018intestarsela\u2019 vorrebbe essere una classe politica che, dalle prime schermaglie dialettiche, pare interessata ad una rivisitazione del Necronomicon nel momento in cui assume come testimonial persone trapassate a miglior vita da almeno un trentennio. Lo scenario infatti \u00e8 chiaro: siamo di fronte ad una classe dirigente esanime che chiama in causa i defunti. Perci\u00f2, ad ottobre, nel caso vincano i \u2018S\u00ec\u2019, assisteremo ad una sorta di parto post-mortem.<\/p>\n<p>Potrebbe essere solo la giusta nemesi per una generazione che \u201cnon ha passato e non avr\u00e0 futuro\u201d e, pensando di rivolgersi allo spirito dei morti, sta inavvertitamente assaporando lo Spirito dei tempi. Oppure, pi\u00f9 prosaicamente, potrebbe trattarsi solo di alcol allo stato puro e non di Spirito.<a href=\"https:\/\/blog.ilgiornale.it\/iannone\/files\/2016\/05\/seduta-spiritica.jpg\"><img loading=\"lazy\" class=\"alignnone size-medium wp-image-27\" src=\"https:\/\/blog.ilgiornale.it\/iannone\/files\/2016\/05\/seduta-spiritica-300x183.jpg\" alt=\"seduta-spiritica\" width=\"300\" height=\"183\" srcset=\"https:\/\/blog.ilgiornale.it\/iannone\/files\/2016\/05\/seduta-spiritica-300x183.jpg 300w, https:\/\/blog.ilgiornale.it\/iannone\/files\/2016\/05\/seduta-spiritica.jpg 622w\" sizes=\"(max-width: 300px) 100vw, 300px\" \/><\/a><\/p>\n","protected":false},"excerpt":{"rendered":"<p><p>Sulla riforma costituzionale si sono espressi tutti; per interposta persona financo i morti. Eh s\u00ec, di questi tempi i cadaveri fanno tendenza. Prime e seconde fila della politica sono riuscite a decifrare prima Berlinguer, poi i partigiani, i padri costituenti, Terracini, la Iotti e chiss\u00e0 se si fermeranno. Io per\u00f2 continuo a non fidarmi degli interpreti dilettanti. Urge seduta spiritica fatta da cultori del settore per sapere cosa ne pensano dall\u2019altra parte dell\u2019Acheronte. E allora chi meglio di Romano Prodi? Ovunque sia, richiamatelo perch\u00e9 \u00e8 del ramo. Se ne intende di tavolini rotondi che ballano e carte che si spostano. [&hellip;]<\/p>\n&nbsp;&nbsp;<div class=\"readmore\"><a href=\"https:\/\/blog.ilgiornale.it\/iannone\/2016\/05\/27\/la-costituzione-dei-morti-viventi\/\">Continua a leggere...<\/a><\/div><\/p>","protected":false},"author":1086,"featured_media":0,"comment_status":"open","ping_status":"closed","sticky":false,"template":"","format":"standard","meta":[],"categories":[64],"tags":[16228,11993,171705,17923,8162,172026],"_links":{"self":[{"href":"https:\/\/blog.ilgiornale.it\/iannone\/wp-json\/wp\/v2\/posts\/26"}],"collection":[{"href":"https:\/\/blog.ilgiornale.it\/iannone\/wp-json\/wp\/v2\/posts"}],"about":[{"href":"https:\/\/blog.ilgiornale.it\/iannone\/wp-json\/wp\/v2\/types\/post"}],"author":[{"embeddable":true,"href":"https:\/\/blog.ilgiornale.it\/iannone\/wp-json\/wp\/v2\/users\/1086"}],"replies":[{"embeddable":true,"href":"https:\/\/blog.ilgiornale.it\/iannone\/wp-json\/wp\/v2\/comments?post=26"}],"version-history":[{"count":1,"href":"https:\/\/blog.ilgiornale.it\/iannone\/wp-json\/wp\/v2\/posts\/26\/revisions"}],"predecessor-version":[{"id":28,"href":"https:\/\/blog.ilgiornale.it\/iannone\/wp-json\/wp\/v2\/posts\/26\/revisions\/28"}],"wp:attachment":[{"href":"https:\/\/blog.ilgiornale.it\/iannone\/wp-json\/wp\/v2\/media?parent=26"}],"wp:term":[{"taxonomy":"category","embeddable":true,"href":"https:\/\/blog.ilgiornale.it\/iannone\/wp-json\/wp\/v2\/categories?post=26"},{"taxonomy":"post_tag","embeddable":true,"href":"https:\/\/blog.ilgiornale.it\/iannone\/wp-json\/wp\/v2\/tags?post=26"}],"curies":[{"name":"wp","href":"https:\/\/api.w.org\/{rel}","templated":true}]}}