{"id":279,"date":"2017-01-26T12:14:05","date_gmt":"2017-01-26T11:14:05","guid":{"rendered":"https:\/\/blog.ilgiornale.it\/iannone\/?p=279"},"modified":"2017-01-26T12:14:05","modified_gmt":"2017-01-26T11:14:05","slug":"cara-sindaca-raggi","status":"publish","type":"post","link":"https:\/\/blog.ilgiornale.it\/iannone\/2017\/01\/26\/cara-sindaca-raggi\/","title":{"rendered":"Cara sindaca Raggi"},"content":{"rendered":"<p>&nbsp;<\/p>\n<p>&nbsp;<\/p>\n<p><a href=\"https:\/\/blog.ilgiornale.it\/iannone\/files\/2017\/01\/virgi2.jpg\"><img loading=\"lazy\" class=\"alignnone size-full wp-image-280\" src=\"https:\/\/blog.ilgiornale.it\/iannone\/files\/2017\/01\/virgi2.jpg\" alt=\"virgi2\" width=\"800\" height=\"996\" srcset=\"https:\/\/blog.ilgiornale.it\/iannone\/files\/2017\/01\/virgi2.jpg 800w, https:\/\/blog.ilgiornale.it\/iannone\/files\/2017\/01\/virgi2-241x300.jpg 241w\" sizes=\"(max-width: 800px) 100vw, 800px\" \/><\/a><\/p>\n<p>&nbsp;<\/p>\n<p>Cara sindaca Raggi,<\/p>\n<p>l\u2019invito a comparire dinanzi ai magistrati della Procura di Roma le \u00e8 arrivato dopo che, per settimane, ne hanno parlato e scritto tutti mentre, solo lei, con sorrisino da finta ingenua, fingeva di non sapere. E, in verit\u00e0, ancora adesso non abbiamo capito se questa maschera pirandelliana indossata fin dalla sua discesa in campo \u00e8 una sorta di protezione, di schermo difensivo per via di una mal celata timidezza o un ghigno da astuta neo-politicante. Ma tutto ci\u00f2, poco attiene alle vicende di queste ore e quindi arriviamo subito al nocciolo.<\/p>\n<p>Lei ora sminuisce la questione e fa bene. Non \u00e8 un terzo grado di giudizio, un mandato di cattura internazionale, un arresto per spaccio di droga o chiss\u00e0 cosa. Piuttosto si tratta di un chiarimento che dovr\u00e0 dare alle autorit\u00e0 giudiziarie; niente di pi\u00f9, niente di meno. E perci\u00f2 le auguriamo che tutto vada per il meglio anche perch\u00e9 una nuova campagna elettorale sarebbe deleteria per la capitale d&#8217;Italia e sopratutto per decine di migliaia di cittadini romani che, ne siamo certi, a quel punto andrebbero ad infoltire i reparti della neuro di parecchi ospedali.<\/p>\n<p>Sommessamente le ricordiamo che, in altri tempi, per abuso d&#8217;ufficio e falso,<strong>\u00a0<\/strong>le ipotesi di reato a lei contestate, sarebbero scesi in piazza migliaia di suoi sodali \u2018duri e puri\u2019. Il <em>Fatto Quotidiano<\/em>\u00a0avrebbe costruito una snervante campagna mediatica e i vari Torquemada in giro per il Paese avrebbero azzannato il mal capitato politico fino a portarlo allo sfinimento.<\/p>\n<p>Ma stia tranquilla, per\u00f2! Fatto salvo qualche comprensibile attacco politico c&#8217;\u00e8 da dire che, in linea generale, i romani non utilizzeranno strumenti demagogici per colpirla. Si aspettano da Lei che faccia solo in maniera decente la sindaca. Lavoro che, ad oggi, sta portando avanti in pessimo modo, con risultati scadenti e con una imperizia e una inadeguatezza da far venire i brividi.<\/p>\n<p>E dunque lasci stare il blog di Grillo e si rilegga, in qualche ritaglio di tempo, Machiavelli. Le ruber\u00e0 al massimo un&#8217;oretta ma potrebbe esserle utile pi\u00f9 di quanto non creda. In quel librino c&#8217;\u00e8 la formula magica per ogni buon politico. In esso ci viene costantemente ricordato che il \u2018principe\u2019 assolve pienamente alle sue funzioni pubbliche quando l&#8217;intero ventaglio di questioni di cui si occupa rientra sempre in una logica di \u2018bene comune\u2019.<\/p>\n<p>Dunque, provi a togliere topi e gabbiani dalle strade, a pulire la citt\u00e0 dagli enormi cumuli di immondizia, a decongestionare il traffico automobilistico e a favorire il trasporto pubblico, ad allontanare dai siti museali e dai monumenti zingarelli e ladri vari, a rendere civili e decorose le linee della metropolitana, a risolvere la questione delle buche, dei sanpietrini e via dicendo.<\/p>\n<p>Insomma, metta da parte i sorrisini. Smetta di fare la \u2018principessa\u2019 dei Grillini e faccia il \u2018principe\u2019. Sciolga l&#8217;incantesimo che la avvolge da un paio d&#8217;anni e governi la citt\u00e0. Ormai \u00e8 adulta; chiuda il libro delle favole e inizi a sfogliare <em>Il Principe<\/em> di Machiavelli.<\/p>\n","protected":false},"excerpt":{"rendered":"<p><p>&nbsp; &nbsp; &nbsp; Cara sindaca Raggi, l\u2019invito a comparire dinanzi ai magistrati della Procura di Roma le \u00e8 arrivato dopo che, per settimane, ne hanno parlato e scritto tutti mentre, solo lei, con sorrisino da finta ingenua, fingeva di non sapere. E, in verit\u00e0, ancora adesso non abbiamo capito se questa maschera pirandelliana indossata fin dalla sua discesa in campo \u00e8 una sorta di protezione, di schermo difensivo per via di una mal celata timidezza o un ghigno da astuta neo-politicante. Ma tutto ci\u00f2, poco attiene alle vicende di queste ore e quindi arriviamo subito al nocciolo. Lei ora sminuisce [&hellip;]<\/p>\n&nbsp;&nbsp;<div class=\"readmore\"><a href=\"https:\/\/blog.ilgiornale.it\/iannone\/2017\/01\/26\/cara-sindaca-raggi\/\">Continua a leggere...<\/a><\/div><\/p>","protected":false},"author":1086,"featured_media":0,"comment_status":"open","ping_status":"closed","sticky":false,"template":"","format":"standard","meta":[],"categories":[37074,64],"tags":[804,2669,26324,242359],"_links":{"self":[{"href":"https:\/\/blog.ilgiornale.it\/iannone\/wp-json\/wp\/v2\/posts\/279"}],"collection":[{"href":"https:\/\/blog.ilgiornale.it\/iannone\/wp-json\/wp\/v2\/posts"}],"about":[{"href":"https:\/\/blog.ilgiornale.it\/iannone\/wp-json\/wp\/v2\/types\/post"}],"author":[{"embeddable":true,"href":"https:\/\/blog.ilgiornale.it\/iannone\/wp-json\/wp\/v2\/users\/1086"}],"replies":[{"embeddable":true,"href":"https:\/\/blog.ilgiornale.it\/iannone\/wp-json\/wp\/v2\/comments?post=279"}],"version-history":[{"count":1,"href":"https:\/\/blog.ilgiornale.it\/iannone\/wp-json\/wp\/v2\/posts\/279\/revisions"}],"predecessor-version":[{"id":281,"href":"https:\/\/blog.ilgiornale.it\/iannone\/wp-json\/wp\/v2\/posts\/279\/revisions\/281"}],"wp:attachment":[{"href":"https:\/\/blog.ilgiornale.it\/iannone\/wp-json\/wp\/v2\/media?parent=279"}],"wp:term":[{"taxonomy":"category","embeddable":true,"href":"https:\/\/blog.ilgiornale.it\/iannone\/wp-json\/wp\/v2\/categories?post=279"},{"taxonomy":"post_tag","embeddable":true,"href":"https:\/\/blog.ilgiornale.it\/iannone\/wp-json\/wp\/v2\/tags?post=279"}],"curies":[{"name":"wp","href":"https:\/\/api.w.org\/{rel}","templated":true}]}}