{"id":301,"date":"2017-02-25T12:06:21","date_gmt":"2017-02-25T11:06:21","guid":{"rendered":"https:\/\/blog.ilgiornale.it\/iannone\/?p=301"},"modified":"2017-02-25T12:06:21","modified_gmt":"2017-02-25T11:06:21","slug":"politici-e-intellettuali-datevi-una-calmata","status":"publish","type":"post","link":"https:\/\/blog.ilgiornale.it\/iannone\/2017\/02\/25\/politici-e-intellettuali-datevi-una-calmata\/","title":{"rendered":"Politici e intellettuali, datevi una calmata."},"content":{"rendered":"<p>Ma \u00e8 proprio necessario radicalizzare lo scontro su ogni aspetto del vivere civile? Lo dico ai politici di professione e ai cosiddetti intellettuali che sono l\u2019altra faccia della medaglia. Insomma, ai Salvini e ai Saviano.<\/p>\n<p>Capisco sia gli uni che gli altri (pi\u00f9 gli uni che gli altri), ma \u00e8 mai possibile che non vi sia una linea intermedia, uno stile meno perentorio per sostenere le proprie tesi? Che l\u2019altro abbia sempre torto e che le ragioni siano sempre tutte da una parte?<\/p>\n<p>La vicenda di quelle zingare trovate a rubare e chiuse dagli addetti di un supermercato in una specie di gabbiotto \u00e8 inquietante e allo stesso tempo disarmante.<\/p>\n<p>In primo luogo inquieta perch\u00e9 oramai abbiamo la riprova che il confine tra goliardata e scemenza \u00e8 stato travalicato da tempo e facciamo sempre pi\u00f9 fatica a discernere l\u2019idiozia da comprensibili ragioni di legalit\u00e0 e giustizia. Fermare delle ladre, trattenerle e chiamare le forze dell\u2019ordine \u00e8 un conto; metterle come scimmie in gabbia, postare in rete il filmato e farle deridere dal web \u00e8 altra cosa.<\/p>\n<p>In secondo luogo, pur comprendendo le dinamiche della comunicazione politica, la orgasmica ricerca del consenso e la voglia di sottolineare con sempre maggior forza la propria drastica adesione all\u2019antico e mai applicato precetto di \u2018legge e ordine\u2019, \u00e8 disarmante che politici, le cui ragioni di fondo condivido, possano continuamente scivolare verso campi di azione i cui confini non sono pi\u00f9 definibili dalla legge ordinaria ma dall\u2019istinto e da impulsi immediati.<\/p>\n<p>E per finire, altrettanto disarmanti sono i rimbrotti moralistici dei soliti intellettuali di regime che non aspettano altro che puntare il ditino contro i nuovi barbari. Amanuensi del terzo millennio che mai leggono con dovuta seriet\u00e0 e terziet\u00e0 le vicende reali ma, con occhio distratto eppur fazioso, ci obbligano ai falsi comandamenti laici della tolleranza e della solidariet\u00e0 anche quando a parlare dovrebbe essere solo il codice penale e le manette.<\/p>\n<p><a href=\"https:\/\/blog.ilgiornale.it\/iannone\/files\/2017\/02\/xcvbcvbcvb.jpg\"><img loading=\"lazy\" class=\"alignnone size-full wp-image-302\" src=\"https:\/\/blog.ilgiornale.it\/iannone\/files\/2017\/02\/xcvbcvbcvb.jpg\" alt=\"xcvbcvbcvb\" width=\"522\" height=\"297\" srcset=\"https:\/\/blog.ilgiornale.it\/iannone\/files\/2017\/02\/xcvbcvbcvb.jpg 522w, https:\/\/blog.ilgiornale.it\/iannone\/files\/2017\/02\/xcvbcvbcvb-300x171.jpg 300w\" sizes=\"(max-width: 522px) 100vw, 522px\" \/><\/a><\/p>\n","protected":false},"excerpt":{"rendered":"<p><p>Ma \u00e8 proprio necessario radicalizzare lo scontro su ogni aspetto del vivere civile? Lo dico ai politici di professione e ai cosiddetti intellettuali che sono l\u2019altra faccia della medaglia. Insomma, ai Salvini e ai Saviano. Capisco sia gli uni che gli altri (pi\u00f9 gli uni che gli altri), ma \u00e8 mai possibile che non vi sia una linea intermedia, uno stile meno perentorio per sostenere le proprie tesi? Che l\u2019altro abbia sempre torto e che le ragioni siano sempre tutte da una parte? La vicenda di quelle zingare trovate a rubare e chiuse dagli addetti di un supermercato in una [&hellip;]<\/p>\n&nbsp;&nbsp;<div class=\"readmore\"><a href=\"https:\/\/blog.ilgiornale.it\/iannone\/2017\/02\/25\/politici-e-intellettuali-datevi-una-calmata\/\">Continua a leggere...<\/a><\/div><\/p>","protected":false},"author":1086,"featured_media":0,"comment_status":"open","ping_status":"closed","sticky":false,"template":"","format":"standard","meta":[],"categories":[37074,64],"tags":[247545,72531,40865,742,247402],"_links":{"self":[{"href":"https:\/\/blog.ilgiornale.it\/iannone\/wp-json\/wp\/v2\/posts\/301"}],"collection":[{"href":"https:\/\/blog.ilgiornale.it\/iannone\/wp-json\/wp\/v2\/posts"}],"about":[{"href":"https:\/\/blog.ilgiornale.it\/iannone\/wp-json\/wp\/v2\/types\/post"}],"author":[{"embeddable":true,"href":"https:\/\/blog.ilgiornale.it\/iannone\/wp-json\/wp\/v2\/users\/1086"}],"replies":[{"embeddable":true,"href":"https:\/\/blog.ilgiornale.it\/iannone\/wp-json\/wp\/v2\/comments?post=301"}],"version-history":[{"count":1,"href":"https:\/\/blog.ilgiornale.it\/iannone\/wp-json\/wp\/v2\/posts\/301\/revisions"}],"predecessor-version":[{"id":303,"href":"https:\/\/blog.ilgiornale.it\/iannone\/wp-json\/wp\/v2\/posts\/301\/revisions\/303"}],"wp:attachment":[{"href":"https:\/\/blog.ilgiornale.it\/iannone\/wp-json\/wp\/v2\/media?parent=301"}],"wp:term":[{"taxonomy":"category","embeddable":true,"href":"https:\/\/blog.ilgiornale.it\/iannone\/wp-json\/wp\/v2\/categories?post=301"},{"taxonomy":"post_tag","embeddable":true,"href":"https:\/\/blog.ilgiornale.it\/iannone\/wp-json\/wp\/v2\/tags?post=301"}],"curies":[{"name":"wp","href":"https:\/\/api.w.org\/{rel}","templated":true}]}}