{"id":379,"date":"2017-05-17T08:29:46","date_gmt":"2017-05-17T06:29:46","guid":{"rendered":"https:\/\/blog.ilgiornale.it\/iannone\/?p=379"},"modified":"2017-05-17T14:25:00","modified_gmt":"2017-05-17T12:25:00","slug":"scrive-lettera-damore-al-marito-in-guerra-lui-la-riceve-dopo-72-anni","status":"publish","type":"post","link":"https:\/\/blog.ilgiornale.it\/iannone\/2017\/05\/17\/scrive-lettera-damore-al-marito-in-guerra-lui-la-riceve-dopo-72-anni\/","title":{"rendered":"Scrive lettera d\u2019amore al marito in guerra. Lui la riceve dopo 72 anni."},"content":{"rendered":"<p><a href=\"https:\/\/blog.ilgiornale.it\/iannone\/files\/2017\/05\/bbbbbbbbbbbbbbb2.jpg\"><img loading=\"lazy\" class=\"alignleft size-medium wp-image-380\" src=\"https:\/\/blog.ilgiornale.it\/iannone\/files\/2017\/05\/bbbbbbbbbbbbbbb2-300x145.jpg\" alt=\"bbbbbbbbbbbbbbb\" width=\"300\" height=\"145\" srcset=\"https:\/\/blog.ilgiornale.it\/iannone\/files\/2017\/05\/bbbbbbbbbbbbbbb2-300x145.jpg 300w, https:\/\/blog.ilgiornale.it\/iannone\/files\/2017\/05\/bbbbbbbbbbbbbbb2-1024x495.jpg 1024w, https:\/\/blog.ilgiornale.it\/iannone\/files\/2017\/05\/bbbbbbbbbbbbbbb2.jpg 1547w\" sizes=\"(max-width: 300px) 100vw, 300px\" \/><\/a><\/p>\n<p>&nbsp;<\/p>\n<p>&nbsp;<\/p>\n<p>La matassa annodata di una vita cos\u00ec come il granito scolpito di una tomba si sono dissolti in un attimo, all\u2019arrivo di quella lettera imbucata al tempo del Secondo conflitto mondiale e giunta a destinazione pochi giorni fa.<\/p>\n<p>Parrebbe aneddoto tra i tanti, magari da condire con dozzinale sarcasmo sulla lentezza delle Poste. Invece \u00e8 vicenda vera; una delle tante che ci regala un altro tempo e un altro luogo.<\/p>\n<p>Una oscurit\u00e0 ovattata ha infatti protetto quella lettera per decenni, che poi, rara e preziosa, \u00e8 sbocciata come pianta fuori stagione.<\/p>\n<p>Lo scenario \u00e8 quello dei nostri nonni. La giovane Virginia manda nel maggio del 1945 parole d\u2019amore al suo Rof Christoffersen della Norvegian Navy di stanza a Trinidad ma la lettera non giunge mai a destinazione. Ritorner\u00e0 indietro al mittente, e cio\u00e8 a Westfield, nel New Jersey.<\/p>\n<p>Passano gli anni, e in quella casa arriva una nuova proprietaria la quale, durante dei recenti lavori di ristrutturazione trova questo pezzo di carta in una fessura delle scale della mansarda. Se lo passa tra le mani e si accorge del piccolo miracolo. Dopo settantadue anni \u00e8 ancora l\u00ec, intonso e con tutta la sua potenza evocativa, aspettando che gli effluvi di un vecchio amore possano venire affrancati dalle catene del tempo.<\/p>\n<p>La signora non ne fa cartaccia ma si mette alla ricerca dei due sperando di trovarli ancora vivi. Nel giro di qualche giorno riesce nell\u2019intento. Lui si avvia ai novantaquattro anni ma sua moglie \u00e8 morta da sei, proprio nel mese di maggio.<\/p>\n<p>La storia finisce qui, con la consegna e col figlio dell\u2019ex militare che legge quella lettera scandendo ogni singola parola.<\/p>\n<p>Come in un film, mi sono per\u00f2 immaginato la scena. Il vecchio Rof, col capo chino, sprofondato in una scalcagnata poltrona e pronto a farsi risucchiare da una straziante emozione. Forse, seduto a fianco di un camino, magari ad una pila di libri o di scartoffie ma comunque atterrito dall\u2019ascolto di parole di un altro tempo. Le avr\u00e0 memorizzate una ad una e &#8211; andato via suo figlio &#8211; si sar\u00e0 abbandonato ad un pianto disperato. Avr\u00e0 ripensato a quella foto che li immortala sorridenti prima della partenza in cui lei , Virginia, ha come sempre i capelli raccolti dietro la nuca e riccioli ordinati e mai mossi dal vento. Avr\u00e0 ripensato a tutte le volte che da marito le avr\u00e0 tenuto il broncio e per far pace le avrebbe voluto dire le stesse parole della lettera: &lt;&lt;Ti amo come si ama il sole caldo, e questo \u00e8 ci\u00f2 che sei per me. Un caldo, caldo bacio e una preghiera che tu possa tornare a casa da me al pi\u00f9 presto. Finch\u00e9 morte non ci separi&gt;&gt;.<\/p>\n","protected":false},"excerpt":{"rendered":"<p><p>&nbsp; &nbsp; La matassa annodata di una vita cos\u00ec come il granito scolpito di una tomba si sono dissolti in un attimo, all\u2019arrivo di quella lettera imbucata al tempo del Secondo conflitto mondiale e giunta a destinazione pochi giorni fa. Parrebbe aneddoto tra i tanti, magari da condire con dozzinale sarcasmo sulla lentezza delle Poste. Invece \u00e8 vicenda vera; una delle tante che ci regala un altro tempo e un altro luogo. Una oscurit\u00e0 ovattata ha infatti protetto quella lettera per decenni, che poi, rara e preziosa, \u00e8 sbocciata come pianta fuori stagione. Lo scenario \u00e8 quello dei nostri nonni. [&hellip;]<\/p>\n&nbsp;&nbsp;<div class=\"readmore\"><a href=\"https:\/\/blog.ilgiornale.it\/iannone\/2017\/05\/17\/scrive-lettera-damore-al-marito-in-guerra-lui-la-riceve-dopo-72-anni\/\">Continua a leggere...<\/a><\/div><\/p>","protected":false},"author":1086,"featured_media":0,"comment_status":"open","ping_status":"closed","sticky":false,"template":"","format":"standard","meta":[],"categories":[37074],"tags":[259080,222,259079,259081],"_links":{"self":[{"href":"https:\/\/blog.ilgiornale.it\/iannone\/wp-json\/wp\/v2\/posts\/379"}],"collection":[{"href":"https:\/\/blog.ilgiornale.it\/iannone\/wp-json\/wp\/v2\/posts"}],"about":[{"href":"https:\/\/blog.ilgiornale.it\/iannone\/wp-json\/wp\/v2\/types\/post"}],"author":[{"embeddable":true,"href":"https:\/\/blog.ilgiornale.it\/iannone\/wp-json\/wp\/v2\/users\/1086"}],"replies":[{"embeddable":true,"href":"https:\/\/blog.ilgiornale.it\/iannone\/wp-json\/wp\/v2\/comments?post=379"}],"version-history":[{"count":2,"href":"https:\/\/blog.ilgiornale.it\/iannone\/wp-json\/wp\/v2\/posts\/379\/revisions"}],"predecessor-version":[{"id":382,"href":"https:\/\/blog.ilgiornale.it\/iannone\/wp-json\/wp\/v2\/posts\/379\/revisions\/382"}],"wp:attachment":[{"href":"https:\/\/blog.ilgiornale.it\/iannone\/wp-json\/wp\/v2\/media?parent=379"}],"wp:term":[{"taxonomy":"category","embeddable":true,"href":"https:\/\/blog.ilgiornale.it\/iannone\/wp-json\/wp\/v2\/categories?post=379"},{"taxonomy":"post_tag","embeddable":true,"href":"https:\/\/blog.ilgiornale.it\/iannone\/wp-json\/wp\/v2\/tags?post=379"}],"curies":[{"name":"wp","href":"https:\/\/api.w.org\/{rel}","templated":true}]}}