{"id":454,"date":"2017-07-30T09:49:58","date_gmt":"2017-07-30T07:49:58","guid":{"rendered":"https:\/\/blog.ilgiornale.it\/iannone\/?p=454"},"modified":"2017-07-30T09:49:58","modified_gmt":"2017-07-30T07:49:58","slug":"le-maldive-a-milano","status":"publish","type":"post","link":"https:\/\/blog.ilgiornale.it\/iannone\/2017\/07\/30\/le-maldive-a-milano\/","title":{"rendered":"Le Maldive a Milano"},"content":{"rendered":"<p>Lasciate perdere Guy Debord o McLuhan. Per capire quanto la societ\u00e0 dello spettacolo sia carne e sangue del nostro tempo date un\u2019occhiata al video virale delle \u2018Maldive di Milano\u2019. Ha dominato quest\u2019ultima settimana pur rappresentando un evento che per la sua serialit\u00e0 e ordinariet\u00e0 dovrebbe essere irrilevante. E invece non lo \u00e8 perch\u00e9 si connota di stimolanti risvolti socio-antropologici.<\/p>\n<p>Perch\u00e9 qui non solo c\u2019\u00e8 il fatto che alcuni ragazzi filmino e poi mettano in rete una gita in un luogo incantevole, ad un\u2019ora da Milano, con acque verdi e cristalline e che questo video diventi virale, raggiunga cio\u00e8 milioni di visualizzazioni e perci\u00f2 sia premessa per altri video e conseguenti partenze di massa da tutto il nord Italia.<\/p>\n<p>Qui si segnala un corto circuito simbolico e di contenuti. Questo mettersi tutti in fila per godere lo spettacolo di un ambiente naturale che lascia senza fiato per le sue caratteristiche di separazione dalla \u2018civilt\u00e0\u2019 e che, perci\u00f2, \u00e8 tale solo se rimane intonso ma viene invece preso d\u2019assalto dalla massa che lo padroneggia, \u00e8 fuori da ogni logica.<\/p>\n<p>Si corre in un posto col proposito di perdersi nella selvatichezza e poi si lasciano liberi solo pochi spiazzi di rocce bianche in modo da poter collocare asciugamani, borse e materiali vari in ogni angolo.<\/p>\n<p>L\u2019altro aspetto, non meno rilevante, \u00e8 che questa visione \u00e8 realistica ma non vera: quel posto non \u00e8 vicino Milano ma a due ore di macchina. Non si trova in Italia ma in Svizzera, poco pi\u00f9 a nord di Locarno. E l\u2019acqua del fiume Verzasca che si trova nell\u2019omonima valle, \u00e8 fredda e non calda come quella delle Maldive.<\/p>\n<p>Ma anche questi ulteriori elementi non hanno contribuito a far cambiare prospettiva ad un carrozzone gi\u00e0 messo in moto, a dimostrazione del fatto che compito della cultura di massa \u00e8 quello di uniformare sogni e bisogni.<\/p>\n<p>E sono proprio le immagini dei tanti video di queste ore a svelarne la china massificante. Il primo, quello da cui tutto ebbe inizio, mostrava una quiete dolcemente solcata dalle misurate intemperanze di giovani fieri per la recente scoperta; gli altri video ostentano invece l\u2019eccesso del \u2018dopo\u2019, in specie quando si vede quel minuscolo ponte che gli antichi romani utilizzavano per traversare le due rive ed ora allestito come piattaforma per tuffi.<\/p>\n<p>Dalle Maldive alla gita \u2018fuori porta\u2019, dalla caotica Milano ai boschi della Svizzera, tutto \u00e8 possibile. Basta spegnere la mente.<a href=\"https:\/\/blog.ilgiornale.it\/iannone\/files\/2017\/07\/asdf.jpg\"><img loading=\"lazy\" class=\"alignleft size-medium wp-image-455\" src=\"https:\/\/blog.ilgiornale.it\/iannone\/files\/2017\/07\/asdf-300x99.jpg\" alt=\"asdf\" width=\"300\" height=\"99\" srcset=\"https:\/\/blog.ilgiornale.it\/iannone\/files\/2017\/07\/asdf-300x99.jpg 300w, https:\/\/blog.ilgiornale.it\/iannone\/files\/2017\/07\/asdf-1024x337.jpg 1024w, https:\/\/blog.ilgiornale.it\/iannone\/files\/2017\/07\/asdf.jpg 1703w\" sizes=\"(max-width: 300px) 100vw, 300px\" \/><\/a><\/p>\n<p>&nbsp;<\/p>\n<p>&nbsp;<\/p>\n","protected":false},"excerpt":{"rendered":"<p><p>Lasciate perdere Guy Debord o McLuhan. Per capire quanto la societ\u00e0 dello spettacolo sia carne e sangue del nostro tempo date un\u2019occhiata al video virale delle \u2018Maldive di Milano\u2019. Ha dominato quest\u2019ultima settimana pur rappresentando un evento che per la sua serialit\u00e0 e ordinariet\u00e0 dovrebbe essere irrilevante. E invece non lo \u00e8 perch\u00e9 si connota di stimolanti risvolti socio-antropologici. Perch\u00e9 qui non solo c\u2019\u00e8 il fatto che alcuni ragazzi filmino e poi mettano in rete una gita in un luogo incantevole, ad un\u2019ora da Milano, con acque verdi e cristalline e che questo video diventi virale, raggiunga cio\u00e8 milioni di [&hellip;]<\/p>\n&nbsp;&nbsp;<div class=\"readmore\"><a href=\"https:\/\/blog.ilgiornale.it\/iannone\/2017\/07\/30\/le-maldive-a-milano\/\">Continua a leggere...<\/a><\/div><\/p>","protected":false},"author":1086,"featured_media":0,"comment_status":"open","ping_status":"closed","sticky":false,"template":"","format":"standard","meta":[],"categories":[37074],"tags":[214342,249,13611,259121],"_links":{"self":[{"href":"https:\/\/blog.ilgiornale.it\/iannone\/wp-json\/wp\/v2\/posts\/454"}],"collection":[{"href":"https:\/\/blog.ilgiornale.it\/iannone\/wp-json\/wp\/v2\/posts"}],"about":[{"href":"https:\/\/blog.ilgiornale.it\/iannone\/wp-json\/wp\/v2\/types\/post"}],"author":[{"embeddable":true,"href":"https:\/\/blog.ilgiornale.it\/iannone\/wp-json\/wp\/v2\/users\/1086"}],"replies":[{"embeddable":true,"href":"https:\/\/blog.ilgiornale.it\/iannone\/wp-json\/wp\/v2\/comments?post=454"}],"version-history":[{"count":1,"href":"https:\/\/blog.ilgiornale.it\/iannone\/wp-json\/wp\/v2\/posts\/454\/revisions"}],"predecessor-version":[{"id":456,"href":"https:\/\/blog.ilgiornale.it\/iannone\/wp-json\/wp\/v2\/posts\/454\/revisions\/456"}],"wp:attachment":[{"href":"https:\/\/blog.ilgiornale.it\/iannone\/wp-json\/wp\/v2\/media?parent=454"}],"wp:term":[{"taxonomy":"category","embeddable":true,"href":"https:\/\/blog.ilgiornale.it\/iannone\/wp-json\/wp\/v2\/categories?post=454"},{"taxonomy":"post_tag","embeddable":true,"href":"https:\/\/blog.ilgiornale.it\/iannone\/wp-json\/wp\/v2\/tags?post=454"}],"curies":[{"name":"wp","href":"https:\/\/api.w.org\/{rel}","templated":true}]}}