{"id":588,"date":"2018-01-04T16:49:09","date_gmt":"2018-01-04T15:49:09","guid":{"rendered":"https:\/\/blog.ilgiornale.it\/iannone\/?p=588"},"modified":"2018-01-04T16:49:09","modified_gmt":"2018-01-04T15:49:09","slug":"la-storia-come-organismo-vivente-di-emanuele-franz","status":"publish","type":"post","link":"https:\/\/blog.ilgiornale.it\/iannone\/2018\/01\/04\/la-storia-come-organismo-vivente-di-emanuele-franz\/","title":{"rendered":"La storia come organismo vivente di Emanuele Franz"},"content":{"rendered":"<h4 style=\"padding-left: 210px\"><em>Invito alla lettura di<\/em><\/h4>\n<h3 style=\"padding-left: 210px;text-align: left\"><strong>\u201cLa storia \u00e8 un organismo vivente\u201d (<\/strong><strong>Emanuele Franz)<\/strong><\/h3>\n<p style=\"padding-left: 210px;text-align: left\">\n<blockquote>\n<h3 style=\"padding-left: 150px\">Di seguito la quarta di copertina<\/h3>\n<h4 style=\"padding-left: 180px\"><\/h4>\n<p style=\"padding-left: 150px\">La storia? Un organismo. Il tempo? Un corpo. A dirlo \u00e8 il filosofo moggese Emanuele Franz nel suo ultimo libro \u201cla storia come organismo vivente\u201d. Franz, audace tanto quanto la casa editrice Audax che dirige e con la quale edita questo libro, presenta una nuova visione della storia universale e della filosofia politica sostenendo che la storia \u00e8 un organismo vivente, che respira e si estende.<\/p>\n<h4 style=\"padding-left: 150px\">Nel libro, fresco di stampa, l\u2019autore avanzata una teoria che sostiene che l\u2019intera storia sia mossa da fasi circolari ricorsive ma queste, su una scala pi\u00f9 ampia, sfociano in un percorso lineare che mira a formare degli organi (o et\u00e0) che portano la storia alla sua maturazione. Cos\u00ec nel tempo c\u2019\u00e8 un corpo, nella storia un organismo. I Greci? Il sistema nervoso. I Romani? Le arterie. Il Rinascimento? Il cuore. L\u2019illuminismo? I polmoni. E Franz prevede ancora due epoche a venire.<\/h4>\n<\/blockquote>\n<p style=\"padding-left: 180px\">Ma se il tempo \u00e8 un sistema non riconducibile alle sue componenti, ma dato dalla somma e iterazione di esse, ne consegue che <span style=\"text-decoration: underline\">il futuro modifica il passato.<\/span><\/p>\n<p style=\"padding-left: 180px\"><a href=\"https:\/\/blog.ilgiornale.it\/iannone\/files\/2018\/01\/OrganismoVivente.jpg\"><img loading=\"lazy\" class=\"alignright size-medium wp-image-589\" src=\"https:\/\/blog.ilgiornale.it\/iannone\/files\/2018\/01\/OrganismoVivente-211x300.jpg\" alt=\"OrganismoVivente\" width=\"211\" height=\"300\" srcset=\"https:\/\/blog.ilgiornale.it\/iannone\/files\/2018\/01\/OrganismoVivente-211x300.jpg 211w, https:\/\/blog.ilgiornale.it\/iannone\/files\/2018\/01\/OrganismoVivente.jpg 627w\" sizes=\"(max-width: 211px) 100vw, 211px\" \/><\/a><\/p>\n<p style=\"padding-left: 180px\">\n<p style=\"padding-left: 180px\">La tesi che l\u2019autore sostiene in questo studio, per quanto eretica possa sembrare, \u00e8 che il medioevo di oggi non \u00e8 il medioevo del rinascimento. Il medioevo non \u00e8 finito. Esiste ancora ed \u00e8 in continuo mutamento. Tutte le epoche storiche vivono ancora nell\u2019arco pi\u00f9 generale della storia come organismo vivente.<\/p>\n<p style=\"padding-left: 180px\">\n<p style=\"padding-left: 180px\">Ovviamente, vista l\u2019originalit\u00e0 della teoria non sono mancati fin da subito interessamenti da parte di studiosi italiani ed esteri a partire dall\u2019emerito professore del MIT di Boston\u00a0<strong>Noam Chomsky<\/strong>\u00a0che la definisce \u201cUna teoria molto ambiziosa\u201d; lo storico\u00a0<strong>Alessandro Barbero<\/strong>\u00a0si complimenta con l\u2019autore per la profondit\u00e0 delle riflessioni,\u00a0<strong>Marcello Veneziani<\/strong>\u00a0si compiace di questo lavoro e persino\u00a0<strong>Massimo Cacciari<\/strong>\u00a0ha scritto all\u2019autore per complimentarsi del coraggio della sua impresa.<\/p>\n<blockquote style=\"padding-left: 180px\">\n<p style=\"text-align: right;padding-left: 180px\">\n<\/blockquote>\n<p style=\"padding-left: 210px\">Il libro \u00e8 edito da Audax Editrice (www.audaxeditrice.com)<\/p>\n","protected":false},"excerpt":{"rendered":"<p><p>Invito alla lettura di \u201cLa storia \u00e8 un organismo vivente\u201d (Emanuele Franz) Di seguito la quarta di copertina La storia? Un organismo. Il tempo? Un corpo. A dirlo \u00e8 il filosofo moggese Emanuele Franz nel suo ultimo libro \u201cla storia come organismo vivente\u201d. Franz, audace tanto quanto la casa editrice Audax che dirige e con la quale edita questo libro, presenta una nuova visione della storia universale e della filosofia politica sostenendo che la storia \u00e8 un organismo vivente, che respira e si estende. Nel libro, fresco di stampa, l\u2019autore avanzata una teoria che sostiene che l\u2019intera storia sia mossa [&hellip;]<\/p>\n&nbsp;&nbsp;<div class=\"readmore\"><a href=\"https:\/\/blog.ilgiornale.it\/iannone\/2018\/01\/04\/la-storia-come-organismo-vivente-di-emanuele-franz\/\">Continua a leggere...<\/a><\/div><\/p>","protected":false},"author":1086,"featured_media":0,"comment_status":"open","ping_status":"closed","sticky":false,"template":"","format":"standard","meta":[],"categories":[37074,64],"tags":[259215],"_links":{"self":[{"href":"https:\/\/blog.ilgiornale.it\/iannone\/wp-json\/wp\/v2\/posts\/588"}],"collection":[{"href":"https:\/\/blog.ilgiornale.it\/iannone\/wp-json\/wp\/v2\/posts"}],"about":[{"href":"https:\/\/blog.ilgiornale.it\/iannone\/wp-json\/wp\/v2\/types\/post"}],"author":[{"embeddable":true,"href":"https:\/\/blog.ilgiornale.it\/iannone\/wp-json\/wp\/v2\/users\/1086"}],"replies":[{"embeddable":true,"href":"https:\/\/blog.ilgiornale.it\/iannone\/wp-json\/wp\/v2\/comments?post=588"}],"version-history":[{"count":1,"href":"https:\/\/blog.ilgiornale.it\/iannone\/wp-json\/wp\/v2\/posts\/588\/revisions"}],"predecessor-version":[{"id":591,"href":"https:\/\/blog.ilgiornale.it\/iannone\/wp-json\/wp\/v2\/posts\/588\/revisions\/591"}],"wp:attachment":[{"href":"https:\/\/blog.ilgiornale.it\/iannone\/wp-json\/wp\/v2\/media?parent=588"}],"wp:term":[{"taxonomy":"category","embeddable":true,"href":"https:\/\/blog.ilgiornale.it\/iannone\/wp-json\/wp\/v2\/categories?post=588"},{"taxonomy":"post_tag","embeddable":true,"href":"https:\/\/blog.ilgiornale.it\/iannone\/wp-json\/wp\/v2\/tags?post=588"}],"curies":[{"name":"wp","href":"https:\/\/api.w.org\/{rel}","templated":true}]}}