{"id":639,"date":"2018-02-11T10:54:25","date_gmt":"2018-02-11T09:54:25","guid":{"rendered":"https:\/\/blog.ilgiornale.it\/iannone\/?p=639"},"modified":"2018-02-11T10:57:48","modified_gmt":"2018-02-11T09:57:48","slug":"ancora-guelfi-e-ghibellini","status":"publish","type":"post","link":"https:\/\/blog.ilgiornale.it\/iannone\/2018\/02\/11\/ancora-guelfi-e-ghibellini\/","title":{"rendered":"Ancora guelfi e ghibellini"},"content":{"rendered":"<p style=\"padding-left: 90px;text-align: justify\">L\u2019impressione che si ricava dall\u2019orrido spettacolo di ieri, oltre al pericoloso <em>d\u00e9j\u00e0 vu<\/em>, \u00e8 una sfiancante ma sottile e furba strategia con l\u2019obiettivo di una generale e totalizzante \u2018\u2019distrazione di massa\u2019\u2019. I cori pro-foibe, proprio nella Giornata del ricordo, gli appelli all\u2019antifascismo militante, le parate dei soliti noti rimasti alle parole d\u2019ordine degli anni Settanta (ecco il <em>d\u00e9j\u00e0 vu<\/em>!), sono allucinanti nel tono, inconcludenti nel merito e rischiosi nei possibili esiti sociali.<\/p>\n<p style=\"padding-left: 90px;text-align: justify\">Se un nigeriano uccide e fa pezzi una ragazza italiana, un suo compaesano spara e ferisce tutte le persone di colore che girano per le strade, e dalla somma di queste due follie vengono fuori manifestazioni antifasciste con cori partigiani, sberleffi e offese ai morti delle foibe, e tutta una sequela di varie amenit\u00e0, vuol dire che si sta raschiando il fondo del barile senza nemmeno tener conto delle conseguenze.<\/p>\n<p style=\"padding-left: 90px;text-align: justify\">Perch\u00e9 fare a mazzate con le forze dell\u2019ordine per difendere una democrazia messa in pericolo da una fantomatica \u2018marea nera\u2019 \u00e8 fatto liminare alla patologia clinica pi\u00f9 che al regolare e ordinario dibattito politico. E verrebbe voglia di chiedere a <em>lor signori<\/em> quali libri leggano, che musica ascoltino, quali interessi abitino le loro giornate rivoluzionarie. Ma poi, per non deprimerci ulteriormente, decliniamo, perch\u00e9 abbiamo ben presente cosa circoli, o meglio non circoli, nelle loro menti obnubilate.<\/p>\n<p style=\"padding-left: 90px;text-align: justify\"><a href=\"https:\/\/blog.ilgiornale.it\/iannone\/files\/2018\/02\/424764-thumb-full-piacenza_antifa_10feb2018.jpg\"><img loading=\"lazy\" class=\"aligncenter size-medium wp-image-640\" src=\"https:\/\/blog.ilgiornale.it\/iannone\/files\/2018\/02\/424764-thumb-full-piacenza_antifa_10feb2018-300x169.jpg\" alt=\"424764-thumb-full-piacenza_antifa_10feb2018\" width=\"300\" height=\"169\" srcset=\"https:\/\/blog.ilgiornale.it\/iannone\/files\/2018\/02\/424764-thumb-full-piacenza_antifa_10feb2018-300x169.jpg 300w, https:\/\/blog.ilgiornale.it\/iannone\/files\/2018\/02\/424764-thumb-full-piacenza_antifa_10feb2018.jpg 640w\" sizes=\"(max-width: 300px) 100vw, 300px\" \/><\/a><\/p>\n<p style=\"padding-left: 90px;text-align: justify\">Questa distorsione della realt\u00e0 accade perch\u00e9 tali agitatori sociali lambiscono il problema reale, quello di una immigrazione deregolamentata e letale sia per noi che per chi arriva da terre lontane e viene trattato come una bestia, mentre esaltano e ingigantiscono questioni correlate che possono essere serie \u2013 come quelle relative all\u2019incremento reale di una certa intolleranza da parte degli italiani rispetto al caos generalizzato \u2013 ma ponendole al centro e come premessa di qualsiasi altra tematica pubblica.<\/p>\n<p style=\"padding-left: 90px;text-align: justify\">Risentire cori che inneggiano ai comunisti di Tito e a favore delle foibe, seppur stornellati solo da poche decine di imbecilli, non ci mette al riparo da una deriva pericolosa che \u00e8 quella di impantanarci in un dibattito ideologico in assenza di ideologie; in un dibattito comunismo-fascismo in assenza di entrambi. Uno scontro, insomma, sul nulla cosmico che si effonde come una esalazione fetida e maleodorante e che contamina ogni spazio di discussione. Perch\u00e9, seppur a prendere le distanze da quegli imbecilli sono in tanti, &#8230;epper\u00f2 le pagine dei quotidiani, le televisioni e i politici non stanno facendo altro che ritornare sullo stesso argomento, rendendo implicitamente centrale e prioritaria tale faccenda e i suoi riverberi.<\/p>\n<p style=\"padding-left: 90px;text-align: justify\">Nelle ultime settimane, infatti, una gi\u00e0 deprimente e frivola campagna elettorale si sta strutturando intorno a questioni impercettibili se lette nella loro giusta dimensione. E questo accade, come dicevo all\u2019inizio, perch\u00e9 probabilmente la complessit\u00e0 dei problemi del nostro tempo (globalizzazione, crisi economica, diritti del lavoro, diritti sociali, sicurezza, immigrazione, terrorismo, islam) non pu\u00f2 essere affrontata con la dovuta segmentazione e fatica da forze politiche e mondi culturali che, altres\u00ec, preferiscono lo scontro fanciullesco e stolto tra opposti estremismi alla disamina attenta, scrupolosa ma soprattutto oggettiva .<\/p>\n<p style=\"padding-left: 90px;text-align: justify\">L\u2019attuale classe dirigente, deviando dai percorsi analitici e interpretativi principali, non solo ritarda o annulla completamente la possibilit\u00e0 di soluzioni ai non pochi problemi, ma concorre a riportare il nostro Paese in una strettoia fatta di odio intestino che non risolve nulla ma anzi rende ancora pi\u00f9 cattive le condizioni attuali, che sono gi\u00e0 pessime.<\/p>\n<p style=\"padding-left: 90px;text-align: justify\">Ecco, mentre ci balocchiamo in tutto questo, tra saluti di vario genere, bandiere rosse e nere, \u2018Bella Ciao\u2019 e \u2018Brutta Addio\u2019, il mondo va avanti senza di noi. E prima o poi ci presenter\u00e0 il conto come gi\u00e0 sta avvenendo per la questione dei flussi migratori.<\/p>\n<p style=\"padding-left: 90px;text-align: justify\">E noi siamo ancora al tempo dei guelfi e dei ghibellini!<\/p>\n<p style=\"text-align: justify\">\n","protected":false},"excerpt":{"rendered":"<p><p>L\u2019impressione che si ricava dall\u2019orrido spettacolo di ieri, oltre al pericoloso d\u00e9j\u00e0 vu, \u00e8 una sfiancante ma sottile e furba strategia con l\u2019obiettivo di una generale e totalizzante \u2018\u2019distrazione di massa\u2019\u2019. I cori pro-foibe, proprio nella Giornata del ricordo, gli appelli all\u2019antifascismo militante, le parate dei soliti noti rimasti alle parole d\u2019ordine degli anni Settanta (ecco il d\u00e9j\u00e0 vu!), sono allucinanti nel tono, inconcludenti nel merito e rischiosi nei possibili esiti sociali. Se un nigeriano uccide e fa pezzi una ragazza italiana, un suo compaesano spara e ferisce tutte le persone di colore che girano per le strade, e dalla [&hellip;]<\/p>\n&nbsp;&nbsp;<div class=\"readmore\"><a href=\"https:\/\/blog.ilgiornale.it\/iannone\/2018\/02\/11\/ancora-guelfi-e-ghibellini\/\">Continua a leggere...<\/a><\/div><\/p>","protected":false},"author":1086,"featured_media":0,"comment_status":"open","ping_status":"closed","sticky":false,"template":"","format":"standard","meta":[],"categories":[37074,64],"tags":[65848,17493,40791,6332,259186],"_links":{"self":[{"href":"https:\/\/blog.ilgiornale.it\/iannone\/wp-json\/wp\/v2\/posts\/639"}],"collection":[{"href":"https:\/\/blog.ilgiornale.it\/iannone\/wp-json\/wp\/v2\/posts"}],"about":[{"href":"https:\/\/blog.ilgiornale.it\/iannone\/wp-json\/wp\/v2\/types\/post"}],"author":[{"embeddable":true,"href":"https:\/\/blog.ilgiornale.it\/iannone\/wp-json\/wp\/v2\/users\/1086"}],"replies":[{"embeddable":true,"href":"https:\/\/blog.ilgiornale.it\/iannone\/wp-json\/wp\/v2\/comments?post=639"}],"version-history":[{"count":2,"href":"https:\/\/blog.ilgiornale.it\/iannone\/wp-json\/wp\/v2\/posts\/639\/revisions"}],"predecessor-version":[{"id":642,"href":"https:\/\/blog.ilgiornale.it\/iannone\/wp-json\/wp\/v2\/posts\/639\/revisions\/642"}],"wp:attachment":[{"href":"https:\/\/blog.ilgiornale.it\/iannone\/wp-json\/wp\/v2\/media?parent=639"}],"wp:term":[{"taxonomy":"category","embeddable":true,"href":"https:\/\/blog.ilgiornale.it\/iannone\/wp-json\/wp\/v2\/categories?post=639"},{"taxonomy":"post_tag","embeddable":true,"href":"https:\/\/blog.ilgiornale.it\/iannone\/wp-json\/wp\/v2\/tags?post=639"}],"curies":[{"name":"wp","href":"https:\/\/api.w.org\/{rel}","templated":true}]}}