{"id":1008,"date":"2012-06-19T21:16:23","date_gmt":"2012-06-19T21:16:23","guid":{"rendered":"https:\/\/blog.ilgiornale.it\/locati\/?p=1008"},"modified":"2012-06-19T21:16:23","modified_gmt":"2012-06-19T21:16:23","slug":"progranulina-chi-era-costei","status":"publish","type":"post","link":"https:\/\/blog.ilgiornale.it\/locati\/2012\/06\/19\/progranulina-chi-era-costei\/","title":{"rendered":"Progranulina&#8230;chi era costei?"},"content":{"rendered":"<p><a href=\"https:\/\/blog.ilgiornale.it\/locati\/files\/2012\/06\/ipad.jpg\"><img loading=\"lazy\" class=\"alignnone size-thumbnail wp-image-1009\" src=\"https:\/\/blog.ilgiornale.it\/locati\/files\/2012\/06\/ipad-150x150.jpg\" alt=\"\" width=\"150\" height=\"150\" \/><\/a>Vi anticipo che la progranulina \u00e8 una proteina. E che \u00e8 stata oggetto di uno studio lombardo appena divulgato e che mi sono letta il resoconto di questo lavoro con il mio nuovissimo iPad, con il quale ho aspramente litigato: mi ha fatto sparire due testi e per l\u2019arrabbiatura mi sono pure dimenticata quello che dovevo scrivere&#8230; <em>Forse \u00e8 colpa della progranulina\u2026! O forse no?<\/em><\/p>\n<p>Lo studio \u00e8 stato promosso da Onda, osservatorio nazionale salute donne e dalla Regione Lombardia . Gli studiosi erano partiti da un\u2019ipotesi: che il tumore al seno dipendesse da un difetto genetico, la carenza di progranulina. Alterazione riscontrabile in un tipo di demenza, quella fronto temporale.<\/p>\n<p><em>Ma la relazione a tre non \u00e8 stata provata.<\/em> I ricercatori del Fatebenefratelli di Brescia hanno analizzato 400 pazienti volontarie: 200 avevano gi\u00e0 all&#8217;inizio dello studio una diagnosi di demenza frontotemporale, le altre 200 quella di tumore al seno. \u00a0Gli studiosi hanno stabilito che nel cancro alla mammella non c&#8217;\u00e8 alcun legame con la proteina in questione, al contrario di ci\u00f2 che accade nella demenza frontotemporale.<\/p>\n<p>\u00c8 emersa invece l\u2019importanza della progranulina per la sopravvivenza dei neuroni. Per gli autori con questo lavoro \u201csi aprono orizzonti del tutto nuovi e inaspettati nella ricerca sui processi degenerativi del sistema nervoso\u201d.<\/p>\n<p><em>Confesso che ho tirato un sospiro di sollievo: non ho un difetto genetico in comune con un tipo di demenza (eh il principe non potr\u00e0 rinfacciarmelo alla prima discussione\u2026) poi sono andata avanti, sentite:<\/em><\/p>\n<p><strong>\u201c<\/strong>I risultati hanno confermato come questa condizione di demenza \u00e8 particolarmente diffusa in Lombardia, Regione nella quale numerose famiglie sembrano avere ereditato nel corso dei secoli il medesimo difetto genetico \u2018in progranulina\u2019:\u00a0pari al 20% di tutte le demenze. Una condizione non riscontrata in altre zone d&#8217;Italia.<\/p>\n<p><strong>\u00a0<\/strong>\u201cLa progranulina \u2013 ha spiegato\u00a0<strong>Gianluigi Forloni<\/strong>, direttore del dipartimento di Neuroscienze dell\u2019istituto Mario Negri di Milano \u2013 \u00e8 uno degli esempi pi\u00f9 recenti di proteina legata ai meccanismi, gi\u00e0 noti, dell\u2019infiammazione, con un potenziale ruolo in malattie tumorali e neurodegenerative\u201d<\/p>\n<p>Il difetto di progranulina si scopre con un esame del sangue. E come si cura?<\/p>\n<p><em>\u00a0<\/em>Risponde \u00a0<strong>Maria Antonietta Nosenzo<\/strong>, chirurgo senologo e consigliere Onda: \u201cAd oggi <em>non esistono<\/em> terapie mirate per il controllo o la riparazione dei danni causati dalle alterazioni dei livelli di questa proteina&#8221;.<\/p>\n<p>&nbsp;<\/p>\n<p>&nbsp;<\/p>\n<p>&nbsp;<\/p>\n<p>&nbsp;<\/p>\n<p>&nbsp;<\/p>\n","protected":false},"excerpt":{"rendered":"<p><p>Vi anticipo che la progranulina \u00e8 una proteina. E che \u00e8 stata oggetto di uno studio lombardo appena divulgato e che mi sono letta il resoconto di questo lavoro con il mio nuovissimo iPad, con il quale ho aspramente litigato: mi ha fatto sparire due testi e per l\u2019arrabbiatura mi sono pure dimenticata quello che dovevo scrivere&#8230; Forse \u00e8 colpa della progranulina\u2026! O forse no? Lo studio \u00e8 stato promosso da Onda, osservatorio nazionale salute donne e dalla Regione Lombardia . Gli studiosi erano partiti da un\u2019ipotesi: che il tumore al seno dipendesse da un difetto genetico, la carenza di [&hellip;]<\/p>\n&nbsp;&nbsp;<div class=\"readmore\"><a href=\"https:\/\/blog.ilgiornale.it\/locati\/2012\/06\/19\/progranulina-chi-era-costei\/\">Continua a leggere...<\/a><\/div><\/p>","protected":false},"author":992,"featured_media":0,"comment_status":"open","ping_status":"closed","sticky":false,"template":"","format":"standard","meta":[],"categories":[2666],"tags":[13490,13491,4267,8952,249,13489,13488,4760,6374,2537],"_links":{"self":[{"href":"https:\/\/blog.ilgiornale.it\/locati\/wp-json\/wp\/v2\/posts\/1008"}],"collection":[{"href":"https:\/\/blog.ilgiornale.it\/locati\/wp-json\/wp\/v2\/posts"}],"about":[{"href":"https:\/\/blog.ilgiornale.it\/locati\/wp-json\/wp\/v2\/types\/post"}],"author":[{"embeddable":true,"href":"https:\/\/blog.ilgiornale.it\/locati\/wp-json\/wp\/v2\/users\/992"}],"replies":[{"embeddable":true,"href":"https:\/\/blog.ilgiornale.it\/locati\/wp-json\/wp\/v2\/comments?post=1008"}],"version-history":[{"count":1,"href":"https:\/\/blog.ilgiornale.it\/locati\/wp-json\/wp\/v2\/posts\/1008\/revisions"}],"predecessor-version":[{"id":1010,"href":"https:\/\/blog.ilgiornale.it\/locati\/wp-json\/wp\/v2\/posts\/1008\/revisions\/1010"}],"wp:attachment":[{"href":"https:\/\/blog.ilgiornale.it\/locati\/wp-json\/wp\/v2\/media?parent=1008"}],"wp:term":[{"taxonomy":"category","embeddable":true,"href":"https:\/\/blog.ilgiornale.it\/locati\/wp-json\/wp\/v2\/categories?post=1008"},{"taxonomy":"post_tag","embeddable":true,"href":"https:\/\/blog.ilgiornale.it\/locati\/wp-json\/wp\/v2\/tags?post=1008"}],"curies":[{"name":"wp","href":"https:\/\/api.w.org\/{rel}","templated":true}]}}