{"id":1080,"date":"2012-07-25T17:11:34","date_gmt":"2012-07-25T17:11:34","guid":{"rendered":"https:\/\/blog.ilgiornale.it\/locati\/?p=1080"},"modified":"2012-07-25T17:23:18","modified_gmt":"2012-07-25T17:23:18","slug":"evidenze-e-morti-negate","status":"publish","type":"post","link":"https:\/\/blog.ilgiornale.it\/locati\/2012\/07\/25\/evidenze-e-morti-negate\/","title":{"rendered":"Evidenze (e morti) negate"},"content":{"rendered":"<p><a href=\"https:\/\/blog.ilgiornale.it\/locati\/files\/2012\/07\/amianto.jpg\"><img loading=\"lazy\" class=\"alignnone size-medium wp-image-1081\" src=\"https:\/\/blog.ilgiornale.it\/locati\/files\/2012\/07\/amianto-300x225.jpg\" alt=\"\" width=\"300\" height=\"225\" srcset=\"https:\/\/blog.ilgiornale.it\/locati\/files\/2012\/07\/amianto-300x225.jpg 300w, https:\/\/blog.ilgiornale.it\/locati\/files\/2012\/07\/amianto.jpg 500w\" sizes=\"(max-width: 300px) 100vw, 300px\" \/><\/a>Il procuratore di Torino, Raffaele Guariniello fa una richiesta elementare: \u201cCi vorrebbe un Osservatorio nazionale sui tumori procurati da ambienti di lavoro e di vita\u201d.\u00a0 Un simile registro non c\u2019\u00e8. Abbiamo scritto che in Campania \u2013 \u00a0ridotta a discarica &#8211; \u00a0crescono i tumori (e i morti) ma gli esperti negano l\u2019evidenza, rifiutano il nesso tossicit\u00e0-malattia. Preferiscono consolarsi con il solito ritornello \u201cnon si pu\u00f2 stabilire un nesso di causa-effetto\u201d.<\/p>\n<p>Eppure il procuratore Guariniello ricorda che per 15 anni un ufficio apposito della sua procura ha analizzato 26mila casi di malati in Piemonte, 15 mila dei quali vittime dell\u2019esposizione professionale.\u00a0 <em>Per la serie, se si vuole\u2026<\/em><\/p>\n<p>Guariniello \u00e8 il pm della storica sentenza Eternit del febbraio scorso, a favore dei parenti delle vittime e dei comuni danneggiati dalla polvere di amianto.<\/p>\n<p>Ricordiamo che nella sola Casale Monferrato, dove avevano sede gli stabilimenti Eternit e Fibromit, \u00a0i morti per <em>effetto<\/em> della polvere d\u2019amianto sono stati migliaia. <em>I titolari sapevano bene quanto fosse pericoloso per la salute maneggiare e respirare l\u2019amianto ma hanno sempre minimizzato i rischi, nel nome del profitto!!!<\/em><\/p>\n<p>Ma visto che l&#8217; effetto cancerogeno dell\u2019amianto \u00e8 un&#8217;onda lunga, la strage non si \u00e8 ancora conclusa, il mesotelioma pleurico pu\u00f2 avere anche un\u2019incubazione di 30 anni. Nel biennio 2009-11 ci sono stati 128 nuovi ammalati di mesotelioma solo a Casale Monferrato.<\/p>\n<p>Guariniello oggi ha dichiarato alla stampa che \u201cservirebbe un ufficio-osservatorio sui <em>tumori ambientali<\/em> analogo a quello che gli ha permesso di condurre l\u2019indagine anche a livello nazionale\u201d.<\/p>\n<p>\u201cLa sentenza di febbraio \u00a0\u00e8 servita a richiamare l\u2019attenzione mondiale sull\u2019amianto, problema che \u00e8 ancora pi\u00f9 grave in paesi come Cina e India. Purtroppo in Italia c\u2019\u00e8 amianto dappertutto, in case, uffici e scuole. Speriamo ci siano le risorse necessarie per completare le bonifiche\u201d.<\/p>\n<p>I dati Inail rivelano che le malattie da amianto sono in preoccupante crescita. Nel 2011 \u00a0sono state denunciate 2.250 tumori asbesto correlate, il 5 per cento delle 46.558 malattie professionali segnalate in dodici mesi. Negli ultimi cinque anni l\u2019aumento \u00e8 stato del 18 per cento: erano 1.905 nel 2006. In base alle stime Inail, <em>il picco dei tumori\u00a0<\/em>\u00e8 atteso per il 2025 quando si prevedono 3.520 casi (+56 per cento\u00a0rispetto ad oggi).<\/p>\n","protected":false},"excerpt":{"rendered":"<p><p>Il procuratore di Torino, Raffaele Guariniello fa una richiesta elementare: \u201cCi vorrebbe un Osservatorio nazionale sui tumori procurati da ambienti di lavoro e di vita\u201d.\u00a0 Un simile registro non c\u2019\u00e8. Abbiamo scritto che in Campania \u2013 \u00a0ridotta a discarica &#8211; \u00a0crescono i tumori (e i morti) ma gli esperti negano l\u2019evidenza, rifiutano il nesso tossicit\u00e0-malattia. Preferiscono consolarsi con il solito ritornello \u201cnon si pu\u00f2 stabilire un nesso di causa-effetto\u201d. Eppure il procuratore Guariniello ricorda che per 15 anni un ufficio apposito della sua procura ha analizzato 26mila casi di malati in Piemonte, 15 mila dei quali vittime dell\u2019esposizione professionale.\u00a0 Per [&hellip;]<\/p>\n&nbsp;&nbsp;<div class=\"readmore\"><a href=\"https:\/\/blog.ilgiornale.it\/locati\/2012\/07\/25\/evidenze-e-morti-negate\/\">Continua a leggere...<\/a><\/div><\/p>","protected":false},"author":992,"featured_media":0,"comment_status":"open","ping_status":"closed","sticky":false,"template":"","format":"standard","meta":[],"categories":[13530],"tags":[13529,13565,13566,13569,404915,6930,13567,13572,4975,6458,13570,13568,404826],"_links":{"self":[{"href":"https:\/\/blog.ilgiornale.it\/locati\/wp-json\/wp\/v2\/posts\/1080"}],"collection":[{"href":"https:\/\/blog.ilgiornale.it\/locati\/wp-json\/wp\/v2\/posts"}],"about":[{"href":"https:\/\/blog.ilgiornale.it\/locati\/wp-json\/wp\/v2\/types\/post"}],"author":[{"embeddable":true,"href":"https:\/\/blog.ilgiornale.it\/locati\/wp-json\/wp\/v2\/users\/992"}],"replies":[{"embeddable":true,"href":"https:\/\/blog.ilgiornale.it\/locati\/wp-json\/wp\/v2\/comments?post=1080"}],"version-history":[{"count":3,"href":"https:\/\/blog.ilgiornale.it\/locati\/wp-json\/wp\/v2\/posts\/1080\/revisions"}],"predecessor-version":[{"id":1082,"href":"https:\/\/blog.ilgiornale.it\/locati\/wp-json\/wp\/v2\/posts\/1080\/revisions\/1082"}],"wp:attachment":[{"href":"https:\/\/blog.ilgiornale.it\/locati\/wp-json\/wp\/v2\/media?parent=1080"}],"wp:term":[{"taxonomy":"category","embeddable":true,"href":"https:\/\/blog.ilgiornale.it\/locati\/wp-json\/wp\/v2\/categories?post=1080"},{"taxonomy":"post_tag","embeddable":true,"href":"https:\/\/blog.ilgiornale.it\/locati\/wp-json\/wp\/v2\/tags?post=1080"}],"curies":[{"name":"wp","href":"https:\/\/api.w.org\/{rel}","templated":true}]}}