{"id":1093,"date":"2012-08-02T15:58:26","date_gmt":"2012-08-02T15:58:26","guid":{"rendered":"https:\/\/blog.ilgiornale.it\/locati\/2012\/08\/02\/il-giudice-si-alla-cura-di-bella-lo-dimostra-lo-ieo\/"},"modified":"2012-08-02T16:19:41","modified_gmt":"2012-08-02T16:19:41","slug":"il-giudice-si-alla-cura-di-bella-lo-dimostra-lo-ieo","status":"publish","type":"post","link":"https:\/\/blog.ilgiornale.it\/locati\/2012\/08\/02\/il-giudice-si-alla-cura-di-bella-lo-dimostra-lo-ieo\/","title":{"rendered":"Il giudice: &#8220;S\u00ec alla cura Di Bella. Lo dimostra lo Ieo&#8221;"},"content":{"rendered":"<p>\u00c8 ancora un giudice a pronunciarsi sulla libert\u00e0 di cura. Ed \u00e8 ancora un dibattimento in tribunale a garantire a un malato di tumore il rispetto degli articoli 3 e 32 della Costituzione italiana, quelli che parlano di uguaglianza e di diritto alle cure gratuite a chi non pu\u00f2 permettersele.<\/p>\n<p>\u00c8 del 16 luglio la prima pronuncia calabrese a favore di un malato di cancro in cura con la terapia Di Bella. Provvedimenti simili si sono avuti a macchia di leopardo in molte regioni italiane, Puglia e Sicilia soprattutto, ma anche Lazio, Emilia Romagna e, ora, arriva anche la Calabria.<\/p>\n<p> Si tratta di una sentenza di secondo grado, immediatamente esecutiva, a favore di Andrea A., trentanovenne cosentino, colpito da carcinoma squamo cellulare rinofaringeo, un tumore che intacca naso e gola e che non si pu\u00f2 rimuovere chirurgicamente.<\/p>\n<p>La diagnosi risale all&#8217; aprile del 2011. Il tempo di documentarsi, di consultare i vari specialisti e, nell&#8217; ottobre dello stesso anno, Andrea comincia, a proprie spese, la cura Di Bella.<\/p>\n<p>Il 6 giugno scorso, l&#8217;avvocato di Andrea presenta ricorso al tribunale di Cosenza per ottenere il rimborso della terapia ma l&#8217;istanza \u00e8 subito rigettata. Come motivazione il giudice adduce &#8221; l&#8217;esito negativo della sperimentazione del 1998&#8243; .<\/p>\n<p>Seguito dallo studio legale Coppa, esperto in responsabilit\u00e0 medica, Andrea non smette di reclamare il suo diritto a curarsi con la terapia prescelta: &#8220;Avevo scartato la radioterapia  &#8211; che pure mi sarebbe stata pagata dal servizio sanitario &#8211; per via degli effetti collaterali decisamente pesanti. Mi sarei ritrovato senza salivazione, con difficolt\u00e0 a deglutire, con infiammazioni delle mucose e soprattutto avrei avuto danni irreversibili ai muscoli della masticazione&#8221;.<\/p>\n<p>Negli incartamenti presentati in appello dall&#8217;avvocato Massimiliano Coppa c&#8217;\u00e8 l&#8217;esito di esami clinici fatti all&#8217;Istituto europeo di oncologia di Milano. Risonanza magnetica e tac attestano la regressione del male: dal momento della diagnosi, aprile 2011 al novembre dello stesso anno, la stadiazione del tumore \u00e8 passata dal T2 iniziale<br \/>\n al T1. Il referto \u00e8 firmato dallo specialista dell&#8217;Unit\u00e0 neoplastica del cavo orale dello Ieo, Roberto Bruschini.<\/p>\n<p>&#8220;Un professionista per bene &#8211; lo definisce Andrea A. &#8211; Bruschini sapeva che stavo seguendo il metodo Di Bella, non mi ha mai detto nulla di sgradevole, anzi, ha espresso soddisfazione per i risultati&#8221;. Andrea ha  rifiutato anche la chemioterapia &#8220;poich\u00e8 non mi avrebbero prospettato una riduzione del carcinoma&#8221;.<\/p>\n<p>Fra i cavalli di battaglia dell&#8217;avvocato Coppa, oltre al referto dello Ieo, l&#8217;articolo 3 della Costituzione italiana che stigmatizza la disparit\u00e0  di trattamento &#8221; fra pazienti benestanti e non benestanti&#8221; poich\u00e8  Andrea A.  non avrebbe potuto affrontare i costi di una terapia di tasca propria.<\/p>\n<p>Nella sentenza si legge:  &#8220;Visto che dai documenti emerge una risposta positiva al seguente trattamento, visto che la malattia \u00e8 regredita, il trattamento in questione \u00e8 da ritenersi determinante per la sopravvivenza del paziente, si ritiene anche che una sua interruzione comporti effetti non rimediabili&#8221;.<\/p>\n<p>Cos\u00ec, a colpi di giurisprudenza, continua l&#8217;eterna storia dei malati di tumore che scelgono di curarsi con il metodo dello scienziato siciliano Luigi Di Bella, nato  il 17 luglio di cento anni fa. La terapia, ufficialmente bocciata dal ministero nel 1998, e ufficiosamente seguita da molti pazienti, ora riceve un implicito riconoscimento anche dallo Ieo. <\/p>\n<p>A voler ricordare non \u00e8 la prima volta che lo Ieo dimostra &#8220;implicita&#8221; riconoscenza al metodo Di Bella. Il farmaco cardine della terapia dibelliana, la somatostatina, che Di Bella usa per frenare la crescita e l&#8217;angiogensi dei tumori \u00e8 utilizzata allo Ieo come vettore di altre molecole, nella radioterapia. E nello stesso anno che decret\u00f2 il fallimento della cura Di Bella, il 1998, Giuseppe Pelicci, oncologo Ieo, merit\u00f2 il premio Venosta per aver indicato &#8220;una nuova strada terapeutica&#8221; nella cura della leucemia acuta promielocitica\n<\/ol>\n<p> usando l&#8217;acido retinoico, una delle molecole dibelliane.<\/p>\n<p><a href=\"https:\/\/blog.ilgiornale.it\/locati\/files\/2012\/08\/20120802-181219.jpg\"><img src=\"https:\/\/blog.ilgiornale.it\/locati\/files\/2012\/08\/20120802-181219.jpg\" alt=\"20120802-181219.jpg\" class=\"alignnone size-full\" \/><\/a><\/p>\n","protected":false},"excerpt":{"rendered":"<p><p>\u00c8 ancora un giudice a pronunciarsi sulla libert\u00e0 di cura. Ed \u00e8 ancora un dibattimento in tribunale a garantire a un malato di tumore il rispetto degli articoli 3 e 32 della Costituzione italiana, quelli che parlano di uguaglianza e di diritto alle cure gratuite a chi non pu\u00f2 permettersele. \u00c8 del 16 luglio la prima pronuncia calabrese a favore di un malato di cancro in cura con la terapia Di Bella. Provvedimenti simili si sono avuti a macchia di leopardo in molte regioni italiane, Puglia e Sicilia soprattutto, ma anche Lazio, Emilia Romagna e, ora, arriva anche la Calabria. [&hellip;]<\/p>\n&nbsp;&nbsp;<div class=\"readmore\"><a href=\"https:\/\/blog.ilgiornale.it\/locati\/2012\/08\/02\/il-giudice-si-alla-cura-di-bella-lo-dimostra-lo-ieo\/\">Continua a leggere...<\/a><\/div><\/p>","protected":false},"author":992,"featured_media":0,"comment_status":"open","ping_status":"closed","sticky":false,"template":"","format":"standard","meta":[],"categories":[247],"tags":[404912,13581,13580,13583,404830,13582,2755,13436,249,13586,404829,13579,13584,13585],"_links":{"self":[{"href":"https:\/\/blog.ilgiornale.it\/locati\/wp-json\/wp\/v2\/posts\/1093"}],"collection":[{"href":"https:\/\/blog.ilgiornale.it\/locati\/wp-json\/wp\/v2\/posts"}],"about":[{"href":"https:\/\/blog.ilgiornale.it\/locati\/wp-json\/wp\/v2\/types\/post"}],"author":[{"embeddable":true,"href":"https:\/\/blog.ilgiornale.it\/locati\/wp-json\/wp\/v2\/users\/992"}],"replies":[{"embeddable":true,"href":"https:\/\/blog.ilgiornale.it\/locati\/wp-json\/wp\/v2\/comments?post=1093"}],"version-history":[{"count":4,"href":"https:\/\/blog.ilgiornale.it\/locati\/wp-json\/wp\/v2\/posts\/1093\/revisions"}],"predecessor-version":[{"id":1099,"href":"https:\/\/blog.ilgiornale.it\/locati\/wp-json\/wp\/v2\/posts\/1093\/revisions\/1099"}],"wp:attachment":[{"href":"https:\/\/blog.ilgiornale.it\/locati\/wp-json\/wp\/v2\/media?parent=1093"}],"wp:term":[{"taxonomy":"category","embeddable":true,"href":"https:\/\/blog.ilgiornale.it\/locati\/wp-json\/wp\/v2\/categories?post=1093"},{"taxonomy":"post_tag","embeddable":true,"href":"https:\/\/blog.ilgiornale.it\/locati\/wp-json\/wp\/v2\/tags?post=1093"}],"curies":[{"name":"wp","href":"https:\/\/api.w.org\/{rel}","templated":true}]}}