{"id":1270,"date":"2012-10-25T11:04:57","date_gmt":"2012-10-25T11:04:57","guid":{"rendered":"https:\/\/blog.ilgiornale.it\/locati\/?p=1270"},"modified":"2012-10-25T11:17:22","modified_gmt":"2012-10-25T11:17:22","slug":"se-la-chemio-e-accanimento","status":"publish","type":"post","link":"https:\/\/blog.ilgiornale.it\/locati\/2012\/10\/25\/se-la-chemio-e-accanimento\/","title":{"rendered":"Se la chemio \u00e8 accanimento"},"content":{"rendered":"<p><a href=\"https:\/\/blog.ilgiornale.it\/locati\/files\/2012\/10\/Chemotherapy-drugs.jpg\"><img loading=\"lazy\" class=\"alignleft size-thumbnail wp-image-1276\" src=\"https:\/\/blog.ilgiornale.it\/locati\/files\/2012\/10\/Chemotherapy-drugs-150x150.jpg\" alt=\"\" width=\"150\" height=\"150\" \/><\/a>Almeno due terzi dei pazienti che hanno un tumore in\u00a0stadio avanzato pensano che la chemioterapia che stanno ricevendo li\u00a0potrebbe curare, anche quando in realt\u00e0 serve a dare loro pochi mesi di vita. Lo afferma uno studio pubblicato dal <strong>New England\u00a0Journal of Medicine<\/strong>.<\/p>\n<p>I ricercatori del Dana-Farber Cancer Institute di Boston hanno intervistato\u00a0quasi milleduecento pazienti con tumori ai polmoni in fase terminale o al\u00a0colon retto gi\u00e0 diffusi in tutto il corpo attraverso le metastasi, tutti cio\u00e8 in\u00a0uno stadio in cui la chemioterapia pu\u00f2 dare al massimo qualche mese di vita.<\/p>\n<p>Il 69% dei malati di tumore al polmone e l\u201981% degli altri ha dichiarato di\u00a0sperare nella guarigione: \u201cNon si tratta di pazienti poco intelligenti o di\u00a0cattivi medici &#8211; spiega Deborah Schrag, uno degli autori &#8211; ma di una\u00a0complessa dinamica di comunicazione, per cui \u00e8 difficile per i medici dare\u00a0una cattiva notizia e per i pazienti accettarla. Ironicamente abbiamo\u00a0scoperto che i pazienti che si dicono pi\u00f9 soddisfatti della comunicazione del proprio medico sono proprio quelli che hanno capito meno la loro\u00a0situazione\u201d.<\/p>\n<p><em>Toh, i pazienti non capiscono, ma chi li deve informare? Se non c\u2019\u00e8 pi\u00f9 nulla da fare (e un medico lo sa) perch\u00e9 non offrire un\u2019alternativa, dolce e non tossica? \u00a0Si dir\u00e0 che non esistono cure dolci perch\u00e9 non sono scientificamente provate \u2026 Ma se non c\u2019\u00e8 pi\u00f9 nulla da fare per quale sadismo insistere con alte dosi di veleno?\u00a0<\/em><\/p>\n<p><em>Perch\u00e9 si deve staccare la spina alle Eluane e non si deve sospendere una chemio palliativa (quella che ti propinano se sei pieno di metastasi) o una chemio a oltranza (unica indicazione per i tumori cerebrali). Perch\u00e9 per le Eluane si chiama accanimento e \u00a0per i malati di cancro non si deve chiamare allo stesso modo, con l\u2019aggravante della presa per i fondelli? Perch\u00e9?<\/em><\/p>\n","protected":false},"excerpt":{"rendered":"<p><p>Almeno due terzi dei pazienti che hanno un tumore in\u00a0stadio avanzato pensano che la chemioterapia che stanno ricevendo li\u00a0potrebbe curare, anche quando in realt\u00e0 serve a dare loro pochi mesi di vita. Lo afferma uno studio pubblicato dal New England\u00a0Journal of Medicine. I ricercatori del Dana-Farber Cancer Institute di Boston hanno intervistato\u00a0quasi milleduecento pazienti con tumori ai polmoni in fase terminale o al\u00a0colon retto gi\u00e0 diffusi in tutto il corpo attraverso le metastasi, tutti cio\u00e8 in\u00a0uno stadio in cui la chemioterapia pu\u00f2 dare al massimo qualche mese di vita. Il 69% dei malati di tumore al polmone e l\u201981% degli [&hellip;]<\/p>\n&nbsp;&nbsp;<div class=\"readmore\"><a href=\"https:\/\/blog.ilgiornale.it\/locati\/2012\/10\/25\/se-la-chemio-e-accanimento\/\">Continua a leggere...<\/a><\/div><\/p>","protected":false},"author":992,"featured_media":0,"comment_status":"open","ping_status":"closed","sticky":false,"template":"","format":"standard","meta":[],"categories":[787],"tags":[14795,14802,404830,14797,14798,14799,14796,14800,14801],"_links":{"self":[{"href":"https:\/\/blog.ilgiornale.it\/locati\/wp-json\/wp\/v2\/posts\/1270"}],"collection":[{"href":"https:\/\/blog.ilgiornale.it\/locati\/wp-json\/wp\/v2\/posts"}],"about":[{"href":"https:\/\/blog.ilgiornale.it\/locati\/wp-json\/wp\/v2\/types\/post"}],"author":[{"embeddable":true,"href":"https:\/\/blog.ilgiornale.it\/locati\/wp-json\/wp\/v2\/users\/992"}],"replies":[{"embeddable":true,"href":"https:\/\/blog.ilgiornale.it\/locati\/wp-json\/wp\/v2\/comments?post=1270"}],"version-history":[{"count":5,"href":"https:\/\/blog.ilgiornale.it\/locati\/wp-json\/wp\/v2\/posts\/1270\/revisions"}],"predecessor-version":[{"id":1272,"href":"https:\/\/blog.ilgiornale.it\/locati\/wp-json\/wp\/v2\/posts\/1270\/revisions\/1272"}],"wp:attachment":[{"href":"https:\/\/blog.ilgiornale.it\/locati\/wp-json\/wp\/v2\/media?parent=1270"}],"wp:term":[{"taxonomy":"category","embeddable":true,"href":"https:\/\/blog.ilgiornale.it\/locati\/wp-json\/wp\/v2\/categories?post=1270"},{"taxonomy":"post_tag","embeddable":true,"href":"https:\/\/blog.ilgiornale.it\/locati\/wp-json\/wp\/v2\/tags?post=1270"}],"curies":[{"name":"wp","href":"https:\/\/api.w.org\/{rel}","templated":true}]}}