{"id":1410,"date":"2013-01-19T18:22:15","date_gmt":"2013-01-19T17:22:15","guid":{"rendered":"https:\/\/blog.ilgiornale.it\/locati\/2013\/01\/19\/ecco-le-regioni-che-rimborsano-la-parrucca\/"},"modified":"2013-01-19T22:29:27","modified_gmt":"2013-01-19T21:29:27","slug":"ecco-le-regioni-che-rimborsano-la-parrucca","status":"publish","type":"post","link":"https:\/\/blog.ilgiornale.it\/locati\/2013\/01\/19\/ecco-le-regioni-che-rimborsano-la-parrucca\/","title":{"rendered":"Ecco le Regioni che rimborsano la parrucca"},"content":{"rendered":"<p>Grazie ad Annamaria ho saputo che ci sono due regioni, la <strong>Toscana<\/strong> e il <strong>Piemonte<\/strong>, che rimborsano una parte della cifra spesa per acquistare la parrucca. Il bonus \u00e8 di 300 euro in Toscana, di 250 in Piemonte.<\/p>\n<p> La prima delibera toscana risale al 2007,  in Piemonte si part\u00ec tre anni pi\u00f9 tardi. Lo sconto \u00e8 per tutte le donne costrette a gestire gli effetti collaterali  della chemioterapia. &#8220;\u00c8 un provvedimento extra lea, cio\u00e8 non rientra nelle voci per l&#8217;assistenza dovuta, \u00e8 a discrezione delle amministrazioni &#8211; spiega Lucia Zambelli dalla Toscana &#8211; L&#8217;anno scorso abbiamo potuto aiutare 1.663 donne con 450mila euro&#8221;.<\/p>\n<p>Pi\u00f9 o meno duemila l&#8217;anno le pazienti che hanno avuto il contributo in Piemonte. &#8220;\u00c8 una scelta precisa quella di destinare risorse all&#8217;acquisto della parrucca &#8211; riflette Raffaella Ferraris dell&#8217;assessorato sanit\u00e0 &#8211; noi abbiamo sempre collaborato con le associazioni che aiutano le donne operate&#8221;.<\/p>\n<p>E le altre regioni, la Lombardia ad esempio? Si chiede Annamaria. Al momento nessun rimborso. Abbiamo girato la domanda al neo assessore, Mario Melazzini, oncologo. In attesa che ci risponda, faccio un salto a ritroso e vi parlo della mia parrucca.<\/p>\n<p>Non l&#8217;ho mai amata e non vedevo l&#8217;ora di liberarmene. Eppure, associate al mio caschetto finto, oggi sommo tante cose. La prima e fondamentale riguarda il senso di quelle cure. Ricordo che cinque anni fa sarei stata disposta ad accettare perfino il doppio della chemio in vena pur di arrivare serena alla fine del tunnel. Ero convinta che sarebbe stato &#8220;il rimedio&#8221; perch\u00e8 cos\u00ec mi era stato detto, perci\u00f2 non avrei dato importanza al vomito o alla testa pelata. In quella bolla di incoscienza ho affrontato i miei quattro cicli. <\/p>\n<p>Alle associazioni e agli assessorati sensibili ai disagi delle donne va tutta la mia stima. Sono convinta che vivano anche loro nella bolla. Il velo cade quando ci si ammala e la mente \u00e8 disposta a cercare.<\/p>\n<p>Io oggi so che se dovessi un giorno riacquistare una seconda parrucca sar\u00e0 per un&#8217;alopecia <em>non<\/em> provocata dalla chemioterapia. Perch\u00e8 un&#8217;eventuale ricaduta del cancro e le conseguenti metastasi le affronterei come ha fatto <a href=\"https:\/\/www.ilgiornale.it\/news\/ecco-sono-sparite-mie-14-metastasi.html\">Michela<\/a> o come <a href=\"https:\/\/www.ilgiornale.it\/news\/io-guarita-cura-bella.html\">Marina<\/a> o <a href=\"https:\/\/blog.ilgiornale.it\/locati\/2012\/11\/18\/liberta-e-partecipazione\/\">Franca<\/a>.<\/p>\n<p>L&#8217;altra sera sfogliavo &#8220;Vita e salute&#8221;, mensile dell&#8217;omonima onlus, che ha la direzione scientifica di <strong>Franco Berrino<\/strong>, epidemiologo dell&#8217;istituto tumori di Milano. Ne ho apprezzato l&#8217;editoriale di Ennio Battista che invita a non fidarsi  della pubblicit\u00e0 di uno yogurt &#8220;che previene  l&#8217;osteoporosi&#8221;, esempio di messaggio &#8220;che crea una barriera culturale alla buona informazione&#8221;. Poi sono passata al servizio &#8220;Se la chemioterapia non fa paura&#8221; e, aim\u00e8, ho trovato proprio i messaggi che innalzano la barriera di cui sopra ( sono sicura che la colpa non sia della giornalista perch\u00e8 chi non ha avuto n\u00e8 il cancro, n\u00e9 la curiosit\u00e0 ad esso collegata, galleggia nella bolla ). Ho letto:  &#8220;<em>chemioterapia \u00e8 una parola che fa ancora paura (&#8230;) Anche una terapia antibiotica \u00e8, in senso stretto, chemioterapia, ma oggi questo termine si usa  per indicare i farmaci per trattare il cancro, spesso di origine naturale: molti dei principi attivi utilizzati nascono da estratti di piante anche se raffinati o addirittura riprodotti in laboratorio&#8230;&#8221; <\/em><br \/>\n(Eh, anche la cicuta \u00e8 naturale, eppure \u00e8 mortale!)<\/p>\n<p>Il fatto \u00e8 che a noi pazienti non importa un bel niente sapere che la vincristina derivi dalla Pervinca del Madagascar, <strong>vogliamo capire come agisce  nel nostro corpo, che tipo di danno crea e in che misura questo effetto \u00e8 irreversibile. Sono informazioni fondamentali per poter scegliere, chi \u00e8 malato deve sapere se dopo le dosi massime consentite (da chi e quando?) di cisplatino si ritrova su una sedia a rotelle! <\/strong><\/p>\n<p>Eppure nessuno ce lo racconta, n\u00e8 il giornale di Berrino, n\u00e8 l&#8217;oncologo che ci cura, il quale, se sufficientemente preparato, a proposito del cisplatino &#8211; che si continua a usare da mezzo secolo (alla faccia dei miliardi spesi in ricerca) &#8211; vi dir\u00e0  &#8220;che il meccanismo d&#8217;azione \u00e8 ancora oscuro&#8221; ( ma quando venne approvato e su quale gruppo di pazienti? ).<\/p>\n<p>Tornando all&#8217;articolo: &#8220;&#8230;<em>fortunatamente oggi la chemioterapia non \u00e8 pi\u00f9 la sola arma (?) ma fa parte di un ampio mosaico di terapie che comprende farmaci mirati, come gli anticorpi monoclonali, le terapie ormonali e gli inibitori della crescita tumorale<\/em>&#8221; . Tutti noi, che ci siamo passati, sappiamo che questi farmaci vengono dati DOPO la chemio e non AL POSTO della chemio, la spiegazione \u00e8 sorprendentemente identica per tutti: &#8220;\u00c8 stato dimostrato che l&#8217;avveniristico ritrovato biologico potenzia gli effetti della chemio&#8230; e via cos\u00ec&#8221;.<\/p>\n<p>Per vedere il mondo fuori dalla bolla suggerisco di telefonare all&#8217;istituto di ricerca <strong>Ramazzini<\/strong> di Bologna. \u00c8 il centro che studia ed esamina gli effetti delle sostanze tossiche sull&#8217;uomo. Il direttore, <strong>Morando Soffritti, <\/strong>non fa giri di parole : &#8220;<strong>A un malato di cancro basta togliergli la chemio per vederlo stare meglio&#8221;.<br \/>\n<\/strong><br \/>\nPS. La foto col parrucchino risale al marzo 2008, ero alla festina di Pietro, il figlio di amici, che ho visto nascere e che quel giorno compiva 8 anni. La parrucca l&#8217;ho gettata via a fine giugno, ricorrenza dell&#8217;onomastico di mia nonna. Da quel momento ho sfoggiato un taglio alla marines: mi sentivo leggera come una farfalla, anche se non avevo ancora cominciato a volare.<\/p>\n<p><a href=\"https:\/\/blog.ilgiornale.it\/locati\/files\/2013\/01\/20130119-182212.jpg\"><img src=\"https:\/\/blog.ilgiornale.it\/locati\/files\/2013\/01\/20130119-182212.jpg\" alt=\"20130119-182212.jpg\" class=\"alignnone size-full\" \/><\/a><\/p>\n","protected":false},"excerpt":{"rendered":"<p><p>Grazie ad Annamaria ho saputo che ci sono due regioni, la Toscana e il Piemonte, che rimborsano una parte della cifra spesa per acquistare la parrucca. Il bonus \u00e8 di 300 euro in Toscana, di 250 in Piemonte. La prima delibera toscana risale al 2007, in Piemonte si part\u00ec tre anni pi\u00f9 tardi. Lo sconto \u00e8 per tutte le donne costrette a gestire gli effetti collaterali della chemioterapia. &#8220;\u00c8 un provvedimento extra lea, cio\u00e8 non rientra nelle voci per l&#8217;assistenza dovuta, \u00e8 a discrezione delle amministrazioni &#8211; spiega Lucia Zambelli dalla Toscana &#8211; L&#8217;anno scorso abbiamo potuto aiutare 1.663 donne [&hellip;]<\/p>\n&nbsp;&nbsp;<div class=\"readmore\"><a href=\"https:\/\/blog.ilgiornale.it\/locati\/2013\/01\/19\/ecco-le-regioni-che-rimborsano-la-parrucca\/\">Continua a leggere...<\/a><\/div><\/p>","protected":false},"author":992,"featured_media":0,"comment_status":"open","ping_status":"closed","sticky":false,"template":"","format":"standard","meta":[],"categories":[2558],"tags":[15026,14748,404830,15025,14871,5029,13306,15021,14960,249,15027,14923,15019,15023,15018,15022,2659,15024],"_links":{"self":[{"href":"https:\/\/blog.ilgiornale.it\/locati\/wp-json\/wp\/v2\/posts\/1410"}],"collection":[{"href":"https:\/\/blog.ilgiornale.it\/locati\/wp-json\/wp\/v2\/posts"}],"about":[{"href":"https:\/\/blog.ilgiornale.it\/locati\/wp-json\/wp\/v2\/types\/post"}],"author":[{"embeddable":true,"href":"https:\/\/blog.ilgiornale.it\/locati\/wp-json\/wp\/v2\/users\/992"}],"replies":[{"embeddable":true,"href":"https:\/\/blog.ilgiornale.it\/locati\/wp-json\/wp\/v2\/comments?post=1410"}],"version-history":[{"count":2,"href":"https:\/\/blog.ilgiornale.it\/locati\/wp-json\/wp\/v2\/posts\/1410\/revisions"}],"predecessor-version":[{"id":1411,"href":"https:\/\/blog.ilgiornale.it\/locati\/wp-json\/wp\/v2\/posts\/1410\/revisions\/1411"}],"wp:attachment":[{"href":"https:\/\/blog.ilgiornale.it\/locati\/wp-json\/wp\/v2\/media?parent=1410"}],"wp:term":[{"taxonomy":"category","embeddable":true,"href":"https:\/\/blog.ilgiornale.it\/locati\/wp-json\/wp\/v2\/categories?post=1410"},{"taxonomy":"post_tag","embeddable":true,"href":"https:\/\/blog.ilgiornale.it\/locati\/wp-json\/wp\/v2\/tags?post=1410"}],"curies":[{"name":"wp","href":"https:\/\/api.w.org\/{rel}","templated":true}]}}