{"id":1481,"date":"2013-03-05T12:32:02","date_gmt":"2013-03-05T11:32:02","guid":{"rendered":"https:\/\/blog.ilgiornale.it\/locati\/?p=1481"},"modified":"2013-03-05T12:32:02","modified_gmt":"2013-03-05T11:32:02","slug":"prevenire-e-meglio","status":"publish","type":"post","link":"https:\/\/blog.ilgiornale.it\/locati\/2013\/03\/05\/prevenire-e-meglio\/","title":{"rendered":"Prevenire \u00e8 meglio&#8230;"},"content":{"rendered":"<p><a href=\"https:\/\/blog.ilgiornale.it\/locati\/files\/2013\/03\/preven.jpg\"><img loading=\"lazy\" class=\"alignleft size-full wp-image-1482\" src=\"https:\/\/blog.ilgiornale.it\/locati\/files\/2013\/03\/preven.jpg\" alt=\"\" width=\"180\" height=\"180\" srcset=\"https:\/\/blog.ilgiornale.it\/locati\/files\/2013\/03\/preven.jpg 180w, https:\/\/blog.ilgiornale.it\/locati\/files\/2013\/03\/preven-150x150.jpg 150w\" sizes=\"(max-width: 180px) 100vw, 180px\" \/><\/a>Visite senologiche gratuite negli ospedali milanesi promosse dall\u2019<strong>Andos<\/strong>, associazione italiana donne operate. L\u2019iniziativa si svolge da parecchi anni (grazie anche al sostegno di Fondazione Cariplo) e a <em>noi piace<\/em> <em>particolarmente<\/em> perch\u00e8 non si dice che per prevenire il cancro si debba fare il pieno di radiazioni\u00a0 (tac o mammografie frequenti o frequentissime). <em>Ma invita a conoscersi, a esplorare il proprio corpo, a individuare cosa c\u2019\u00e8 di diverso che prima non c\u2019era<\/em>. Nel caso del seno, \u00a0il senologo \u00e8 la prima persona cui rivolgersi quando si \u00e8 in dubbio, \u00e8 lui che ci aiuta a riconoscere i segnali d&#8217;allarme, la buona regola dell\u2019auto-conoscenza si dovrebbe applicare a tutto il corpo.<\/p>\n<p>Da ieri all<strong>\u20198 marzo<\/strong> si svolgono visite specialistiche gratuite per il seno in otto ospedali milanesi.<a href=\"http:\/\/www.andosonlusnazionale.it\/eventi\/2013\/03\/viste-senologiche-gratuite-4-8-marzo-2013-milano.html\" target=\"_blank\"> Cliccate qui <\/a>per vedere la locandina e scoprire se c\u2019\u00e8 ancora posto negli ambulatori che hanno gi\u00e0 chiuso le prenotazioni.<\/p>\n<p>Ci si pu\u00f2 ancora prenotare all\u2019ospedale <strong>San Paolo<\/strong> telefonando allo <strong>02-8184.3060<\/strong> dalle 13.30 alle 15.30.\u00a0 Al <strong>Policlinico di San Donato<\/strong> chiamando da luned\u00ec al venerd\u00ec dalle 10 alle 12 allo <strong>02-52.77.4691 <\/strong>e alla<strong> clinica Mangiagalli <\/strong>telefonando dalle 8 alle 12 allo <strong>02-5503.4218<\/strong><\/p>\n<p>A tema vi segnalo la conferenza \u201cLa prevenzione delle malattie croniche\u201d del dottor Franco Berrino, mercoled\u00ec 6 marzo all\u2019Istituto dei Tumori di via Venezian 1. Dalle 18 alle 20, ingresso libero. \u00a0I dibattiti di Berrino sono sempre un bell\u2019ascoltare, si impara a fare la spesa, a scartare gli ingredienti che alzano glicemia e i fattori di crescita insulinica come lo zucchero bianco, la farina bianca 00, a privilegiare i legumi, le verdure, la frutta di stagione. A ridurre i grassi animali. Insomma, quel che pu\u00f2 dire Berrino lo dice. Raccoglie i dati di chi si ammala, presiede l\u2019epidemiologia dell\u2019istituto dei tumori e ammette: \u201cNon sappiamo ancora come debellare il grande nemico\u201d oppure \u201cil mercato ha le sue leggi\u201d. <a href=\"http:\/\/http:\/\/www.istitutotumori.mi.it\/istituto\/documenti\/cittadino\/2013\/Mercoled%C3%AC-per-Esterni-MARZO-2013.pdf\" target=\"_blank\">Leggete<\/a>\u00a0(cliccate da google e poi aprite il link locandina)<\/p>\n","protected":false},"excerpt":{"rendered":"<p><p>Visite senologiche gratuite negli ospedali milanesi promosse dall\u2019Andos, associazione italiana donne operate. L\u2019iniziativa si svolge da parecchi anni (grazie anche al sostegno di Fondazione Cariplo) e a noi piace particolarmente perch\u00e8 non si dice che per prevenire il cancro si debba fare il pieno di radiazioni\u00a0 (tac o mammografie frequenti o frequentissime). Ma invita a conoscersi, a esplorare il proprio corpo, a individuare cosa c\u2019\u00e8 di diverso che prima non c\u2019era. Nel caso del seno, \u00a0il senologo \u00e8 la prima persona cui rivolgersi quando si \u00e8 in dubbio, \u00e8 lui che ci aiuta a riconoscere i segnali d&#8217;allarme, la buona [&hellip;]<\/p>\n&nbsp;&nbsp;<div class=\"readmore\"><a href=\"https:\/\/blog.ilgiornale.it\/locati\/2013\/03\/05\/prevenire-e-meglio\/\">Continua a leggere...<\/a><\/div><\/p>","protected":false},"author":992,"featured_media":0,"comment_status":"open","ping_status":"closed","sticky":false,"template":"","format":"standard","meta":[],"categories":[247],"tags":[2568,23039,2590,5031,5029,23037,2585,23038,404833,23040,8832],"_links":{"self":[{"href":"https:\/\/blog.ilgiornale.it\/locati\/wp-json\/wp\/v2\/posts\/1481"}],"collection":[{"href":"https:\/\/blog.ilgiornale.it\/locati\/wp-json\/wp\/v2\/posts"}],"about":[{"href":"https:\/\/blog.ilgiornale.it\/locati\/wp-json\/wp\/v2\/types\/post"}],"author":[{"embeddable":true,"href":"https:\/\/blog.ilgiornale.it\/locati\/wp-json\/wp\/v2\/users\/992"}],"replies":[{"embeddable":true,"href":"https:\/\/blog.ilgiornale.it\/locati\/wp-json\/wp\/v2\/comments?post=1481"}],"version-history":[{"count":3,"href":"https:\/\/blog.ilgiornale.it\/locati\/wp-json\/wp\/v2\/posts\/1481\/revisions"}],"predecessor-version":[{"id":1487,"href":"https:\/\/blog.ilgiornale.it\/locati\/wp-json\/wp\/v2\/posts\/1481\/revisions\/1487"}],"wp:attachment":[{"href":"https:\/\/blog.ilgiornale.it\/locati\/wp-json\/wp\/v2\/media?parent=1481"}],"wp:term":[{"taxonomy":"category","embeddable":true,"href":"https:\/\/blog.ilgiornale.it\/locati\/wp-json\/wp\/v2\/categories?post=1481"},{"taxonomy":"post_tag","embeddable":true,"href":"https:\/\/blog.ilgiornale.it\/locati\/wp-json\/wp\/v2\/tags?post=1481"}],"curies":[{"name":"wp","href":"https:\/\/api.w.org\/{rel}","templated":true}]}}