{"id":1509,"date":"2013-04-02T19:02:14","date_gmt":"2013-04-02T17:02:14","guid":{"rendered":"https:\/\/blog.ilgiornale.it\/locati\/?p=1509"},"modified":"2013-04-02T19:02:14","modified_gmt":"2013-04-02T17:02:14","slug":"toh-nelle-staminali-ci-sono-i-retinoidi","status":"publish","type":"post","link":"https:\/\/blog.ilgiornale.it\/locati\/2013\/04\/02\/toh-nelle-staminali-ci-sono-i-retinoidi\/","title":{"rendered":"Toh, nelle staminali ci sono i retinoidi"},"content":{"rendered":"<p><strong><em>Prima notizia<\/em><\/strong>: le staminali mesenchimali del metodo <strong>Stamina <\/strong>&#8211; che tanto fanno discutere in questi giorni &#8211; vengono differenziate grazie all\u2019acido retinoico diluito nell\u2019alcool. Rispetto al fatto che la terapia Stamina stia migliorando i sintomi di tanti bimbi affetti da malattie degenerative, questa dell\u2019acido retinoico \u00e8 una notizia di secondo piano.<\/p>\n<p>Ma vale la pena soffermarcisi.\u00a0 Perch\u00e9 una propriet\u00e0 dell\u2019acido retinoico \u00e8 proprio quella di far maturare le cellule immature (che crescono in modo incontrollato) \u00a0e di ripristinare il naturale ciclo delle cellule: nascita, vita e morte (le cellule tumorali nascono, vivono e non muoiono mai). <em>Questo \u00e8 un fatto acquisito in medicina. Tant\u2019\u00e8 che il metodo Stamina, messo a punto da ricercatori russi, prevede l\u2019acido retinoico per differenziare le cellule prima di trapiantarle nei pazienti.<\/em><\/p>\n<p>Per\u00f2 la nostra Medicina ricorre all\u2019acido retinoico \u00a0<strong>solo<\/strong> per curare la leucemia promielocitica acuta (come ha spiegato Pier Giuseppe Pelicci nel <a href=\"https:\/\/blog.ilgiornale.it\/locati\/2013\/03\/27\/il-genoma-e-quasi-completo-ma-il-cancro-abita-fuori\/\" target=\"_blank\">post precedente<\/a>) <em>nonostante la crescita incontrollata delle cellule sia una caratteristica manifesta in tutti i tumori del sangue e del corpo<\/em>. Non solo: da noi la promettente ricerca su fenretinide (derivato sintetico dell\u2019acido retinoico) \u00a0\u00e8 ferma al palo anche se, dopo ampio studio multicentrico, ha dimostrato di dimezzare il rischio di recidiva nelle donne con tumore solido al seno.<\/p>\n<p><strong><em>Morale<\/em><\/strong><em>: i rimedi ci sono ma non si usano anche se \u201csono scientificamente provati\u201d. <\/em><\/p>\n<p><strong><em>Seconda notizia<\/em><\/strong>: \u00a0Seguendo passo passo la vicenda delle staminali Vannoni, purtroppo ritroviamo una sequenza di <em>d\u00e9j\u00e0 v\u00f9<\/em>.<\/p>\n<p>Leggiamo sul <a href=\"http:\/\/www.corriere.it\/salute\/speciali\/2013\/staminali\/notizie\/risposte-esperti-staminali-scienziati-chiarezza_39ac173c-979b-11e2-8dcc-f04bbb2612db.shtml\" target=\"_blank\">corriere <\/a>online gli interventi degli esperti di staminali. E riflettiamo sulle loro parole. Interviene <strong>Paolo Bianco<\/strong>, direttore del laboratorio di cellule staminali e del dipartimento di medicina molecolare della Sapienza di Roma:<\/p>\n<p><em>\u201c<\/em>Stiamo parlando di malattie terribili e letali. Se il metodo fosse una cura reale o anche solo parziale o temporanea per questi bambini, non dovrebbero accedervi solo Federico o Sofia, ma tutti i malati come loro, ovunque nel mondo: anche a Tokyo avrebbero lo stesso diritto di essere trattati. Ma sarebbe possibile solo se i dati di Stamina fossero pubblicati, se gli altri medici sapessero in che cosa consiste il trattamento e potessero riprodurlo\u201d.<\/p>\n<p>Siamo d\u2019accordo sul fatto che per avere dati uniformi, come impone un metodo scientifico, ci vorr\u00e0 del tempo. Quando la terapia verr\u00e0 sperimentata con tutti i crismi \u00a0si capir\u00e0 se sar\u00e0 efficace e se potr\u00e0 essere d\u2019aiuto alle persone malate nel mondo. <strong>Ma questa richiesta di scientificit\u00e0 \u201cper il bene di tutti\u201d non deve pretendere in cambio che Sofia e gli altri i bimbi come lei rinuncino a curarsi.<\/strong><\/p>\n<p>Il fatto che la scienza sia rigorosa e segua un cammino preciso, condiviso e riproducibile non c\u2019entra nulla con la scelta di centinaia di genitori che scelgono oggi quello che fa stare meglio i loro figli per il tempo che \u00e8 loro concesso. Tanto pi\u00f9 che questi genitori hanno potuto conoscere la terapia Stamina grazie a una legge dello Stato (la legge Turco sulle cure compassionevoli) che prevede appunto che per gli \u201corfani di terapia\u201d siano ammesse cure non sperimentate.<\/p>\n<p>Nessun genitore disperato pretende di sostituirsi agli esperti, tocca a questi ultimi infatti spiegarci <em>come mai sono migliorati i sintomi di Sofia<\/em>: la piccola vomitava sempre, ora non vomita pi\u00f9. E com\u2019\u00e8 accaduto che un bimbo che si nutriva col sondino ora riesca a mangiare senza tubo nella pancia. Lasciamo agli studiosi le spiegazioni, i trial e i doppi ciechi.<\/p>\n<p>Bianco per\u00f2 <strong>pretende il sacrificio dei piccoli<\/strong>: \u201cChiunque di noi soffre pensando ai bambini malati: purtroppo non abbiamo risposte tangibili per la loro tragedia, ma non possiamo per questo autorizzare qualsiasi cosa come fosse una terapia. Anche perch\u00e9 questi trattamenti hanno un costo che ricade sulla comunit\u00e0: pu\u00f2 sembrare brutale nei confronti del singolo, ma dobbiamo disciplinarli\u201d.<\/p>\n<p>L\u2019indignazione \u00a0deve volare alto, raggiungere i veri scienziati e il Parlamento che nelle prossime ore dirimer\u00e0 la questione: \u00a0<em>non si fermino le cure degli orfani di terapia nel nome di un fantomatico bene collettivo che ancora non esiste.<\/em><\/p>\n<p><strong>Che scienza \u00e8 quella che pretende il sacrificio degli agnelli?<\/strong><\/p>\n<p><a href=\"https:\/\/blog.ilgiornale.it\/locati\/files\/2013\/04\/sacrificio2.jpg\"><img loading=\"lazy\" class=\"alignleft size-full wp-image-1510\" src=\"https:\/\/blog.ilgiornale.it\/locati\/files\/2013\/04\/sacrificio2.jpg\" alt=\"\" width=\"300\" height=\"216\" \/><\/a><\/p>\n","protected":false},"excerpt":{"rendered":"<p><p>Prima notizia: le staminali mesenchimali del metodo Stamina &#8211; che tanto fanno discutere in questi giorni &#8211; vengono differenziate grazie all\u2019acido retinoico diluito nell\u2019alcool. Rispetto al fatto che la terapia Stamina stia migliorando i sintomi di tanti bimbi affetti da malattie degenerative, questa dell\u2019acido retinoico \u00e8 una notizia di secondo piano. Ma vale la pena soffermarcisi.\u00a0 Perch\u00e9 una propriet\u00e0 dell\u2019acido retinoico \u00e8 proprio quella di far maturare le cellule immature (che crescono in modo incontrollato) \u00a0e di ripristinare il naturale ciclo delle cellule: nascita, vita e morte (le cellule tumorali nascono, vivono e non muoiono mai). Questo \u00e8 un fatto [&hellip;]<\/p>\n&nbsp;&nbsp;<div class=\"readmore\"><a href=\"https:\/\/blog.ilgiornale.it\/locati\/2013\/04\/02\/toh-nelle-staminali-ci-sono-i-retinoidi\/\">Continua a leggere...<\/a><\/div><\/p>","protected":false},"author":992,"featured_media":0,"comment_status":"open","ping_status":"closed","sticky":false,"template":"","format":"standard","meta":[],"categories":[13454,4538,787],"tags":[404912,23034,13455,4756,25091,25088,2655,23057,25093,3155,25087,2669,25092,23045,23041,404854,2618,404826],"_links":{"self":[{"href":"https:\/\/blog.ilgiornale.it\/locati\/wp-json\/wp\/v2\/posts\/1509"}],"collection":[{"href":"https:\/\/blog.ilgiornale.it\/locati\/wp-json\/wp\/v2\/posts"}],"about":[{"href":"https:\/\/blog.ilgiornale.it\/locati\/wp-json\/wp\/v2\/types\/post"}],"author":[{"embeddable":true,"href":"https:\/\/blog.ilgiornale.it\/locati\/wp-json\/wp\/v2\/users\/992"}],"replies":[{"embeddable":true,"href":"https:\/\/blog.ilgiornale.it\/locati\/wp-json\/wp\/v2\/comments?post=1509"}],"version-history":[{"count":1,"href":"https:\/\/blog.ilgiornale.it\/locati\/wp-json\/wp\/v2\/posts\/1509\/revisions"}],"predecessor-version":[{"id":1511,"href":"https:\/\/blog.ilgiornale.it\/locati\/wp-json\/wp\/v2\/posts\/1509\/revisions\/1511"}],"wp:attachment":[{"href":"https:\/\/blog.ilgiornale.it\/locati\/wp-json\/wp\/v2\/media?parent=1509"}],"wp:term":[{"taxonomy":"category","embeddable":true,"href":"https:\/\/blog.ilgiornale.it\/locati\/wp-json\/wp\/v2\/categories?post=1509"},{"taxonomy":"post_tag","embeddable":true,"href":"https:\/\/blog.ilgiornale.it\/locati\/wp-json\/wp\/v2\/tags?post=1509"}],"curies":[{"name":"wp","href":"https:\/\/api.w.org\/{rel}","templated":true}]}}