{"id":161,"date":"2011-03-16T09:43:32","date_gmt":"2011-03-16T09:43:32","guid":{"rendered":"https:\/\/blog.ilgiornale.it\/locati\/?p=161"},"modified":"2011-03-26T22:12:30","modified_gmt":"2011-03-26T22:12:30","slug":"arrivano-gli-ospedali-del-cancro-ma-noi-come-li-vogliamo","status":"publish","type":"post","link":"https:\/\/blog.ilgiornale.it\/locati\/2011\/03\/16\/arrivano-gli-ospedali-del-cancro-ma-noi-come-li-vogliamo\/","title":{"rendered":"Presto gli ospedali del cancro, come li vogliamo?"},"content":{"rendered":"<p><a href=\"https:\/\/blog.ilgiornale.it\/locati\/files\/2011\/03\/ginestre.jpg\"><img loading=\"lazy\" src=\"https:\/\/blog.ilgiornale.it\/locati\/files\/2011\/03\/ginestre.jpg\" alt=\"\" width=\"276\" height=\"183\" class=\"alignnone size-full wp-image-162\" \/><\/a> <em>E guarirai da tutte le malattie perch\u00e9 sei un essere speciale ed io avr\u00f2 cura di te <\/em>(Franco Battiato)<\/p>\n<p>Europa Donna &#8211;  il movimento  di opinione lanciato nel 1993 da Umberto Veronesi che d\u00e0 voce ai diritti delle donne operate al seno \u2013 sta divulgando in questi giorni l\u2019obbiettivo sanitario europeo cui dovrebbero tendere gli ospedali entro il 2016. E cio\u00e8, per affrontare il carcinoma alla mammella, in Italia dovrebbero formarsi  30 Unit\u00e0 per il cancro (Breast Unit), ossia centri specializzati che si prendano cura della paziente, dalla diagnosi precoce alla riabilitazione. La presidente del movimento, Rosanna D\u2019Antona, ha precisato che \u201cquesti centri dovrebbero essere distribuiti in modo capillare lungo la Penisola, in pratica uno ogni 2 milioni di abitanti, perch\u00e9 \u00e8 finito il tempo dell\u2019OSPEDALE SOTTO CASA\u201d.<\/p>\n<p>D\u2019Antona ha aggiunto: \u201cRealizzando la direttiva europea le donne non saranno pi\u00f9 costrette ad affidarsi a unit\u00e0 generiche dove corrono il rischio di ricevere trattamenti non adeguati, oppure a rivolgersi in regioni pi\u00f9 avanzate dal punto di vista dell\u2019offerta sanitaria\u201d.<br \/>\n<em><br \/>\nVoi cosa ne pensate?<\/em><\/p>\n<p>Tutte noi chiediamo professionalit\u00e0, seriet\u00e0. Ma, come ogni persona  &#8211; nella salute e nella malattia &#8211; anche qualcos\u2019altro. Di non essere soltanto un numero. Di non diventare soltanto cavie. Di non alimentare soltanto un insaziabile business.<\/p>\n<p>Fra le persone che NON VOGLIO DIMENTICARE c\u2019\u00e8 una donna che ho incontrato nell\u2019ambulatorio di oncologia all\u2019ospedale San Paolo di Milano. Eravamo nella stessa sala, assieme a decine di persone, in attesa di fare la chemioterapia. Di lei mi aveva colpito  il sorriso dolce e lo sguardo intenso, bench\u00e9 da un occhio non vedesse pi\u00f9. Il suo male era partito da l\u00ec, infingardo e silenzioso e aveva colonizzato il fegato. Era approdata al San Paolo  dopo aver tentato una cura sperimentale &#8211; fallita &#8211; in un altro centro. \u201cQuando i medici avevano capito che quella sperimentazione non avrebbe avuto esiti positivi, mi hanno detto che per sottopormi a una <em>qualsiasi<\/em> chemioterapia potevo rivolgermi a un <em>qualsiasi <\/em>ospedale\u201d spiegava lei. E si capiva che, oltre che dal modo sbrigativo di congedarla, era stata ferita da quei \u201cqualsiasi\u201d.<\/p>\n<p>Perch\u00e9 vi racconto questa storia? Per dirvi cosa aveva meravigliato questa donna DA RENDERLA FELICE nonostante la sua convinzione di non avere pi\u00f9 molto tempo da vivere, \u201cqui i medici ti CHIAMANO PER NOME \u2013 diceva a bassa voce per non disturbare  \u2013 e da, una volta all\u2019altra, ti riconoscono. Non mi era mai capitato. Pensi che la dottoressa mi ha dato perfino il suo numero di telefono e ho potuto chiamarla da casa\u201d.<\/p>\n<p>Sempre al San Paolo ho incrociato un\u2019altra donna che era stata operata in un altro ospedale. L\u00e0 aveva fatto una quadrectomia alla mammella e 28 giorni di radioterapia ma, poi, quando \u00e8 arrivato il momento di iniziare le cure farmacologiche, se l\u2019\u00e8 svignata. Come mai? La ritenevo fortunata perch\u00e9 il suo tumore era stato preso prima del mio e le era stata risparmiata la chemioterapia.  \u201cFinita la radio nessuno mi ha telefonato a casa, mi sono fatta viva io. A fatica dopo decine di chiamate ho parlato con una dottoressa che mi ha prescritto UN ANTITUMORALE PER TELEFONO, il tamoxifene.  Mi aveva proposto di farmi fare la ricetta dal medico curante\u2026 neanche fosse una  caramella e NESSUNA VISITA, ZERO POSSIBILITA&#8217; DI CAPIRE E DI FAR DOMANDE.<\/p>\n<p>NON SAPPIAMO COME SARANNO LE BREAST UNIT, MA SAPPIAMO CHE COS\u00ec  NON LE VOGLIAMO<\/p>\n<p>E VOI COSA NE PENSATE? RACCONTATECI LE VOSTRE ESPERIENZE E COME VORRESTE I NUOVI OSPEDALI<\/p>\n","protected":false},"excerpt":{"rendered":"<p><p>E guarirai da tutte le malattie perch\u00e9 sei un essere speciale ed io avr\u00f2 cura di te (Franco Battiato) Europa Donna &#8211; il movimento di opinione lanciato nel 1993 da Umberto Veronesi che d\u00e0 voce ai diritti delle donne operate al seno \u2013 sta divulgando in questi giorni l\u2019obbiettivo sanitario europeo cui dovrebbero tendere gli ospedali entro il 2016. E cio\u00e8, per affrontare il carcinoma alla mammella, in Italia dovrebbero formarsi 30 Unit\u00e0 per il cancro (Breast Unit), ossia centri specializzati che si prendano cura della paziente, dalla diagnosi precoce alla riabilitazione. La presidente del movimento, Rosanna D\u2019Antona, ha precisato [&hellip;]<\/p>\n&nbsp;&nbsp;<div class=\"readmore\"><a href=\"https:\/\/blog.ilgiornale.it\/locati\/2011\/03\/16\/arrivano-gli-ospedali-del-cancro-ma-noi-come-li-vogliamo\/\">Continua a leggere...<\/a><\/div><\/p>","protected":false},"author":992,"featured_media":0,"comment_status":"open","ping_status":"closed","sticky":false,"template":"","format":"standard","meta":[],"categories":[2558,2608,247],"tags":[2707,2702,2647,404830,2703,2701,2704,404837,404829,2700,2596,2706,2705],"_links":{"self":[{"href":"https:\/\/blog.ilgiornale.it\/locati\/wp-json\/wp\/v2\/posts\/161"}],"collection":[{"href":"https:\/\/blog.ilgiornale.it\/locati\/wp-json\/wp\/v2\/posts"}],"about":[{"href":"https:\/\/blog.ilgiornale.it\/locati\/wp-json\/wp\/v2\/types\/post"}],"author":[{"embeddable":true,"href":"https:\/\/blog.ilgiornale.it\/locati\/wp-json\/wp\/v2\/users\/992"}],"replies":[{"embeddable":true,"href":"https:\/\/blog.ilgiornale.it\/locati\/wp-json\/wp\/v2\/comments?post=161"}],"version-history":[{"count":9,"href":"https:\/\/blog.ilgiornale.it\/locati\/wp-json\/wp\/v2\/posts\/161\/revisions"}],"predecessor-version":[{"id":209,"href":"https:\/\/blog.ilgiornale.it\/locati\/wp-json\/wp\/v2\/posts\/161\/revisions\/209"}],"wp:attachment":[{"href":"https:\/\/blog.ilgiornale.it\/locati\/wp-json\/wp\/v2\/media?parent=161"}],"wp:term":[{"taxonomy":"category","embeddable":true,"href":"https:\/\/blog.ilgiornale.it\/locati\/wp-json\/wp\/v2\/categories?post=161"},{"taxonomy":"post_tag","embeddable":true,"href":"https:\/\/blog.ilgiornale.it\/locati\/wp-json\/wp\/v2\/tags?post=161"}],"curies":[{"name":"wp","href":"https:\/\/api.w.org\/{rel}","templated":true}]}}