{"id":1680,"date":"2013-08-27T17:21:15","date_gmt":"2013-08-27T15:21:15","guid":{"rendered":"https:\/\/blog.ilgiornale.it\/locati\/?p=1680"},"modified":"2013-08-27T22:17:54","modified_gmt":"2013-08-27T20:17:54","slug":"il-respiro-della-balena","status":"publish","type":"post","link":"https:\/\/blog.ilgiornale.it\/locati\/2013\/08\/27\/il-respiro-della-balena\/","title":{"rendered":"Il respiro della balena"},"content":{"rendered":"<p><a href=\"https:\/\/blog.ilgiornale.it\/locati\/files\/2013\/08\/balene-Scozia.jpg\"><img loading=\"lazy\" class=\"alignleft size-full wp-image-1683\" src=\"https:\/\/blog.ilgiornale.it\/locati\/files\/2013\/08\/balene-Scozia.jpg\" alt=\"\" width=\"226\" height=\"150\" \/><\/a>\u00a0<a href=\"https:\/\/blog.ilgiornale.it\/locati\/files\/2013\/08\/foche-Scozia.jpg\"><img loading=\"lazy\" class=\"alignleft size-full wp-image-1684\" src=\"https:\/\/blog.ilgiornale.it\/locati\/files\/2013\/08\/foche-Scozia.jpg\" alt=\"\" width=\"226\" height=\"150\" \/><\/a><a href=\"https:\/\/blog.ilgiornale.it\/locati\/files\/2013\/08\/scozia-1.jpg\"><img loading=\"lazy\" class=\"alignleft size-medium wp-image-1685\" src=\"https:\/\/blog.ilgiornale.it\/locati\/files\/2013\/08\/scozia-1-300x200.jpg\" alt=\"\" width=\"300\" height=\"200\" srcset=\"https:\/\/blog.ilgiornale.it\/locati\/files\/2013\/08\/scozia-1-300x200.jpg 300w, https:\/\/blog.ilgiornale.it\/locati\/files\/2013\/08\/scozia-1.jpg 480w\" sizes=\"(max-width: 300px) 100vw, 300px\" \/><\/a>Cari amici del blog,<\/p>\n<p>in attesa di riprendere il filo delle nostre discussioni condivido con voi l\u2019emozione pi\u00f9 intensa di questa mia estate.<\/p>\n<p>Ho visto le<strong> balene<\/strong> affiorare e immergersi a pochi metri da me, le ho sentite respirare due, tre, quattro volte. \u00a0Al largo dell\u2019isola di Skye, sul fronte nord occidentale della Scozia.<\/p>\n<p>L\u2019uomo di mare che ci ha condotto sul battello di avvistamento era certo che le avremmo incontrate, assieme a una colonia stanziale di delfini, alle foche, ai pinguini e ai cormorani. Le balenottere <strong>Minki-whale<\/strong> attraversano quel tratto di mare del Nord, da aprile a ottobre, affatto disturbate dall\u2019imbarcazione che accende e spegne il motore lungo il loro tragitto.<\/p>\n<p>L\u2019attesa \u00e8 di pochi secondi, il silenzio si riempie di un inspiro profondo, pieno. E poi dall\u2019espiro, ancora pi\u00f9 potente.<\/p>\n<p>Forse il cielo di Skye \u00e8 cos\u00ec bello perch\u00e9 entra nella pancia delle balene e ne riesce passando tra soffi e spruzzi.<\/p>\n<p><em>\u00a0\u00c8 solo l\u2019emozione di un attimo, mi dico. Vero. Ma anche un giorno inizia e finisce in un istante. E quando vuoi stringere il tempo di una vita ti\u00a0 pare di acchiappare la scheggia di una saponetta.<\/em><\/p>\n<p>Poi, per\u00f2, quando ho provato a chiudere gli occhi e a concentrarmi ho ritrovato la stessa vibrazione dentro di me.<\/p>\n<p>Per questo, prima di dare il l\u00e0 a qualche discussione, vi lancio una domanda pretenziosa: <em>cosa c\u2019\u00e8 dentro di noi?<\/em><\/p>\n<p>&nbsp;<\/p>\n<p class=\"MsoNormal\"><span style=\"font-size: 18.0pt\">\u00a0<\/span><\/p>\n","protected":false},"excerpt":{"rendered":"<p><p>\u00a0Cari amici del blog, in attesa di riprendere il filo delle nostre discussioni condivido con voi l\u2019emozione pi\u00f9 intensa di questa mia estate. Ho visto le balene affiorare e immergersi a pochi metri da me, le ho sentite respirare due, tre, quattro volte. \u00a0Al largo dell\u2019isola di Skye, sul fronte nord occidentale della Scozia. L\u2019uomo di mare che ci ha condotto sul battello di avvistamento era certo che le avremmo incontrate, assieme a una colonia stanziale di delfini, alle foche, ai pinguini e ai cormorani. Le balenottere Minki-whale attraversano quel tratto di mare del Nord, da aprile a ottobre, affatto [&hellip;]<\/p>\n&nbsp;&nbsp;<div class=\"readmore\"><a href=\"https:\/\/blog.ilgiornale.it\/locati\/2013\/08\/27\/il-respiro-della-balena\/\">Continua a leggere...<\/a><\/div><\/p>","protected":false},"author":992,"featured_media":0,"comment_status":"open","ping_status":"closed","sticky":false,"template":"","format":"standard","meta":[],"categories":[4989],"tags":[30993,30995,16126,30999,30996,30997,25133,31000],"_links":{"self":[{"href":"https:\/\/blog.ilgiornale.it\/locati\/wp-json\/wp\/v2\/posts\/1680"}],"collection":[{"href":"https:\/\/blog.ilgiornale.it\/locati\/wp-json\/wp\/v2\/posts"}],"about":[{"href":"https:\/\/blog.ilgiornale.it\/locati\/wp-json\/wp\/v2\/types\/post"}],"author":[{"embeddable":true,"href":"https:\/\/blog.ilgiornale.it\/locati\/wp-json\/wp\/v2\/users\/992"}],"replies":[{"embeddable":true,"href":"https:\/\/blog.ilgiornale.it\/locati\/wp-json\/wp\/v2\/comments?post=1680"}],"version-history":[{"count":5,"href":"https:\/\/blog.ilgiornale.it\/locati\/wp-json\/wp\/v2\/posts\/1680\/revisions"}],"predecessor-version":[{"id":1688,"href":"https:\/\/blog.ilgiornale.it\/locati\/wp-json\/wp\/v2\/posts\/1680\/revisions\/1688"}],"wp:attachment":[{"href":"https:\/\/blog.ilgiornale.it\/locati\/wp-json\/wp\/v2\/media?parent=1680"}],"wp:term":[{"taxonomy":"category","embeddable":true,"href":"https:\/\/blog.ilgiornale.it\/locati\/wp-json\/wp\/v2\/categories?post=1680"},{"taxonomy":"post_tag","embeddable":true,"href":"https:\/\/blog.ilgiornale.it\/locati\/wp-json\/wp\/v2\/tags?post=1680"}],"curies":[{"name":"wp","href":"https:\/\/api.w.org\/{rel}","templated":true}]}}