{"id":1690,"date":"2013-09-03T19:06:35","date_gmt":"2013-09-03T17:06:35","guid":{"rendered":"https:\/\/blog.ilgiornale.it\/locati\/?p=1690"},"modified":"2013-09-06T15:28:18","modified_gmt":"2013-09-06T13:28:18","slug":"il-gene-dello-stress-da-il-via-libera-al-cancro","status":"publish","type":"post","link":"https:\/\/blog.ilgiornale.it\/locati\/2013\/09\/03\/il-gene-dello-stress-da-il-via-libera-al-cancro\/","title":{"rendered":"Il gene dello stress d\u00e0 il via libera al cancro"},"content":{"rendered":"<p><a href=\"https:\/\/blog.ilgiornale.it\/locati\/files\/2013\/09\/FiloCuoreCervello.jpeg\"><img loading=\"lazy\" class=\"alignleft size-medium wp-image-1691\" src=\"https:\/\/blog.ilgiornale.it\/locati\/files\/2013\/09\/FiloCuoreCervello-300x141.jpg\" alt=\"\" width=\"300\" height=\"141\" srcset=\"https:\/\/blog.ilgiornale.it\/locati\/files\/2013\/09\/FiloCuoreCervello-300x141.jpg 300w, https:\/\/blog.ilgiornale.it\/locati\/files\/2013\/09\/FiloCuoreCervello.jpeg 400w\" sizes=\"(max-width: 300px) 100vw, 300px\" \/><\/a>\u00a0<a href=\"https:\/\/blog.ilgiornale.it\/locati\/files\/2013\/09\/rita-levi-montalcini_full.jpg\"><img loading=\"lazy\" class=\"alignleft size-medium wp-image-1692\" src=\"https:\/\/blog.ilgiornale.it\/locati\/files\/2013\/09\/rita-levi-montalcini_full-300x168.jpg\" alt=\"\" width=\"300\" height=\"168\" srcset=\"https:\/\/blog.ilgiornale.it\/locati\/files\/2013\/09\/rita-levi-montalcini_full-300x168.jpg 300w, https:\/\/blog.ilgiornale.it\/locati\/files\/2013\/09\/rita-levi-montalcini_full.jpg 680w\" sizes=\"(max-width: 300px) 100vw, 300px\" \/><\/a>\u00c8 stato codificato il legame fra stress e tumori. Il codice \u00e8 quello di un gene<strong>: Atf3.<\/strong> Uno studio della Ohio State University pubblicato sul <em>Journal of Clinical Investigation<\/em> rivelerebbe che\u00a0 il gene si \u201cattiva\u201d in caso di ansia e preoccupazioni. \u00a0Non solo. Osservando 300 donne colpite da tumore al seno si \u00e8 vista anche la consequenzialit\u00e0 \u00a0tra l\u2019attivazione dell\u2019Aft3 e l\u2019esito infausto della malattia.<\/p>\n<p>\u201cMa non si pu\u00f2 impedire il funzionamento di questo gene perch\u00e8 ci aiuta ad adattarci ai cambiamenti\u201d ha spiegato la ricercatrice Tsonwin Hai.<\/p>\n<p>Nulla di nuovo sotto il sole, in realt\u00e0. Gli esperimenti che mostrano un collegamento tra il sistema immunitario e quello nervoso sono numerosi, sia datati che recenti. E puntualmente, oggi come allora, sono ignorati dal gotha dell\u2019Oncologia. \u00a0Alla fine degli anni Settanta, <strong>Edwin Blalock<\/strong>, ricercatore dell\u2019universit\u00e0 dell\u2019Alabama di Birmingham, scopr\u00ec che le cellule del sistema immunitario possono produrre alcune sostanze (neuropeptidi) che si riteneva fossero proprie soltanto del cervello. Il suo lavoro venne screditato per anni.<\/p>\n<p style=\"text-align: left\">Abbiamo chiesto all\u2019immunologo <strong>Attilio Speciani<\/strong> di commentare questa scoperta perch\u00e9 suo padre Luigi Oreste, nel libro <em>Di cancro si vive<\/em> uscito nel 1981\u00a0 era convinto dei risvolti \u00a0psicosomatici dei tumori (\u201cil cancro nasce spesso dal cervello, ossia dall\u2019infelicit\u00e0\u201d) . Manco a dirlo<strong>, Luigi Oreste Speciani<\/strong> fu duramente criticato dagli oncologi Umberto Veronesi e Gianni Bonadonna. \u201cOggi, al contrario, nessuno contesta pi\u00f9 la connessione fra sistema immunologico e neurologico \u2013 spiega Attilio Speciani \u2013 Citochine e neurotrasmettitori sono gli stessi dei due sistemi, le proteine \u201cparlano\u201d ad entrambi. Nel 1986 Rita Levi Montalcini merit\u00f2 il Nobel per aver scoperto l\u2019<strong>NGF (Nerve Growth Factor<\/strong>) citochina che produciamo nei momenti di forti cambiamenti, capace di moltiplicare diverse volte la nostra reattivit\u00e0 allergica\u201d.<\/p>\n<p>Quando si parla di stress, avverte Speciani, non ci si riferisce a chi si alza alle 4 del mattino per lavorare. \u201cLutti, tradimenti, gravidanze mancate, nascite, mobbing, trasferimenti e tante altre situazioni\u00a0 sono in grado di indurre allergie, provocare infiammazioni, alterare il sistema immunitario. Questi eventi hanno in comune lo stravolgimento delle priorit\u00e0 vitali, il cambiamento delle proprie credenze o delle convinzioni mantenute per anni. Sono un\u2019occasione evolutiva, non solo un problema. Chi riesce a controllarle sopravvive pi\u00f9 forte di prima. Chi non riesce, soccombe\u201d.<\/p>\n<p><strong>Sono pochi i malati di tumore che si sentono dare queste spiegazioni. C\u2019\u00e8 un modo per non ricadere nel\u2026 cancro?<\/strong><\/p>\n<p>\u201cPrendere coscienza che il sistema immunitario \u00e8 connesso a quello nervoso aiuta a non ricadere nella malattia. Avevo una paziente che dopo aver scoperto un tumore all\u2019intestino fece una scelta di vita radicale: si trasfer\u00ec in campagna, nutrendosi solamente di cibi biologici, era diventata schiava di una dieta rigorosa e perfetta. Dopo poco tempo ebbe una ricaduta. La sua scelta salutista si era trasformata in una punizione. Quando ne divenne consapevole, cambi\u00f2 vita, si dedic\u00f2 alla pittura, e cedette anche a qualche piatto meno sano\u201d.<\/p>\n<p><strong>Cosa c\u2019\u00e8 di vero in quello che dicono gli psicoanalisti, che se non puoi permetterti una psicosi hai buona possibilit\u00e0 di ammalarti di cancro?<\/strong><\/p>\n<p><strong>\u201c<\/strong>Negli anni Settanta questo filone di ricerca pareva promettente. Ora \u00e8 su un binario sterile, \u00e8 chiaro che non \u00e8 conveniente. La mia esperienza mi porta a dire che chi prende un antidepressivo come la clorpromazina rischia meno di ammalarsi di tumore. Ci furono studi su questo farmaco, sono caduti nel nulla\u201d.<\/p>\n<p><em>Sar\u00e0 che la confezione per un mese costa 4 euro?<\/em><\/p>\n<p>&nbsp;<\/p>\n<p>&nbsp;<\/p>\n","protected":false},"excerpt":{"rendered":"<p><p>\u00a0\u00c8 stato codificato il legame fra stress e tumori. Il codice \u00e8 quello di un gene: Atf3. Uno studio della Ohio State University pubblicato sul Journal of Clinical Investigation rivelerebbe che\u00a0 il gene si \u201cattiva\u201d in caso di ansia e preoccupazioni. \u00a0Non solo. Osservando 300 donne colpite da tumore al seno si \u00e8 vista anche la consequenzialit\u00e0 \u00a0tra l\u2019attivazione dell\u2019Aft3 e l\u2019esito infausto della malattia. \u201cMa non si pu\u00f2 impedire il funzionamento di questo gene perch\u00e8 ci aiuta ad adattarci ai cambiamenti\u201d ha spiegato la ricercatrice Tsonwin Hai. Nulla di nuovo sotto il sole, in realt\u00e0. Gli esperimenti che mostrano [&hellip;]<\/p>\n&nbsp;&nbsp;<div class=\"readmore\"><a href=\"https:\/\/blog.ilgiornale.it\/locati\/2013\/09\/03\/il-gene-dello-stress-da-il-via-libera-al-cancro\/\">Continua a leggere...<\/a><\/div><\/p>","protected":false},"author":992,"featured_media":0,"comment_status":"open","ping_status":"closed","sticky":false,"template":"","format":"standard","meta":[],"categories":[787],"tags":[31002,2873,31008,31004,31001,4740,31003,31007,31006,6323,31005],"_links":{"self":[{"href":"https:\/\/blog.ilgiornale.it\/locati\/wp-json\/wp\/v2\/posts\/1690"}],"collection":[{"href":"https:\/\/blog.ilgiornale.it\/locati\/wp-json\/wp\/v2\/posts"}],"about":[{"href":"https:\/\/blog.ilgiornale.it\/locati\/wp-json\/wp\/v2\/types\/post"}],"author":[{"embeddable":true,"href":"https:\/\/blog.ilgiornale.it\/locati\/wp-json\/wp\/v2\/users\/992"}],"replies":[{"embeddable":true,"href":"https:\/\/blog.ilgiornale.it\/locati\/wp-json\/wp\/v2\/comments?post=1690"}],"version-history":[{"count":4,"href":"https:\/\/blog.ilgiornale.it\/locati\/wp-json\/wp\/v2\/posts\/1690\/revisions"}],"predecessor-version":[{"id":1697,"href":"https:\/\/blog.ilgiornale.it\/locati\/wp-json\/wp\/v2\/posts\/1690\/revisions\/1697"}],"wp:attachment":[{"href":"https:\/\/blog.ilgiornale.it\/locati\/wp-json\/wp\/v2\/media?parent=1690"}],"wp:term":[{"taxonomy":"category","embeddable":true,"href":"https:\/\/blog.ilgiornale.it\/locati\/wp-json\/wp\/v2\/categories?post=1690"},{"taxonomy":"post_tag","embeddable":true,"href":"https:\/\/blog.ilgiornale.it\/locati\/wp-json\/wp\/v2\/tags?post=1690"}],"curies":[{"name":"wp","href":"https:\/\/api.w.org\/{rel}","templated":true}]}}