{"id":219,"date":"2011-03-29T20:28:53","date_gmt":"2011-03-29T20:28:53","guid":{"rendered":"https:\/\/blog.ilgiornale.it\/locati\/?p=219"},"modified":"2011-03-29T20:45:16","modified_gmt":"2011-03-29T20:45:16","slug":"veronesi-cosi-staniamo-il-grande-killer","status":"publish","type":"post","link":"https:\/\/blog.ilgiornale.it\/locati\/2011\/03\/29\/veronesi-cosi-staniamo-il-grande-killer\/","title":{"rendered":"Veronesi: &#8220;Cos\u00ec staniamo il grande killer&#8221;"},"content":{"rendered":"<p>&#8220;<em>Il grande killer non sparir\u00e0 ma non sar\u00e0 pi\u00f9 una minaccia per la vita&#8221;<\/em> . Cos\u00ec l&#8217;oncologo\u00a0 Umberto Veronesi\u00a0ribadisce sulla rivista <em>Wired,<\/em> in edicola da gioved\u00ec 31 marzo, il progetto a cui sta lavorando da un anno, l&#8217;integrazione di tecnologie gi\u00e0 esistenti (Tac, ecografia e risonanza magnetica) per arrivare a diagnosticare prestissimo e in pochi minuti un tumore allo stadio iniziale.<\/p>\n<p>&#8220;Immagino questo sistema di valutazione come una sorta di scatola magica capace\u00a0\u00a0di fare uno screening del corpo in pochi minuti &#8211; ha spiegato Veronesi &#8211; il nostro studio sta valutando la capacit\u00e0 che\u00a0tomografia computerizzata (Tac), ecografia e risonanza magnetica hanno nel rilevare i cambiamenti indotti all&#8217;inizio della proliferazione tumorale. Perch\u00e8 le statistiche parlano chiaro: nove decessi su dieci sono causati dal diffondersi del cancro, quindi, per sconfiggerlo bisogna trovarlo in tempo&#8221;. Lo studio prevede di realizzare uno screening preciso a radiazioni zero.<\/p>\n<p><a href=\"https:\/\/blog.ilgiornale.it\/locati\/files\/2011\/03\/umbertoveronesi1.jpg\"><img loading=\"lazy\" class=\"alignnone size-medium wp-image-224\" src=\"https:\/\/blog.ilgiornale.it\/locati\/files\/2011\/03\/umbertoveronesi1-225x300.jpg\" alt=\"\" width=\"225\" height=\"300\" srcset=\"https:\/\/blog.ilgiornale.it\/locati\/files\/2011\/03\/umbertoveronesi1-225x300.jpg 225w, https:\/\/blog.ilgiornale.it\/locati\/files\/2011\/03\/umbertoveronesi1-771x1024.jpg 771w, https:\/\/blog.ilgiornale.it\/locati\/files\/2011\/03\/umbertoveronesi1.jpg 1186w\" sizes=\"(max-width: 225px) 100vw, 225px\" \/><\/a><\/p>\n","protected":false},"excerpt":{"rendered":"<p><p>&#8220;Il grande killer non sparir\u00e0 ma non sar\u00e0 pi\u00f9 una minaccia per la vita&#8221; . Cos\u00ec l&#8217;oncologo\u00a0 Umberto Veronesi\u00a0ribadisce sulla rivista Wired, in edicola da gioved\u00ec 31 marzo, il progetto a cui sta lavorando da un anno, l&#8217;integrazione di tecnologie gi\u00e0 esistenti (Tac, ecografia e risonanza magnetica) per arrivare a diagnosticare prestissimo e in pochi minuti un tumore allo stadio iniziale. &#8220;Immagino questo sistema di valutazione come una sorta di scatola magica capace\u00a0\u00a0di fare uno screening del corpo in pochi minuti &#8211; ha spiegato Veronesi &#8211; il nostro studio sta valutando la capacit\u00e0 che\u00a0tomografia computerizzata (Tac), ecografia e risonanza magnetica [&hellip;]<\/p>\n&nbsp;&nbsp;<div class=\"readmore\"><a href=\"https:\/\/blog.ilgiornale.it\/locati\/2011\/03\/29\/veronesi-cosi-staniamo-il-grande-killer\/\">Continua a leggere...<\/a><\/div><\/p>","protected":false},"author":992,"featured_media":0,"comment_status":"open","ping_status":"closed","sticky":false,"template":"","format":"standard","meta":[],"categories":[2573,2584,2666],"tags":[2548,2797,2796,2793,2795,2705,2794],"_links":{"self":[{"href":"https:\/\/blog.ilgiornale.it\/locati\/wp-json\/wp\/v2\/posts\/219"}],"collection":[{"href":"https:\/\/blog.ilgiornale.it\/locati\/wp-json\/wp\/v2\/posts"}],"about":[{"href":"https:\/\/blog.ilgiornale.it\/locati\/wp-json\/wp\/v2\/types\/post"}],"author":[{"embeddable":true,"href":"https:\/\/blog.ilgiornale.it\/locati\/wp-json\/wp\/v2\/users\/992"}],"replies":[{"embeddable":true,"href":"https:\/\/blog.ilgiornale.it\/locati\/wp-json\/wp\/v2\/comments?post=219"}],"version-history":[{"count":4,"href":"https:\/\/blog.ilgiornale.it\/locati\/wp-json\/wp\/v2\/posts\/219\/revisions"}],"predecessor-version":[{"id":226,"href":"https:\/\/blog.ilgiornale.it\/locati\/wp-json\/wp\/v2\/posts\/219\/revisions\/226"}],"wp:attachment":[{"href":"https:\/\/blog.ilgiornale.it\/locati\/wp-json\/wp\/v2\/media?parent=219"}],"wp:term":[{"taxonomy":"category","embeddable":true,"href":"https:\/\/blog.ilgiornale.it\/locati\/wp-json\/wp\/v2\/categories?post=219"},{"taxonomy":"post_tag","embeddable":true,"href":"https:\/\/blog.ilgiornale.it\/locati\/wp-json\/wp\/v2\/tags?post=219"}],"curies":[{"name":"wp","href":"https:\/\/api.w.org\/{rel}","templated":true}]}}