{"id":2299,"date":"2014-09-29T22:32:23","date_gmt":"2014-09-29T20:32:23","guid":{"rendered":"https:\/\/blog.ilgiornale.it\/locati\/2014\/09\/29\/rifiuti-un-farmaco-a-tuo-figlio-via-la-patria-potesta-e-la-colpa-e-di-stamina\/"},"modified":"2014-09-29T22:57:06","modified_gmt":"2014-09-29T20:57:06","slug":"rifiuti-un-farmaco-a-tuo-figlio-via-la-patria-potesta-e-la-colpa-e-di-stamina","status":"publish","type":"post","link":"https:\/\/blog.ilgiornale.it\/locati\/2014\/09\/29\/rifiuti-un-farmaco-a-tuo-figlio-via-la-patria-potesta-e-la-colpa-e-di-stamina\/","title":{"rendered":"Rifiuti un farmaco a tuo figlio? Via la patria potest\u00e0 e la colpa \u00e8 di Stamina"},"content":{"rendered":"<p>La storia che stiamo per raccontarvi \u00e8 successa in un ospedale veneto la scorsa primavera. Avremmo voluto riportarla rispettando l&#8217;anonimato dei protagonisti ma l&#8217;altro giorno \u00e8 rimbalzata da un giornale alle tiv\u00f9, con alcuni fatti travisati. Le bugie non solo hanno distratto dalla verit\u00e0 ma sono servite a un&#8217;altra causa che va per la maggiore, di questi tempi, in materia di sanit\u00e0: boicottare <strong>Stamina<\/strong>. <\/p>\n<p><a href=\"http:\/\/www.lastampa.it\/2014\/09\/28\/italia\/cronache\/la-curo-con-stamina-il-pm-la-figlia-le-va-tolta-uoWgkR2htA8raSp9tQMTXJ\/pagina.html\">Qui<\/a> potete leggere la versione distorta. In realt\u00e0, il pm non ha chiesto al tribunale dei minori di togliere la patria potest\u00e0 a due genitori &#8220;perch\u00e8 hanno curato la loro figlia con Stamina&#8221;, come lascia intendere il titolo de <em>La Stampa<\/em>.<\/p>\n<p>E neppure perch\u00e8 la mamma si \u00e8 rifiutata di somministrare un farmaco salvavita. Trattandosi, la medicina in questione, di un rimedio all&#8217;acido urico appena un po&#8217; sopra la norma.<\/p>\n<p>La donna si era accorta che la figlia &#8211; nata con un ritardo psicomotorio e ricoverata in ospedale per un&#8217;infezione &#8211; aveva avuto le convulsioni dopo aver ingerito una medicina per ridurre l&#8217;acido urico. Ha chiesto che venisse interrotta la somministrazione ma i medici si sono rifiutati (<em> pi\u00f9 per ribadire la loro autorit\u00e0 che per effettiva necessit\u00e0, l&#8217;acido urico della bimba era lievemente sopra il range). <\/em><\/p>\n<p>Ne \u00e8 nato un braccio di ferro, &#8220;lei non \u00e8 il medico, qui decidiamo noi&#8221;, sul fronte opposto: &#8220;Ho letto il bugiardino e mia figlia sta male&#8221;.<\/p>\n<p><em>La morale \u00e8 che vince il pi\u00f9 forte ( l&#8217;ospedale che ha fatto partire la denuncia ) e ci rimette il pi\u00f9 debole (la bambina che rischia di perdere mamma e pap\u00e0 e di dover vivere, se la richiesta del pm verr\u00e0 accolta, in un posto &#8220;eterofamiliare&#8221;, che significa: lontano da casa) . Il 17 ottobre i genitori di Alice verranno ascoltati dal giudice minorile.<\/em><\/p>\n<p>Ecco cosa \u00e8 accaduto per davvero.<\/p>\n<p><strong>Alice<\/strong>, 12 anni, ha un ritardo psicomotorio congenito. La mamma, casalinga,  \u00e8 talmente competente sulla malattia della figlia che potrebbe tenere un master agli specializzandi. E in pi\u00f9, come ogni mamma di bambina bisognosa, riesce a moltiplicare la sua dedizione in modo miracoloso. <\/p>\n<p>La donna si \u00e8 accorta subito che un farmaco \u2013 somministrato alla figlia per due volte durante un ricovero in ospedale &#8211;  stava combinando guai seri. \u201cDapprima le convulsioni (che Alice non aveva mai avuto), poi  l\u2019ipertono e le grida continue, quindi lo svenimento e uno stato di intorpidimento &#8211; dovuto al valium aggiunto per calmarla &#8211; che si \u00e8 protratto per 16 ore. Se non mi fossi rifiutata di somministrare la terza pasticca mia figlia oggi non sarebbe qui\u2026\u201d. Dice sicura la donna ora che la situazione si \u00e8 risolta e la figliola sta bene.<\/p>\n<p>Ma sentite cosa ha dovuto passare. In ospedale il medico decide di dare un farmaco ad Alice per rimediare a una conseguenza dell\u2019infiammazione. Dopo la seconda pastiglia la bambina manifesta tutti i sintomi sopracitati, in un crescendo preoccupante. \u201cAvevo letto il foglietto illustrativo, le reazioni di Alice erano previste alla voce effetti collaterali, ma i medici minimizzavano. Soltanto un neurologo, chiamato dal pronto soccorso durante la notte, quando la bambina aveva le crisi di ipertono e gridava, ha ammesso che questi \u2018sono disturbi rari ma talvolta accadono\u2019\u201d.<\/p>\n<p><strong>A questo punto viene sospeso il farmaco?<\/strong><br \/>\n&#8220;Macch\u00e8. Ad Alice danno il valium e un altro farmaco, resta intontita per tutto il giorno\u201d.<\/p>\n<p><strong>Lei cosa ha detto ai medici? <\/strong><br \/>\n&#8220;Che erano anomale quelle crisi e che secondo me erano dovute al farmaco (anche perch\u00e9 mia figlia pesa nove chili e il vicino di letto che ne pesa venti prendeva la stessa pastiglia). Mi sono sentita rispondere, da tutti i medici di turno, che l\u2019associazione non si pu\u00f2 stabilire e che io non sono medico\u2026\u201d<\/p>\n<p><strong>Dunque? <\/strong><br \/>\n&#8220;Quando, il mattino dopo, si presenta l\u2019infermiera, rimando indietro la pastiglia. Per questo vengo convocata in sala medica con mio marito. Nessuno si fa vivo per sapere come sta la bambina. Davanti a noi cinque o sei persone. Il medico legale dice testuale: \u2018Ci siamo riuniti per togliervi la patria potest\u00e0 perch\u00e9 avete rifiutato di dare un farmaco a vostra figlia\u2019.  Senza replicare chiamo il mio avvocato (che per\u00f2 non risponde subito).<\/p>\n<p>Discutiamo. Faccio presente che quegli effetti compaiono nel bugiardino e che pure il neurologo del pronto soccorso li ritiene possibili. I miei ascoltatori sono irremovibili. \u2018Sono laureata e so quello che faccio, \u00e8 una questione di principio\u2019 mi dice una dottoressa. Io le butto il foglietto illustrativo davanti prima di uscire dalla stanza, su invito loro, a consultarmi col marito.<\/p>\n<p>Se mi avessero costretta a dare il farmaco sarei andata filata dai carabinieri. Quando rientro il medico legale abbozza un sorriso e rincara la dose: \u2018Finiamola qua, noi le togliamo la patria potest\u00e0. Ha idea di quanto costa allo Stato questa seduta?\u2019 Ma come? Mia figlia in fin di vita per colpa loro e devo subire anche questo? E cos\u00ec rispondo: \u2018<em>Prendete Alice, portatela via. Lavatela, imboccatela, vestitela, accompagnatela dallo specialista, fate tutto voi. Sono 12 anni che non dormo quattro ore filate, che non lavoro per occuparmi di Alice, ora basta<\/em>\u201d.<\/p>\n<p><strong>E loro? <\/strong><br \/>\n&#8220;Mi volevano togliere la patria potest\u00e0 ma la bambina non l\u2019hanno voluta\u201d . Una dottoressa interviene: \u2018Sono convinta che Alice stia meglio con la sua mamma\u2019. <\/p>\n<p><strong>Ma alla fine il farmaco \u00e8 stato sospeso? <\/strong><br \/>\nSentite: \u201cLa primaria decide di non interrompere la somministrazione durante la nostra permanenza in ospedale. Per\u00f2, visto che non \u00e8 una medicina salvavita mi permette di rispedirlo indietro e di scrivere NS1, (Non Somministrato da genitore 1).\u201d<\/p>\n<p>PS. Fu l\u2019infermiera, poi, ad arrabbiarsi, perch\u00e8 tutte le mattine faceva la strada a vuoto, con la medicina nel piattino, avanti e indietro, ma questa \u00e8 un\u2019altra storia.<\/p>\n<p>IL SEGUITO<\/p>\n<p>Alice torna a casa e riprende la sua vita di sempre. A fine settembre la sorpresa: la notifica del tribunale dei minori di Venezia. Vi riporto uno stralcio della lettera, sorta di modulo pre-compilato che nulla c&#8217;entra con gli ultimi 12 anni a casa di Alice: <\/p>\n<p>&#8220;Le notizie trasmesse dai servizi territoriali descrivono una situazione familiare pregiudizievole per un sano ed equilibrato sviluppo psicofisico della minore in oggetto, in rapporto a condotte genitoriali carenti degli elementi minimi per assicurare una crescita e uno sviluppo adeguati e scongiurare il pericolo di pregiudizio.&#8221;<\/p>\n<p>PS. In questa storia Stamina c&#8217;entra solo perch\u00e8 i genitori di Alice avrebbero voluto trattare con le staminali la loro figliola ma non ci sono mai riusciti nonostante quattro sentenze del giudice a favore. S\u00ec, anche per la malattia di Alice, provocata da citomegalovirus contratto durante la gravidanza, la medicina ufficiale non offre nulla.<\/p>\n","protected":false},"excerpt":{"rendered":"<p><p>La storia che stiamo per raccontarvi \u00e8 successa in un ospedale veneto la scorsa primavera. Avremmo voluto riportarla rispettando l&#8217;anonimato dei protagonisti ma l&#8217;altro giorno \u00e8 rimbalzata da un giornale alle tiv\u00f9, con alcuni fatti travisati. Le bugie non solo hanno distratto dalla verit\u00e0 ma sono servite a un&#8217;altra causa che va per la maggiore, di questi tempi, in materia di sanit\u00e0: boicottare Stamina. Qui potete leggere la versione distorta. In realt\u00e0, il pm non ha chiesto al tribunale dei minori di togliere la patria potest\u00e0 a due genitori &#8220;perch\u00e8 hanno curato la loro figlia con Stamina&#8221;, come lascia intendere [&hellip;]<\/p>\n&nbsp;&nbsp;<div class=\"readmore\"><a href=\"https:\/\/blog.ilgiornale.it\/locati\/2014\/09\/29\/rifiuti-un-farmaco-a-tuo-figlio-via-la-patria-potesta-e-la-colpa-e-di-stamina\/\">Continua a leggere...<\/a><\/div><\/p>","protected":false},"author":992,"featured_media":0,"comment_status":"open","ping_status":"closed","sticky":false,"template":"","format":"standard","meta":[],"categories":[4538],"tags":[56553,40219,56542,23041],"_links":{"self":[{"href":"https:\/\/blog.ilgiornale.it\/locati\/wp-json\/wp\/v2\/posts\/2299"}],"collection":[{"href":"https:\/\/blog.ilgiornale.it\/locati\/wp-json\/wp\/v2\/posts"}],"about":[{"href":"https:\/\/blog.ilgiornale.it\/locati\/wp-json\/wp\/v2\/types\/post"}],"author":[{"embeddable":true,"href":"https:\/\/blog.ilgiornale.it\/locati\/wp-json\/wp\/v2\/users\/992"}],"replies":[{"embeddable":true,"href":"https:\/\/blog.ilgiornale.it\/locati\/wp-json\/wp\/v2\/comments?post=2299"}],"version-history":[{"count":1,"href":"https:\/\/blog.ilgiornale.it\/locati\/wp-json\/wp\/v2\/posts\/2299\/revisions"}],"predecessor-version":[{"id":2300,"href":"https:\/\/blog.ilgiornale.it\/locati\/wp-json\/wp\/v2\/posts\/2299\/revisions\/2300"}],"wp:attachment":[{"href":"https:\/\/blog.ilgiornale.it\/locati\/wp-json\/wp\/v2\/media?parent=2299"}],"wp:term":[{"taxonomy":"category","embeddable":true,"href":"https:\/\/blog.ilgiornale.it\/locati\/wp-json\/wp\/v2\/categories?post=2299"},{"taxonomy":"post_tag","embeddable":true,"href":"https:\/\/blog.ilgiornale.it\/locati\/wp-json\/wp\/v2\/tags?post=2299"}],"curies":[{"name":"wp","href":"https:\/\/api.w.org\/{rel}","templated":true}]}}