{"id":2520,"date":"2015-05-12T18:43:35","date_gmt":"2015-05-12T16:43:35","guid":{"rendered":"https:\/\/blog.ilgiornale.it\/locati\/?p=2520"},"modified":"2015-05-12T18:43:35","modified_gmt":"2015-05-12T16:43:35","slug":"cara-lorenzin-non-ci-basta-elio-se-una-bimba-muore","status":"publish","type":"post","link":"https:\/\/blog.ilgiornale.it\/locati\/2015\/05\/12\/cara-lorenzin-non-ci-basta-elio-se-una-bimba-muore\/","title":{"rendered":"Cara Lorenzin non ci basta Elio se una bimba muore"},"content":{"rendered":"<p>Il<em> tema \u00e8 la vita<\/em>. C\u2019entrano i superalcolici ma c\u2019\u00e8 dell\u2019altro. Oggi il ministro <strong>Lorenzin<\/strong> ha invitato a Roma il gruppo di <strong>Elio e le Storie Tese<\/strong>. Sono loro ad aver scritto \u201cAlcol snaturato\u201d una canzone sui rischi del consumo di alcool fra i giovanissimi. Ospiti, tutti insieme, del liceo scientifico Kennedy a discutere di prevenzione. Lorenzin &#8211; che diventer\u00e0 mamma fra pochi giorni \u2013 ha scritto in un comunicato di essere rimasta colpita dall&#8217;aver visto cos\u00ec tanti ragazzini in coma etilico nei pronto soccorso della Capitale. La vita si sciupa a sorsate fra rum, vodka e zucchero, scimmiottando il peggio degli adulti.<\/p>\n<p>Eppure, ministro, si pu\u00f2 fare di pi\u00f9: scomodi qualche scienziato dal suo ministero, lo mandi con Elio, nelle classi, a mostrare agli studenti fino a che punto si brucia un cervello (possibilmente insieme a qualche ragazzino di quelli che ha incontrato in ospedale, salvato per i capelli dopo il coma etilico).<\/p>\n<p>Col <strong>fumo<\/strong>, lei ministro, aveva visto abbastanza lungo: coinvolgere attori e registi a non accendersi sigarette sul set <em>sarebbe stato<\/em> un bell\u2019esempio. Peccato poi, che i produttori abbiano alzato la voce, lei ha fatto dietrofront e a noi \u00e8 rimasta la morale: <em>vale di pi\u00f9 un film della vita dei nostri figli<\/em>. Eppure, basterebbe far parlare nelle scuole i malati di microcitoma polmonare, testimoni di \u00a0verit\u00e0: \u201cHo fumato per 30 anni le XYZ <em>monopolio di Stato<\/em> ed ora sto per morire\u201d.<\/p>\n<p><em>Non si divaga a parlar di ci\u00f2 che tocca la vita.<\/em> Lei ha detto che per combattere la piaga dell\u2019alcolismo fra i giovanissimi \u201cmander\u00e0 i Nas dove si vendono gli aperitivi a chiedere la carta di identit\u00e0\u201d. Ecco, i Nas potrebbero anche presentarsi nelle discoteche le sere che precedono i giorni di festa. A Milano gli eventi per 14enni si chiamano \u201cBoom\u201d, ogni volta si tengono in un locale diverso, dalle 23 all\u2019una di notte, due consumazioni (due!!!), diciotto euro. Chi recluta i ragazzini? Non pierre in giacca e cravatta con barba\u00a0 brizzolata ma \u00a0coetanei degli adolescenti a cui si d\u00e0 la mancetta per distribuire il volantino con scritto \u201cparty del liceo tal dei tali\u201d. Tutto alla luce del sole e tutto ben nascosto. <em>Dal doppio cocktail al pronto soccorso che ha visto lei, ministro, il passo \u00e8 breve.<\/em><\/p>\n<p><em>Il fatto \u00e8 che la notizia della canzone di Elio ci \u00e8 arrivata ieri, assieme a quella della morte di Desir\u00e8e<\/em>, una bimba che lei conosce bene. Perch\u00e9 ha la<strong> Sma1<\/strong>, malattia senza cura. E perch\u00e9 stava provando a risolvere alcuni dei suoi sintomi peggiori con le infusioni di staminali agli Spedali di Brescia. S\u00ec, Desy &#8211; come l\u2019hanno sempre chiamata gli amici e il suo medico <strong>Marcello Villanova &#8211;<\/strong>\u00a0\u00e8 una bimba di Stamina, volata via. Era migliorata con quelle cellule. Alla stragrande. <strong>E poi, quando l\u2019ospedale ha sbattuto le porte in faccia a tutti quei piccoli gravemente malati (non \u00e8 una metafora, \u00e8 accaduto veramente, <a href=\"https:\/\/blog.ilgiornale.it\/locati\/2014\/05\/05\/vergogna\/\" target=\"_blank\">leggete qui,<\/a> nonostante le sentenze dei giudici e gli ufficiali giudiziari in corsia), quando sono state sequestrate le cellule, quando tutto si \u00e8 fermato e l&#8217;ospedale ha dichiarato che &#8220;le infusioni non sono terapie salvavita&#8221;, anche Desir\u00e8e \u00e8 peggiorata<\/strong>.<\/p>\n<p>Eppure, leggendo la pubblicazione firmata dallo stesso Villanova assieme a <strong>John Bach<\/strong> (<a href=\"http:\/\/www.ncbi.nlm.nih.gov\/pubmed\/25882135\" target=\"_blank\">cliccate qui<\/a>) il dubbio sorge: <em>se avesse continuato le infusioni, Desir\u00e8e, sarebbe ancora qui?<\/em><\/p>\n<p><strong><em>Perch\u00e9 tace, ministro?<\/em><\/strong> \u00a0Prima, nessuna promessa mantenuta (\u201cmi occuper\u00f2 di queste famiglie offrendo loro alternative\u201d), poi, nessun commento al paper. Ora che lo studio \u00e8 arrivato, ora che la terza bambina \u00e8 morta (dopo Rita e dopo Smeraldina), \u00a0nemmeno una parola di cordoglio, nemmeno a margine della conferenza di Elio&#8230; <em>nulla di nulla<\/em>.<\/p>\n<p><em>Ai lettori chiedo: chi ci obbliga a (man)tenere un ministro della salute?<\/em><\/p>\n<p>&nbsp;<\/p>\n<p>&nbsp;<\/p>\n","protected":false},"excerpt":{"rendered":"<p><p>Il tema \u00e8 la vita. C\u2019entrano i superalcolici ma c\u2019\u00e8 dell\u2019altro. Oggi il ministro Lorenzin ha invitato a Roma il gruppo di Elio e le Storie Tese. Sono loro ad aver scritto \u201cAlcol snaturato\u201d una canzone sui rischi del consumo di alcool fra i giovanissimi. Ospiti, tutti insieme, del liceo scientifico Kennedy a discutere di prevenzione. Lorenzin &#8211; che diventer\u00e0 mamma fra pochi giorni \u2013 ha scritto in un comunicato di essere rimasta colpita dall&#8217;aver visto cos\u00ec tanti ragazzini in coma etilico nei pronto soccorso della Capitale. La vita si sciupa a sorsate fra rum, vodka e zucchero, scimmiottando il [&hellip;]<\/p>\n&nbsp;&nbsp;<div class=\"readmore\"><a href=\"https:\/\/blog.ilgiornale.it\/locati\/2015\/05\/12\/cara-lorenzin-non-ci-basta-elio-se-una-bimba-muore\/\">Continua a leggere...<\/a><\/div><\/p>","protected":false},"author":992,"featured_media":0,"comment_status":"open","ping_status":"closed","sticky":false,"template":"","format":"standard","meta":[],"categories":[247],"tags":[4912,30964,60908,60873,2691,404871,31036,31035],"_links":{"self":[{"href":"https:\/\/blog.ilgiornale.it\/locati\/wp-json\/wp\/v2\/posts\/2520"}],"collection":[{"href":"https:\/\/blog.ilgiornale.it\/locati\/wp-json\/wp\/v2\/posts"}],"about":[{"href":"https:\/\/blog.ilgiornale.it\/locati\/wp-json\/wp\/v2\/types\/post"}],"author":[{"embeddable":true,"href":"https:\/\/blog.ilgiornale.it\/locati\/wp-json\/wp\/v2\/users\/992"}],"replies":[{"embeddable":true,"href":"https:\/\/blog.ilgiornale.it\/locati\/wp-json\/wp\/v2\/comments?post=2520"}],"version-history":[{"count":5,"href":"https:\/\/blog.ilgiornale.it\/locati\/wp-json\/wp\/v2\/posts\/2520\/revisions"}],"predecessor-version":[{"id":2526,"href":"https:\/\/blog.ilgiornale.it\/locati\/wp-json\/wp\/v2\/posts\/2520\/revisions\/2526"}],"wp:attachment":[{"href":"https:\/\/blog.ilgiornale.it\/locati\/wp-json\/wp\/v2\/media?parent=2520"}],"wp:term":[{"taxonomy":"category","embeddable":true,"href":"https:\/\/blog.ilgiornale.it\/locati\/wp-json\/wp\/v2\/categories?post=2520"},{"taxonomy":"post_tag","embeddable":true,"href":"https:\/\/blog.ilgiornale.it\/locati\/wp-json\/wp\/v2\/tags?post=2520"}],"curies":[{"name":"wp","href":"https:\/\/api.w.org\/{rel}","templated":true}]}}