{"id":2598,"date":"2015-08-05T23:16:25","date_gmt":"2015-08-05T21:16:25","guid":{"rendered":"https:\/\/blog.ilgiornale.it\/locati\/?p=2598"},"modified":"2015-08-05T23:16:25","modified_gmt":"2015-08-05T21:16:25","slug":"il-cancro-nella-sanita","status":"publish","type":"post","link":"https:\/\/blog.ilgiornale.it\/locati\/2015\/08\/05\/il-cancro-nella-sanita\/","title":{"rendered":"Il cancro nella Sanit\u00e0"},"content":{"rendered":"<p>Il governo progetta di togliere alla Sanit\u00e0 sette miliardi nei prossimi tre anni. Il ministro ha gi\u00e0 detto che &#8220;i medici dovranno prescrivere meno esami&#8221;. Casomai il diktat non venisse rispettato, si \u00e8 decisa anche la pena: al dottore disobbediente verr\u00e0 decurtato lo stipendio.<\/p>\n<p>Lorenzin ci rassicura: \u201c<i>Ribadisco che sono contraria a tagli, difender\u00f2 il fondo sanitario cos\u00ec com\u2019\u00e8 per il 2016 e difendo l\u2019applicazione del Patto per la salute, che prevede che i risparmi non sono tagli: i risparmi che vengono effettuati grazie a misure di maggiore efficienza, infatti, vengono reinvestiti nel Servizio sanitario, e noi abbiamo gi\u00e0 quantificato questi risparmi in 10 miliardi in 5 anni. Il governo non ha deciso di tagliare la Sanit\u00e0; il governo ha posto dei tagli agli enti locali e le Regioni hanno deciso che avrebbero rinunciato all\u2019incremento del fondo sanitario.\u201d<\/i><\/p>\n<p>Lorenzin chiama i tagli &#8220;risparmi&#8221;. E dice che quanto si risparmier\u00e0 verr\u00e0 reinvestito in Sanit\u00e0. Che \u00e8 come dire: se uno stipendio non basta pi\u00f9 in famiglia e si \u00e8 deciso di spendere meno, poniamo in &#8216;spese mediche&#8217;, quel denaro messo da parte finir\u00e0 ancora in spese mediche.<\/p>\n<p>Il ministro dovrebbe spiegare&nbsp;<b>dove andranno a finire questi &#8220;tagli-risparmi&#8221;.<\/b><\/p>\n<p><b>Nell&#8217;acquisto di farmaci sempre pi\u00f9 cari?<\/b><\/p>\n<p>Si parla di ridurre le ecografie ma mai di assottigliare le ricette delle medicine. Sentito da un medico di base: (&#8220;Da un giorno all&#8217;altro \u00e8 stata abbassata la soglia d&#8217;allarme per la glicemia. E siamo stati invitati a prescrivere molti pi\u00f9 anti-diabetici&#8221;). <i>E chi ci garantisce che anche le soglie limite del colesterolo o della pressione arteriosa non siano state artefatte? E quelle delle altre malattie croniche? Possibile che al ministro sfuggano dettagli cos\u00ec importanti?&nbsp;<\/i><\/p>\n<p>Ma Lorenzin ci rassicura: non sono tagli questi, solo risparmi. Per la serie: le parole ci confortino, come una ninna nanna.<br \/>\nSe ristrettezza deve essere <b>perch\u00e8 non cominciare dall&#8217;inutile?<\/b> Ogni anno si spendono 39 milioni di euro per offrire il <b>vaccino anti-papilloma<\/b> alle dodicenni <i>bench\u00e8 nessuno ci sappia dire se e quanto serve allo scopo per il quale \u00e8 stato progettato<\/i>. Visto che non \u00e8 in corso nessuna pandemia da papilloma virus, si lasci il tris di vaccini a pagamento.<\/p>\n<p>Perch\u00e8 poi non rivedere i contratti con le aziende che forniscono l&#8217;anti-influenzale? Se ad acquisto fatto, si scopre &#8211; come accaduto pochi mesi fa con il <b>Fluad<\/b> &#8211; che il vaccino non protegge dai virus o che l&#8217;influenza paventata non arriva &#8211; come accaduto anni fa con l&#8217;Aviaria &#8211; le aziende restituiscano il denaro. \u00c8 la prima regola di economia domestica: se l&#8217;asciugacapelli o il televisore non funzionano, si viene rimborsati.<\/p>\n<p>E che dire dell&#8217;astrusa concertazione &#8211; fra aziende-ministero-Aifa &#8211; per spingere il farmaco pi\u00f9 caro nella cura della maculopatia senile (<b>Lucentis<\/b>) e nascondere il pi\u00f9 economico (<b>Avastin<\/b>)? Eppure distribuendo il rimedio meno caro e altrettanto efficace si risparmierebbero 350 milioni di euro l&#8217;anno. <a href=\"https:\/\/blog.ilgiornale.it\/locati\/2015\/06\/04\/avastin-lucentis-la-procura-di-roma-valuta-il-disastro-colposo\/?repeat=w3tc\">Cliccate qui.<\/a><\/p>\n<p>Infine, chiss\u00e0 quanto dei tagli-risparmi di oggi finir\u00e0 nell&#8217;acquisto dei <b>farmaci oncologici<\/b> approvati dalla Fda proprio nel 2014.<b> Le Big Pharma hanno fissato un prezzo di oltre 120mila dollari per anno di utilizzo (!!!)<\/b>, gli Stati Uniti stanno ripensando al loro sistema di rimborsi (il reddito medio lordo di una famiglia americana \u00e8 di 60mila dollari). Perfino gli oncologi si stanno ribellando. <a href=\"http:\/\/www.doctor33.it\/prezzi-troppo-alti-dei-farmaci-anticancro-protesta-firmata-da-oncologi-usa\/politica-e-sanita\/news--30587.html?xrtd=SCXASXVLPPXSALTLXTTTRS\">Cliccate qui.<\/a><\/p>\n<p><i>E noi? Abbiamo mai rifiutato un cent a una Big Pharma?<\/i><\/p>\n<p><i>E abbiamo mai sentito un nostro ministro trattare sul prezzo? O un presidente di Regione indignarsi?&nbsp;<\/i><\/p>\n<p>Concludo riportandovi le parole di <b>Silvio Garattini<\/b>, il noto farmacologo a lungo impegnato su pi\u00f9 fronti, quello di direttore del Mario Negri (istituto di ricerca e fabbrica di farmaci) e di membro della Commissione farmaco, l&#8217;Aifa insomma, e ora scelto come tecnico nel Consiglio del ministero (a giudicare dagli eventi per\u00f2 sta dimostrando di avere solo la facolt\u00e0 di parola, quella di azione gli \u00e8 stata inibita&#8230;).<\/p>\n<p>Ecco le parole: &#8220;\u00c8 irrazionale prescrivere farmaci che non servono o sono molto costosi, quando ce ne sono di ugualmente efficaci e pi\u00f9 economici&#8221;.&nbsp;<\/p>\n<p>Poi: &#8220;\u00c8 necessario rimettere mano al Prontuario terapeutico nazionale che non viene rivisto da oltre 20 anni, ed \u00e8 assurdo&#8221;.&nbsp;<\/p>\n<p>Ancora: &#8220;Bisogna fare molta pulizia, togliere le cose che non servono pi\u00f9 o che sono molto costose rispetto ad altre, a parit\u00e0 di efficacia. Lo spirito non \u00e8 quello di limitare la libert\u00e0 dei medici o i trattamenti ai pazienti, ma di garantire ai malati tutto ci\u00f2 che serve purch\u00e9 supportato dall\u2019evidenza. Se ci pensiamo bene, \u00e8 esattamente ci\u00f2 che facciamo tutti ogni giorno nelle nostre famiglie e nelle nostre case&#8221;.<\/p>\n<p><i>Parole, soltanto parole: i nuovi brevetti bussano con prepotenza alla porta: Big Pharma chiama, l&#8217;Italia risponde. E onora i pagamenti anticipo.<br \/>\n<\/i><\/p>\n","protected":false},"excerpt":{"rendered":"<p><p>Il governo progetta di togliere alla Sanit\u00e0 sette miliardi nei prossimi tre anni. Il ministro ha gi\u00e0 detto che &#8220;i medici dovranno prescrivere meno esami&#8221;. Casomai il diktat non venisse rispettato, si \u00e8 decisa anche la pena: al dottore disobbediente verr\u00e0 decurtato lo stipendio. Lorenzin ci rassicura: \u201cRibadisco che sono contraria a tagli, difender\u00f2 il fondo sanitario cos\u00ec com\u2019\u00e8 per il 2016 e difendo l\u2019applicazione del Patto per la salute, che prevede che i risparmi non sono tagli: i risparmi che vengono effettuati grazie a misure di maggiore efficienza, infatti, vengono reinvestiti nel Servizio sanitario, e noi abbiamo gi\u00e0 quantificato [&hellip;]<\/p>\n&nbsp;&nbsp;<div class=\"readmore\"><a href=\"https:\/\/blog.ilgiornale.it\/locati\/2015\/08\/05\/il-cancro-nella-sanita\/\">Continua a leggere...<\/a><\/div><\/p>","protected":false},"author":992,"featured_media":0,"comment_status":"open","ping_status":"closed","sticky":false,"template":"","format":"standard","meta":[],"categories":[4689],"tags":[14900,8848,40244,30960,2727,77181,404868],"_links":{"self":[{"href":"https:\/\/blog.ilgiornale.it\/locati\/wp-json\/wp\/v2\/posts\/2598"}],"collection":[{"href":"https:\/\/blog.ilgiornale.it\/locati\/wp-json\/wp\/v2\/posts"}],"about":[{"href":"https:\/\/blog.ilgiornale.it\/locati\/wp-json\/wp\/v2\/types\/post"}],"author":[{"embeddable":true,"href":"https:\/\/blog.ilgiornale.it\/locati\/wp-json\/wp\/v2\/users\/992"}],"replies":[{"embeddable":true,"href":"https:\/\/blog.ilgiornale.it\/locati\/wp-json\/wp\/v2\/comments?post=2598"}],"version-history":[{"count":1,"href":"https:\/\/blog.ilgiornale.it\/locati\/wp-json\/wp\/v2\/posts\/2598\/revisions"}],"predecessor-version":[{"id":2599,"href":"https:\/\/blog.ilgiornale.it\/locati\/wp-json\/wp\/v2\/posts\/2598\/revisions\/2599"}],"wp:attachment":[{"href":"https:\/\/blog.ilgiornale.it\/locati\/wp-json\/wp\/v2\/media?parent=2598"}],"wp:term":[{"taxonomy":"category","embeddable":true,"href":"https:\/\/blog.ilgiornale.it\/locati\/wp-json\/wp\/v2\/categories?post=2598"},{"taxonomy":"post_tag","embeddable":true,"href":"https:\/\/blog.ilgiornale.it\/locati\/wp-json\/wp\/v2\/tags?post=2598"}],"curies":[{"name":"wp","href":"https:\/\/api.w.org\/{rel}","templated":true}]}}