{"id":2732,"date":"2016-01-27T19:51:35","date_gmt":"2016-01-27T18:51:35","guid":{"rendered":"https:\/\/blog.ilgiornale.it\/locati\/?p=2732"},"modified":"2016-01-27T19:51:35","modified_gmt":"2016-01-27T18:51:35","slug":"troppi-tumori-nei-bambini","status":"publish","type":"post","link":"https:\/\/blog.ilgiornale.it\/locati\/2016\/01\/27\/troppi-tumori-nei-bambini\/","title":{"rendered":"&#8220;Troppi tumori nei bambini&#8221;"},"content":{"rendered":"<p>Benzene e ossidi di azoto. Ma anche polveri sottilissime (Pm2,5) e ozono. Sono killer invisibili, con licenza di uccidere. Smascherati da anni: non c\u2019\u00e8 istituto di ricerca che non abbia stilato un elenco di questi cancerogeni responsabili di leucemie, linfomi, tumori al polmone, alla cute e alla mammella.<\/p>\n<p><a href=\"http:\/\/www.ramazzini.org\/cancerogeno\/benzene\/\" target=\"_blank\">Cliccate qui <\/a>per vedere gli studi dell\u2019istituto Ramazzini sul legame fra benzene e tumori, alcuni lavori risalgono agli anni \u201980 (!). Dallo Iarc all\u2019Oms all\u2019Iss, <em>tutti descrivono i rischi dell\u2019inquinamento, nessuno fa niente<\/em>.<\/p>\n<p>\u201cIn Italia, rispetto al resto d\u2019Europa, l\u2019incidenza dei tumori infantili \u00e8 pi\u00f9 alta, sia nella fascia di et\u00e0 0-14 che in quella 0-19 (fonte: ACCIS, Automated Childhood Cancer Information System \u2013 Iarc) \u2013 denuncia <strong>Patrizia Gentilini<\/strong>, oncologa ed ematologa \u2013 L\u2019ultimo rapporto Airtum conferma che l\u2019incidenza dei tumori nell\u2019et\u00e0 0-14 \u00e8 la pi\u00f9 alta fra i Paesi occidentali, nonostante la crescita si sia stabilizzata rispetto ai dati precedenti\u201d.<\/p>\n<p>Sono un <em>centinaio <\/em>i medici e i ricercatori che, assieme a Patrizia Gentilini, hanno sottoscritto nei giorni scorsi un accorato appello al presidente della Repubblica<strong> Sergio Mattarella<\/strong>, <a href=\"http:\/\/www.tricasenews.it\/2016\/01\/lettera-aperta-al-presidente-mattarella-su-inquinamento-e-salute\/\" target=\"_blank\">cliccate qui.<\/a> Si parla di inquinamento e delle ricadute sulla salute (tema del discorso di fine anno del presidente).<\/p>\n<p>A proposito degli allarmanti livelli di smog, Gentilini scrive: \u201cCi sembra paradossale che non si possa fare altro che sperare nella pioggia (\u2026) e sembra che non ci resti altro che confidare nella benignit\u00e0 di quella Natura che costantemente violiamo\u201d.<\/p>\n<p>Ancora: \u201cNon vediamo futuro per i nostri giovani ma ancora pi\u00f9 ci angoscia la consapevolezza che stiamo compromettendo un bene assai pi\u00f9 prezioso: la loro salute. <em>Siamo il Paese in cui la speranza di vita in salute alla nascita dal 2004 al 2013 \u00e8 diminuita di 7 anni nei maschi e di oltre 10 nelle femmine\u201d.<\/em><\/p>\n<p>Un rapporto dell\u2019Istituto Superiore di Sanit\u00e0 sulla Terra dei fuochi rivela <strong>dati agghiaccianti<\/strong>: \u201cSi sono rilevati <em>eccessi<\/em> nel numero dei bambini ricoverati nel primo anno di vita per tutti i tumori, <em>eccessi <\/em>di tumori del sistema nervoso centrale nel primo anno di vita e nella fascia di et\u00e0 0-14 anni. Nella sola provincia di Taranto il tasso di incidenza dei tumori in et\u00e0 pediatrica supera del 54%\u00a0 la media regionale\u201d.<\/p>\n<p><em>Quante Terre dei fuochi ci sono nel nostro Paese? Si chiedono i medici. Quanto veleno \u00e8 presente nel cibo, nell\u2019acqua, nella terra e nell\u2019aria?<\/em><\/p>\n<p>Fra i vari argomenti toccati dalla lettera, la schizofrenia nello smaltimento rifiuti. Da un lato si impongono ai cittadini comportamenti virtuosi (raccolta differenziata) dall\u2019altro si promuovono sempre pi\u00f9 inceneritori (con incentivi e decreti).<\/p>\n<p>L\u2019appello si conclude con una richiesta di incontro.<\/p>\n<p>Ps. A riprova del <em>legame fra inquinamento e cancro<\/em>, vi riporto le ultime notizie dalla <strong>Cina <\/strong>dove il tasso di incidenza dei tumori \u00e8 in impennata: 7.500 morti al giorno secondo il report del National Center di Pechino che ha analizzato i dati di 72 registri pari al 6,5% della popolazione (2009-2011). Il pi\u00f9 diffuso e letale \u00e8 il tumore al polmone. Seguono quelli a bronchi, stomaco, fegato, esofago.<\/p>\n<p><a href=\"https:\/\/blog.ilgiornale.it\/locati\/files\/2016\/01\/inquinamento.jpg\"><img loading=\"lazy\" class=\"alignleft size-medium wp-image-2733\" src=\"https:\/\/blog.ilgiornale.it\/locati\/files\/2016\/01\/inquinamento-300x140.jpg\" alt=\"inquinamento\" width=\"300\" height=\"140\" srcset=\"https:\/\/blog.ilgiornale.it\/locati\/files\/2016\/01\/inquinamento-300x140.jpg 300w, https:\/\/blog.ilgiornale.it\/locati\/files\/2016\/01\/inquinamento.jpg 750w\" sizes=\"(max-width: 300px) 100vw, 300px\" \/><\/a><\/p>\n<p>&nbsp;<\/p>\n<p>&nbsp;<\/p>\n<p>&nbsp;<\/p>\n<p>&nbsp;<\/p>\n","protected":false},"excerpt":{"rendered":"<p><p>Benzene e ossidi di azoto. Ma anche polveri sottilissime (Pm2,5) e ozono. Sono killer invisibili, con licenza di uccidere. Smascherati da anni: non c\u2019\u00e8 istituto di ricerca che non abbia stilato un elenco di questi cancerogeni responsabili di leucemie, linfomi, tumori al polmone, alla cute e alla mammella. Cliccate qui per vedere gli studi dell\u2019istituto Ramazzini sul legame fra benzene e tumori, alcuni lavori risalgono agli anni \u201980 (!). Dallo Iarc all\u2019Oms all\u2019Iss, tutti descrivono i rischi dell\u2019inquinamento, nessuno fa niente. \u201cIn Italia, rispetto al resto d\u2019Europa, l\u2019incidenza dei tumori infantili \u00e8 pi\u00f9 alta, sia nella fascia di et\u00e0 0-14 [&hellip;]<\/p>\n&nbsp;&nbsp;<div class=\"readmore\"><a href=\"https:\/\/blog.ilgiornale.it\/locati\/2016\/01\/27\/troppi-tumori-nei-bambini\/\">Continua a leggere...<\/a><\/div><\/p>","protected":false},"author":992,"featured_media":0,"comment_status":"open","ping_status":"closed","sticky":false,"template":"","format":"standard","meta":[],"categories":[787],"tags":[117885,77243,25,404908,14871,77241,77244,87607,77242],"_links":{"self":[{"href":"https:\/\/blog.ilgiornale.it\/locati\/wp-json\/wp\/v2\/posts\/2732"}],"collection":[{"href":"https:\/\/blog.ilgiornale.it\/locati\/wp-json\/wp\/v2\/posts"}],"about":[{"href":"https:\/\/blog.ilgiornale.it\/locati\/wp-json\/wp\/v2\/types\/post"}],"author":[{"embeddable":true,"href":"https:\/\/blog.ilgiornale.it\/locati\/wp-json\/wp\/v2\/users\/992"}],"replies":[{"embeddable":true,"href":"https:\/\/blog.ilgiornale.it\/locati\/wp-json\/wp\/v2\/comments?post=2732"}],"version-history":[{"count":2,"href":"https:\/\/blog.ilgiornale.it\/locati\/wp-json\/wp\/v2\/posts\/2732\/revisions"}],"predecessor-version":[{"id":2735,"href":"https:\/\/blog.ilgiornale.it\/locati\/wp-json\/wp\/v2\/posts\/2732\/revisions\/2735"}],"wp:attachment":[{"href":"https:\/\/blog.ilgiornale.it\/locati\/wp-json\/wp\/v2\/media?parent=2732"}],"wp:term":[{"taxonomy":"category","embeddable":true,"href":"https:\/\/blog.ilgiornale.it\/locati\/wp-json\/wp\/v2\/categories?post=2732"},{"taxonomy":"post_tag","embeddable":true,"href":"https:\/\/blog.ilgiornale.it\/locati\/wp-json\/wp\/v2\/tags?post=2732"}],"curies":[{"name":"wp","href":"https:\/\/api.w.org\/{rel}","templated":true}]}}