{"id":277,"date":"2011-04-20T17:07:07","date_gmt":"2011-04-20T17:07:07","guid":{"rendered":"https:\/\/blog.ilgiornale.it\/locati\/?p=277"},"modified":"2011-04-20T19:31:54","modified_gmt":"2011-04-20T19:31:54","slug":"quando-la-medicina-sembra-fantascienza","status":"publish","type":"post","link":"https:\/\/blog.ilgiornale.it\/locati\/2011\/04\/20\/quando-la-medicina-sembra-fantascienza\/","title":{"rendered":"Quando la medicina sembra fantascienza"},"content":{"rendered":"<p><a href=\"https:\/\/blog.ilgiornale.it\/locati\/files\/2011\/04\/genoma.jpg\"><img loading=\"lazy\" class=\"alignnone size-full wp-image-278\" src=\"https:\/\/blog.ilgiornale.it\/locati\/files\/2011\/04\/genoma.jpg\" alt=\"\" width=\"300\" height=\"298\" srcset=\"https:\/\/blog.ilgiornale.it\/locati\/files\/2011\/04\/genoma.jpg 300w, https:\/\/blog.ilgiornale.it\/locati\/files\/2011\/04\/genoma-150x150.jpg 150w\" sizes=\"(max-width: 300px) 100vw, 300px\" \/><\/a>Vi riporto due notizie incoraggianti: entrambe danno l\u2019idea dei <em>progressi <\/em>della medicina e ci fanno apparire meno indifferenti nei confronti di chi verr\u00e0 dopo di noi. Gi\u00e0, non lasceremo in eredit\u00e0\u00a0solo scorie radioattive, campi e acque inquinate, <em>ma anche qualcosa di bello sotto il sole\u2026<\/em><\/p>\n<p>TERAPIA SU MISURA. L\u2019agenzia Ansa riporta un lavoro di Boris Pache, della University of Alabama, al Birmingham Comprehensive Cancer Center, pubblicato sul Journal of the American Medical Association. Nell\u2019arco di 10 anni prenderanno piede le terapie personalizzate anti-cancro, basate sul Dna del paziente: il sequenziamento dell\u2019intero Dna dei pazienti oncologici (gi\u00e0 eseguito su molti malati a livello sperimentale e destinato a divenire routine) permetter\u00e0 infatti di trovare il farmaco pi\u00f9 adatto a ciascuno.<\/p>\n<p>\u00a0Lo studio mostra come sequenziando il genoma di una donna di 39 anni con leucemia mieloide acuta (aveva una prognosi davvero preoccupante) si sia riusciti a trovare una cura su misura per lei: la giovane ora \u00a0sta guarendo.<\/p>\n<p>\u00a0Spiega Pasche: \u201cLa paziente aveva una prognosi non positiva, ma attraverso la mappatura completa del suo genoma \u00e8 stato possibile scovare un gene indicativo del fatto che la donna avrebbe risposto bene a una terapia differente da quella solitamente raccomandata per il suo tumore\u00bb. Cos\u00ec, grazie alle informazioni tratte dal suo Dna, le \u00e8 stata cambiata la cura: la nuova terapia <em>ha funzionato<\/em>.<\/p>\n<p>I costi per sequenziare il genoma umano, conclude Pasche, scenderanno sempre di pi\u00f9: al momento sono di 30 mila dollari per 4 settimane di tempo, ma fra 5 anni ci vorranno 100 euro e 15 minuti.<\/p>\n<p>NASO ELETTRONICO \u00c8 sempre pi\u00f9 vicino il giorno in cui il cancro si potr\u00e0 diagnosticare analizzando l\u2019aria espirata. L\u2019agenzia Ansa riporta uno studio pubblicato sul \u201cBritish Journal of cancer\u201d. Un naso elettronico \u00e8 in grado \u00a0di identificare i segnali chimici del cancro nel fiato dei pazienti con tumori localizzati al polmone, alla testa o al collo. La ricerca \u00e8 stata condotta su 80 volontari, 22 dei quali con diversi tipi di tumore collo-testa, 24 al polmone e 36 sani.<\/p>\n<p>Il prototipo di naso elettronico usa un metodo chimico per rilevare i marker del cancro presenti nel respiro, una rilevazione che per\u00f2 non \u00e8 ancora sufficiente a dare una diagnosi. La speranza \u00e8 che un giorno questo test possa farlo. \u00ab\u00c8 urgente sviluppare nuovi modi per rilevare i tumori collo-testa &#8211; ha spiegato Hossam Haick, coordinatore dello studio &#8211; perch\u00e8 la loro diagnosi \u00e8 complicata e spesso arriva in ritardo. Noi abbiamo dimostrato che un semplice test sull\u2019aria espirata pu\u00f2 rilevare le molecole riscontrate nei pazienti con questi tumori. Ora dobbiamo verificare questi risultati in uno studio pi\u00f9 vasto, in modo da arrivare a nuovo potenziale metodo di screening\u00bb.<\/p>\n","protected":false},"excerpt":{"rendered":"<p><p>Vi riporto due notizie incoraggianti: entrambe danno l\u2019idea dei progressi della medicina e ci fanno apparire meno indifferenti nei confronti di chi verr\u00e0 dopo di noi. Gi\u00e0, non lasceremo in eredit\u00e0\u00a0solo scorie radioattive, campi e acque inquinate, ma anche qualcosa di bello sotto il sole\u2026 TERAPIA SU MISURA. L\u2019agenzia Ansa riporta un lavoro di Boris Pache, della University of Alabama, al Birmingham Comprehensive Cancer Center, pubblicato sul Journal of the American Medical Association. Nell\u2019arco di 10 anni prenderanno piede le terapie personalizzate anti-cancro, basate sul Dna del paziente: il sequenziamento dell\u2019intero Dna dei pazienti oncologici (gi\u00e0 eseguito su molti malati [&hellip;]<\/p>\n&nbsp;&nbsp;<div class=\"readmore\"><a href=\"https:\/\/blog.ilgiornale.it\/locati\/2011\/04\/20\/quando-la-medicina-sembra-fantascienza\/\">Continua a leggere...<\/a><\/div><\/p>","protected":false},"author":992,"featured_media":0,"comment_status":"open","ping_status":"closed","sticky":false,"template":"","format":"standard","meta":[],"categories":[2819,4531,2573,2666],"tags":[4554,4552,4557,4560,404836,4558,404849,4555,4556,4561,4559,4553],"_links":{"self":[{"href":"https:\/\/blog.ilgiornale.it\/locati\/wp-json\/wp\/v2\/posts\/277"}],"collection":[{"href":"https:\/\/blog.ilgiornale.it\/locati\/wp-json\/wp\/v2\/posts"}],"about":[{"href":"https:\/\/blog.ilgiornale.it\/locati\/wp-json\/wp\/v2\/types\/post"}],"author":[{"embeddable":true,"href":"https:\/\/blog.ilgiornale.it\/locati\/wp-json\/wp\/v2\/users\/992"}],"replies":[{"embeddable":true,"href":"https:\/\/blog.ilgiornale.it\/locati\/wp-json\/wp\/v2\/comments?post=277"}],"version-history":[{"count":3,"href":"https:\/\/blog.ilgiornale.it\/locati\/wp-json\/wp\/v2\/posts\/277\/revisions"}],"predecessor-version":[{"id":280,"href":"https:\/\/blog.ilgiornale.it\/locati\/wp-json\/wp\/v2\/posts\/277\/revisions\/280"}],"wp:attachment":[{"href":"https:\/\/blog.ilgiornale.it\/locati\/wp-json\/wp\/v2\/media?parent=277"}],"wp:term":[{"taxonomy":"category","embeddable":true,"href":"https:\/\/blog.ilgiornale.it\/locati\/wp-json\/wp\/v2\/categories?post=277"},{"taxonomy":"post_tag","embeddable":true,"href":"https:\/\/blog.ilgiornale.it\/locati\/wp-json\/wp\/v2\/tags?post=277"}],"curies":[{"name":"wp","href":"https:\/\/api.w.org\/{rel}","templated":true}]}}