{"id":282,"date":"2011-04-21T17:54:47","date_gmt":"2011-04-21T17:54:47","guid":{"rendered":"https:\/\/blog.ilgiornale.it\/locati\/?p=282"},"modified":"2011-04-21T19:32:43","modified_gmt":"2011-04-21T19:32:43","slug":"novita-apre-il-primo-centralino-oncologico","status":"publish","type":"post","link":"https:\/\/blog.ilgiornale.it\/locati\/2011\/04\/21\/novita-apre-il-primo-centralino-oncologico\/","title":{"rendered":"Arriva il primo centralino oncologico"},"content":{"rendered":"<p><a href=\"https:\/\/blog.ilgiornale.it\/locati\/files\/2011\/04\/telefono1.jpg\"><img loading=\"lazy\" class=\"alignnone size-full wp-image-283\" src=\"https:\/\/blog.ilgiornale.it\/locati\/files\/2011\/04\/telefono1.jpg\" alt=\"\" width=\"108\" height=\"121\" \/><\/a>Da oggi funziona un centralino oncologico. Risponde al numero verde 848.800.155 , \u00a0dal luned\u00ec al venerd\u00ec, dalle 10 alle 17. Per chi chiama il costo \u00e8 di una telefonata urbana. Unico in tutta Italia, \u00e8 stato realizzato dall\u2019associazione \u201cChiama\u201d, in collaborazione con l\u2019Istituto oncologico veneto (Iov), ha il patrocinio della Regione Veneto.<\/p>\n<p>Si pu\u00f2 chiamare da ogni regione d\u2019Italia per fare domande sui tumori, sulle diagnosi e sulle cure. In particolare, verranno rilasciate informazioni sui servizi offerti in Veneto: dalle associazioni di volontariato a quelle di sostegno psicologico; dalle indicazioni pratiche sulle leggi ai programmi di prevenzione. \u00abInauguriamo un servizio nuovo, di comunicazione interpersonale diretta. Vogliamo fare qualcosa di utile per la societ\u00e0 mettendoci dei panni dei malati, rispondendo al loro bisogno di essere ascoltati. Per i medici, che devono estraniarsi dall\u2019emotivit\u00e0 per concentrarsi sulle cure pi\u00f9 adatte, \u00e8 un compito sempre pi\u00f9 difficile\u201d ha sottolineato Pier Carlo Muzzio, direttore generale dello Iov. L\u2019assessore regionale alla Sanit\u00e0, Luca Coletto, ha spiegato che: \u00abSi tratta di un progetto molto semplice, ma proprio per questo pi\u00f9 vicino alle persone\u201d.<\/p>\n<p>Chi risponder\u00e0 al centralino? Un gruppo di professionisti volontari composto da ex pazienti, infermieri, psicologi: verranno dati consigli, non consulenze mediche dirette.<\/p>\n","protected":false},"excerpt":{"rendered":"<p><p>Da oggi funziona un centralino oncologico. Risponde al numero verde 848.800.155 , \u00a0dal luned\u00ec al venerd\u00ec, dalle 10 alle 17. Per chi chiama il costo \u00e8 di una telefonata urbana. Unico in tutta Italia, \u00e8 stato realizzato dall\u2019associazione \u201cChiama\u201d, in collaborazione con l\u2019Istituto oncologico veneto (Iov), ha il patrocinio della Regione Veneto. Si pu\u00f2 chiamare da ogni regione d\u2019Italia per fare domande sui tumori, sulle diagnosi e sulle cure. In particolare, verranno rilasciate informazioni sui servizi offerti in Veneto: dalle associazioni di volontariato a quelle di sostegno psicologico; dalle indicazioni pratiche sulle leggi ai programmi di prevenzione. \u00abInauguriamo un servizio [&hellip;]<\/p>\n&nbsp;&nbsp;<div class=\"readmore\"><a href=\"https:\/\/blog.ilgiornale.it\/locati\/2011\/04\/21\/novita-apre-il-primo-centralino-oncologico\/\">Continua a leggere...<\/a><\/div><\/p>","protected":false},"author":992,"featured_media":0,"comment_status":"open","ping_status":"closed","sticky":false,"template":"","format":"standard","meta":[],"categories":[247],"tags":[4565,4569,4562,4568,4564,4567,4566,4563,404826],"_links":{"self":[{"href":"https:\/\/blog.ilgiornale.it\/locati\/wp-json\/wp\/v2\/posts\/282"}],"collection":[{"href":"https:\/\/blog.ilgiornale.it\/locati\/wp-json\/wp\/v2\/posts"}],"about":[{"href":"https:\/\/blog.ilgiornale.it\/locati\/wp-json\/wp\/v2\/types\/post"}],"author":[{"embeddable":true,"href":"https:\/\/blog.ilgiornale.it\/locati\/wp-json\/wp\/v2\/users\/992"}],"replies":[{"embeddable":true,"href":"https:\/\/blog.ilgiornale.it\/locati\/wp-json\/wp\/v2\/comments?post=282"}],"version-history":[{"count":2,"href":"https:\/\/blog.ilgiornale.it\/locati\/wp-json\/wp\/v2\/posts\/282\/revisions"}],"predecessor-version":[{"id":285,"href":"https:\/\/blog.ilgiornale.it\/locati\/wp-json\/wp\/v2\/posts\/282\/revisions\/285"}],"wp:attachment":[{"href":"https:\/\/blog.ilgiornale.it\/locati\/wp-json\/wp\/v2\/media?parent=282"}],"wp:term":[{"taxonomy":"category","embeddable":true,"href":"https:\/\/blog.ilgiornale.it\/locati\/wp-json\/wp\/v2\/categories?post=282"},{"taxonomy":"post_tag","embeddable":true,"href":"https:\/\/blog.ilgiornale.it\/locati\/wp-json\/wp\/v2\/tags?post=282"}],"curies":[{"name":"wp","href":"https:\/\/api.w.org\/{rel}","templated":true}]}}