{"id":2910,"date":"2016-05-26T09:44:20","date_gmt":"2016-05-26T07:44:20","guid":{"rendered":"https:\/\/blog.ilgiornale.it\/locati\/?p=2910"},"modified":"2017-03-16T23:04:46","modified_gmt":"2017-03-16T22:04:46","slug":"vaccini-obbligo-e-verita","status":"publish","type":"post","link":"https:\/\/blog.ilgiornale.it\/locati\/2016\/05\/26\/vaccini-obbligo-e-verita\/","title":{"rendered":"Vaccini, obbligo e verit\u00e0"},"content":{"rendered":"<p><b>Perch\u00e9<\/b> un personaggio famoso non pu\u00f2 esprimersi pubblicamente sui vaccini? E perch\u00e8 si temono le <i>opinioni diverse<\/i>?<\/p>\n<p><b>Perch\u00e9<\/b> si vuole introdurre l&#8217;obbligo delle vaccinazioni per ammettere i bambini al nido? (Se ne discute in Emilia Romagna e in Lombardia).<\/p>\n<p><b>Quali<\/b> sono le malattie da debellare, per le quali \u00e8 necessaria la copertura del 95%? I\u00a0bambini sotto i sei anni &#8220;dovrebbero&#8221; fare 48 iniezioni contro 14 malattie, ma non si trovano n\u00e8 lo spazio (hanno solo due cosce) n\u00e8 il tempo per farle tutte.<\/p>\n<p><b>Perch\u00e9<\/b>, quando si parla di vaccini, si ricorda che &#8220;l&#8217;antipoliomielite ha salvato il mondo&#8221; e ci si dimentica che dal 1991 a oggi &#8211; come conseguenza di una tangente fra l&#8217;ex ministro De Lorenzo e la ditta produttrice &#8211; si continua a inoculare ai neonati l<b>&#8216;antiepatite B <\/b>che si contrae solo con il sangue infetto e i rapporti sessuali promiscui? <i>Siamo l\u2019unico Paese al mondo, assieme a quelli dell&#8217;Est e alla Grecia, a vaccinare i neonati con l\u2019antiepatite B obbligatoria.<\/i><\/p>\n<p><b>Perch\u00e9\u00a0<\/b>in alcune regioni (Toscana, Liguria, Veneto e Sicilia) \u00e8 gi\u00e0 stato adottato il vaccino contro una forma di meningite (<b>antimeningococco B)<\/b> su neonati e adolescenti<i> quando l&#8217;Istituto superiore di Sanit\u00e0 ne ha sconsigliato l&#8217;impiego?<\/i><\/p>\n<p><i><b>Chi<\/b> decide quali vaccini introdurre se non si ascoltano i massimi esperti istituzionali?<\/i><\/p>\n<p><b>Perch\u00e9<\/b>, chi ha il sistema immunitario compromesso, tutto d&#8217;un tratto, secondo le ultime dichiarazioni del ministro <b>Lorenzin<\/b>, non si pu\u00f2 pi\u00f9 vaccinare, mentre sono proprio queste persone che dovrebbero farlo?<\/p>\n<p><b>Perch\u00e9<\/b> nei Paesi del Nord Europa si attenderanno gli studi nel 2020 prima di adottare l&#8217;antipapilloma virus, invece da noi &#8211; nonostante le perplessit\u00e0 dell&#8217;Istituto superiore di Sanit\u00e0 &#8211; lo si sta distribuendo dal 2007? <i>Perch\u00e8 in Italia si pu\u00f2 fare a meno degli studi?<\/i><\/p>\n<p><b>Perch\u00e9\u00a0<\/b>si parla soltanto di<i> effetto gregge<\/i> e mai di <i>pressione selettiva<\/i>? La prima \u00e8 la protezione del gruppo dei vaccinati quando uno Stato si impegna a debellare una malattia e si ottiene con il 95% di copertura (ma non si pu\u00f2 ottenerla per 14 malattie!); la seconda \u00e8 il fenomeno biologico di virus e batteri: se ci proteggiamo solo verso alcuni sottotipi, gli altri si rafforzano.<\/p>\n<p><b>Perch\u00e9<\/b> si dice che &#8220;i vaccini sono sicuri&#8221; dimenticando che vi sono centinaia di italiani a cui \u0117 stato riconosciuto per legge un <i>danno da vaccino? <\/i>(Legge 210 del 25 febbraio 1992).<\/p>\n<p><b>Perch\u00e9<\/b> non si parla con franchezza alle famiglie che non vogliono inoculare 48 dosi di vaccini ai loro bimbi stabilendo con loro <i>quali sono le priorit\u00e0?<br \/>\n<\/i><br \/>\nSono solo alcune domande che nascono quando si guarda con attenzione nel pentolone (infiammabile) dei vaccini, all&#8217;interno del quale, troppo spesso, qualcuno vi butta un cerino acceso.<\/p>\n<p>\u201cCi dobbiamo fidare degli esperti&#8221; avvertono le istituzioni (ministero e societ\u00e0 scientifiche) ma poi <i>sono le prime a non ascoltare l&#8217;Istituto superiore di Sanit\u00e0.<\/i><\/p>\n<p>Un anno fa, l\u2019epidemiologo <b>Vittorio Demicheli<\/b>, dirigente della Regione Piemonte oltre che esponente di spicco del <i>Cochrane Vaccine Field,<\/i> noto per le revisioni indipendenti sull\u2019efficacia dei vaccini, manifest\u00f2, su Il Sole24Ore, le sue opinioni sul piano vaccinale 2016-18 (non \u00e8 stato ancora approvato ma non \u00e8 un problema: alcuni vaccini come l\u2019anti meningococco B sono gi\u00e0 dispensati), <a href=\"http:\/\/www.sanita24.ilsole24ore.com\/art\/dal-governo\/2015-10-27\/piano-nazionale-vaccini-cura-trasparenza-contro-teoria-complotto-093236.php?uuid=ACwmW3NB&amp;refresh_ce=1\" target=\"_blank\">cliccate qui<\/a>. Tre giorni dopo, sullo stesso quotidiano, arriv\u00f2 una minaccia di querela da parte di alcuni esponenti delle societ\u00e0 scientifiche e del Consiglio superiore di Sanit\u00e0 (sono gli esperti a nomina ministeriale che hanno varato il piano vaccini). <a href=\"http:\/\/www.sanita24.ilsole24ore.com\/art\/dal-governo\/2015-10-30\/piano-nazionale-vaccini-pronti-iniziative-giudiziarie-contro-gravissime-e-false-affermazioni-095048.php?uuid=ACMS5IQB\" target=\"_blank\">Cliccate qui.<\/a><\/p>\n<p>Oggi abbiamo intervistato su questi temi proprio Vittorio Demicheli.<\/p>\n<p><b>Partiamo dalla querela, come and\u00f2 a finire?<\/b><\/p>\n<p>\u201cMai saputo nulla\u201d.<\/p>\n<p><b>La sua opinione sul vaccino anti meningite da menigococco B.<\/b><\/p>\n<p>\u201cCondivido la posizione dell\u2019ISS. Non si conoscono ancora a fondo l\u2019efficacia e la sicurezza di questo vaccino, non \u00e8 il caso di correre per acquistarlo e promuoverlo. Per sapere se effettivamente \u00e8 in grado di ridurre l\u2019incidenza della malattia occorrono diversi anni. Consideriamo che la meningite \u00e8 un\u2019infezione molto rara, qualche caso ogni milione di abitanti e quindi questo vaccino, come quelli contro altre meningiti, <i>risponde alla logica di proteggerci dai rischi piccoli. <\/i>C\u2019\u00e8 poi un altro problema&#8230;\u201d<\/p>\n<p><b>Quale?<\/b><\/p>\n<p>\u201cNon si riesce a stabilire quando farlo. Richiede 4 richiami nel primo anno di vita. Le mamme si presentano gi\u00e0 tre volte l\u2019anno per due iniezioni alla volta (<i>e i neonati hanno solo due gambe<\/i>). Introdurre quattro sedute aggiuntive potrebbe compromettere l\u2019adesione alle vaccinazioni in un momento di disaffezione crescente \u201d.<\/p>\n<p><b>Quindi boccia l\u2019antimeningococco B?<\/b><\/p>\n<p>\u201cL\u2019unico motivo per il quale sarei favorevole \u00e8 che stiamo gi\u00e0 vaccinando per diverse meningiti (Haemophiulus, pneumococco, meningococco C) e non si capirebbe perch\u00e9 lasciar fuori proprio questo. Ma \u00e8 l\u2019unico motivo. Il vero punto \u00e8 un altro: <i>servirebbe per prima cosa una riflessione sulle priorit\u00e0 delle vaccinazioni,<\/i> bisogna decidere cosa si vuole fare e poi un\u2019analisi dei motivi del calo delle adesioni.<i> Sono anni che il nostro Paese accoglie tutti i vaccini disponibili sul mercato, possibile che non ce ne sia nemmeno uno da scartare?\u201d<\/i><\/p>\n<p><b>A Milano si fa il tampone agli adolescenti per verificare se sono portatori di meningococco<\/b><i>.<\/i><\/p>\n<p>\u201c\u00c8 una pratica sconsigliata, perch\u00e9 il batterio \u00e8 ubiquitario e il fatto di trovarne traccia nella gola o nel naso non vuol dire che ci si ammaler\u00e0\u201d.<\/p>\n<p><b>Perch\u00e9 preoccupa il calo delle vaccinazioni?<\/b><\/p>\n<p>\u201c\u00c8 un problema da affrontare in modo critico. In 20 anni di vaccinazione contro il morbillo non siamo riusciti a raggiungere la soglia raccomandata dall\u2019Oms, (il 95%) al di sotto della quale si possono verificare casi di malattia. <i>Come possiamo pensare di introdurre altri vaccini che richiedono di raggiungere la medesima soglia?\u201d<\/i><\/p>\n<p><b>Ma come ottenere questa percentuale di copertura per 14 malattie?<\/b><\/p>\n<p>\u201cNon tutti i vaccini sono impiegati per eradicare le malattie, molti, come l\u2019antiinfluenzale o l\u2019anti meningite rappresentano una <i>protezione personale<\/i>. Prima di adottare la vaccinazione per la varicella o il rotavirus dovremmo preoccuparci di eradicare il morbillo. E ripeto: chiederci cosa vogliamo combattere. <i>Non possiamo pensare di vaccinarci per tutto, siamo unici al mondo\u201d.<\/i><\/p>\n<p><b>Perch\u00e9 i bambini immunodepressi (o che stanno facendo la chemioterapia) non si possono vaccinare?<\/b><\/p>\n<p>\u201cS\u00ec che possono. I vaccini nascono proprio per gli immunodepressi\u201d.<\/p>\n<p><b>Qual \u00e8 il motivo del calo delle adesioni?<\/b><\/p>\n<p>\u201cL\u2019impennata consistente di rifiuti si registr\u00f2 dopo lo <i>scandalo pandemia suina<\/i> (mai verificatasi: nel 2010 il ministero della Salute compr\u00f2 oltre 20 milioni di dosi di vaccini per 184 milioni di euro, venne usato solo 1 milione di dosi, <i>ndr<\/i>).<\/p>\n<p><b>Gli italiani hanno perso fiducia nelle vaccinazioni?<\/b><\/p>\n<p>\u201cQuell\u2019episodio fece perdere credibilit\u00e0 all\u2019Organizzazione mondiale della Sanit\u00e0. Per quanto ci riguarda, davanti al rifiuto di una mamma, cerchiamo di comprenderne le ragioni e di assecondare una richiesta abbastanza frequente, quella di posticipare l\u2019inizio delle prime vaccinazioni.<i> \u00c8 importante dire le cose come stanno, senza troppa euforia\u201d.<\/i><\/p>\n<p><b>I vaccini compromettono il sistema immunitario?<\/b><\/p>\n<p>\u201cNo. E poi, rispetto a vent\u2019anni fa contengono una quantit\u00e0 inferiore di antigeni. \u00c8 falso pensare che un sistema immunitario immaturo, nato per reagire, non debba essere stimolato\u201d.<\/p>\n<p><b>Dopo l\u2019Emilia Romagna anche la Regione Lombardia potrebbe introdurre l\u2019obbligo di vaccinazione al momento dell\u2019iscrizione al nido, la coercizione far\u00e0 salire il numero dei vaccinati?<\/b><\/p>\n<p>\u201cNon credo che questa sia la strada vincente. Due diritti fondamentali come quelli di salute e istruzione non andrebbero messi in competizione. E poi le famiglie contrarie ai vaccini troverebbero il modo di aprirsi un loro asilo nido. Un provvedimento simile &#8211; che giustificherei solo in caso di epidemia &#8211; potrebbe portare a risultati opposti: chiusura anzich\u00e9 comprensione<i>. Si dovrebbe cercare di capire perch\u00e9 sempre pi\u00f9 persone scelgono di non proteggere i propri figli<\/i>\u2026\u201d<\/p>\n<p><b>Chi non vaccina \u00e8 convinto di proteggere i propri figli dagli effetti collaterali.<\/b><\/p>\n<p>\u201cLe vaccinazioni non sono prive di effetti collaterali ma il pericolo degli eventi avversi non \u00e8 neppure paragonabile a quello delle malattie da cui ci proteggono. Non bisogna per\u00f2 nascondere la loro esistenza e metterla in relazione all\u2019importanza della malattia in questione. <i>Per questo dovremmo applicare il principio di priorit\u00e0 e vaccinare soltanto contro le malattie importanti\u201d<\/i>.<\/p>\n<p><a href=\"https:\/\/blog.ilgiornale.it\/locati\/files\/2016\/05\/vaccinobambini.jpg\"><img loading=\"lazy\" class=\"alignleft size-medium wp-image-2911\" src=\"https:\/\/blog.ilgiornale.it\/locati\/files\/2016\/05\/vaccinobambini-300x194.jpg\" alt=\"vaccinobambini\" width=\"300\" height=\"194\" srcset=\"https:\/\/blog.ilgiornale.it\/locati\/files\/2016\/05\/vaccinobambini-300x194.jpg 300w, https:\/\/blog.ilgiornale.it\/locati\/files\/2016\/05\/vaccinobambini.jpg 600w\" sizes=\"(max-width: 300px) 100vw, 300px\" \/><\/a><\/p>\n","protected":false},"excerpt":{"rendered":"<p><p>Perch\u00e9 un personaggio famoso non pu\u00f2 esprimersi pubblicamente sui vaccini? E perch\u00e8 si temono le opinioni diverse? Perch\u00e9 si vuole introdurre l&#8217;obbligo delle vaccinazioni per ammettere i bambini al nido? (Se ne discute in Emilia Romagna e in Lombardia). Quali sono le malattie da debellare, per le quali \u00e8 necessaria la copertura del 95%? I\u00a0bambini sotto i sei anni &#8220;dovrebbero&#8221; fare 48 iniezioni contro 14 malattie, ma non si trovano n\u00e8 lo spazio (hanno solo due cosce) n\u00e8 il tempo per farle tutte. Perch\u00e9, quando si parla di vaccini, si ricorda che &#8220;l&#8217;antipoliomielite ha salvato il mondo&#8221; e ci si [&hellip;]<\/p>\n&nbsp;&nbsp;<div class=\"readmore\"><a href=\"https:\/\/blog.ilgiornale.it\/locati\/2016\/05\/26\/vaccini-obbligo-e-verita\/\">Continua a leggere...<\/a><\/div><\/p>","protected":false},"author":992,"featured_media":0,"comment_status":"open","ping_status":"closed","sticky":false,"template":"","format":"standard","meta":[],"categories":[77194],"tags":[117978,117974,117973,117972,117975,69000,117977,117970,59439,117971],"_links":{"self":[{"href":"https:\/\/blog.ilgiornale.it\/locati\/wp-json\/wp\/v2\/posts\/2910"}],"collection":[{"href":"https:\/\/blog.ilgiornale.it\/locati\/wp-json\/wp\/v2\/posts"}],"about":[{"href":"https:\/\/blog.ilgiornale.it\/locati\/wp-json\/wp\/v2\/types\/post"}],"author":[{"embeddable":true,"href":"https:\/\/blog.ilgiornale.it\/locati\/wp-json\/wp\/v2\/users\/992"}],"replies":[{"embeddable":true,"href":"https:\/\/blog.ilgiornale.it\/locati\/wp-json\/wp\/v2\/comments?post=2910"}],"version-history":[{"count":8,"href":"https:\/\/blog.ilgiornale.it\/locati\/wp-json\/wp\/v2\/posts\/2910\/revisions"}],"predecessor-version":[{"id":3248,"href":"https:\/\/blog.ilgiornale.it\/locati\/wp-json\/wp\/v2\/posts\/2910\/revisions\/3248"}],"wp:attachment":[{"href":"https:\/\/blog.ilgiornale.it\/locati\/wp-json\/wp\/v2\/media?parent=2910"}],"wp:term":[{"taxonomy":"category","embeddable":true,"href":"https:\/\/blog.ilgiornale.it\/locati\/wp-json\/wp\/v2\/categories?post=2910"},{"taxonomy":"post_tag","embeddable":true,"href":"https:\/\/blog.ilgiornale.it\/locati\/wp-json\/wp\/v2\/tags?post=2910"}],"curies":[{"name":"wp","href":"https:\/\/api.w.org\/{rel}","templated":true}]}}