{"id":2981,"date":"2016-08-11T16:07:56","date_gmt":"2016-08-11T14:07:56","guid":{"rendered":"https:\/\/blog.ilgiornale.it\/locati\/?p=2981"},"modified":"2016-08-17T10:01:13","modified_gmt":"2016-08-17T08:01:13","slug":"toh-ci-sono-i-danneggiati-gravi-da-vaccino","status":"publish","type":"post","link":"https:\/\/blog.ilgiornale.it\/locati\/2016\/08\/11\/toh-ci-sono-i-danneggiati-gravi-da-vaccino\/","title":{"rendered":"Toh, ci sono i danneggiati (gravi) da vaccino"},"content":{"rendered":"<p><a href=\"https:\/\/blog.ilgiornale.it\/locati\/files\/2016\/08\/osmed-2015.png\"><img loading=\"lazy\" class=\"alignleft size-medium wp-image-2992\" src=\"https:\/\/blog.ilgiornale.it\/locati\/files\/2016\/08\/osmed-2015-300x225.png\" alt=\"osmed 2015\" width=\"300\" height=\"225\" srcset=\"https:\/\/blog.ilgiornale.it\/locati\/files\/2016\/08\/osmed-2015-300x225.png 300w, https:\/\/blog.ilgiornale.it\/locati\/files\/2016\/08\/osmed-2015-1024x768.png 1024w, https:\/\/blog.ilgiornale.it\/locati\/files\/2016\/08\/osmed-2015.png 2048w\" sizes=\"(max-width: 300px) 100vw, 300px\" \/><\/a><a href=\"https:\/\/blog.ilgiornale.it\/locati\/files\/2016\/08\/osmed.png\"><img loading=\"lazy\" class=\"alignleft size-medium wp-image-2993\" src=\"https:\/\/blog.ilgiornale.it\/locati\/files\/2016\/08\/osmed-300x225.png\" alt=\"osmed\" width=\"300\" height=\"225\" srcset=\"https:\/\/blog.ilgiornale.it\/locati\/files\/2016\/08\/osmed-300x225.png 300w, https:\/\/blog.ilgiornale.it\/locati\/files\/2016\/08\/osmed-1024x768.png 1024w, https:\/\/blog.ilgiornale.it\/locati\/files\/2016\/08\/osmed.png 2048w\" sizes=\"(max-width: 300px) 100vw, 300px\" \/><\/a>Potrebbero essere duemila i bambini italiani che l&#8217;anno scorso hanno subito un danno da vaccino importante. E sono stati ignorati. Poco clamore anche sugli altri 5.397 &#8211; non solo bimbi, anche adolescenti e anziani &#8211; che hanno avuto una conseguenza post vaccinazione non considerata seria.<\/p>\n<p>Gi\u00e0. Nel rapporto Osmed di Aifa sono calcolati 7.892 effetti collaterali. (<a href=\"http:\/\/www.agenziafarmaco.gov.it\/sites\/default\/files\/Rapporto_OsMed_2015_AIFA-acc.pdf\" target=\"_blank\">Cliccate<\/a> qui leggendo da pag 549). Si dice poi che &#8220;analogamente agli anni precedenti, circa un terzo, (il 32%), delle segnalazioni \u00e8 stato definito grave&#8221;. Ma poi si scopre che la percentuale dei casi gravi, il 32%, si riferisce a farmaci e vaccini insieme.<\/p>\n<p><i>Come mai non sono riportati i numeri esatti e c&#8217;\u00e8 &#8211; soltanto per la gravit\u00e0 &#8211; una percentuale con-fon-den-te?<\/i><\/p>\n<p><i>Mistero<\/i>.<\/p>\n<p>E perch\u00e9 ai genitori che stanno per vaccinare i loro figli non si mostrano questi numeri? Come mai i giornali non hanno mai riportato la notizia di un solo effetto collaterale da vaccino considerato grave?<\/p>\n<p>Abbiamo visto <a href=\"https:\/\/blog.ilgiornale.it\/locati\/2016\/07\/25\/i-vaccini-sono-tutti-approvati-senza-studi\/\" target=\"_blank\">qui<\/a> che la Fnomceo dichiara che i vaccini sono sicurissimi e che sono sottoposti a studi randomizzati e controllati quando non \u00e8 vero.<\/p>\n<p><b>Ora scopriamo che gli effetti collaterali gravi provocati dai vaccini superano di dieci volte i casi di meningite da meningococco <\/b>che sono &#8220;appena&#8221; 163 all&#8217;anno. Eppure l&#8217;eco di questi ultimi \u00e8 talmente amplificata che, <i>ad ogni infezione, pare di rivivere la peste bubbonica descritta dal Manzoni.<\/i><\/p>\n<p>Nel Paese che sta decidendo se imporre l&#8217;obbligo di vaccinazione per ammettere i bambini all&#8217;asilo nido, <b>duemila famiglie precipitano ogni anno nel buco nero di un effetto collaterale valutato grave.<\/b><\/p>\n<p><b>Quali sono questi effetti? <\/b>Mistero numero due. Sono indicati solo il ricovero in ospedale, non i motivi. Incredibile come si riescano a riempire pi\u00f9 di 500 pagine facendo lo slalom per evitare accuratamente &#8230;i fatti.<\/p>\n<p><i>Non si d\u00e0 voce alla tragedia che fa svoltare all&#8217;improvviso dalla salute alla malattia.<\/i><\/p>\n<p>Non \u00e8 tutto. Nella tabella di pag 549 del rapporto Osmed si nota che l&#8217;80% degli effetti collaterali avviene sotto i due anni di et\u00e0. Come mai? \u00c8 una delle spiegazioni che ci potrebbero arrivare ora che il ministero sta investendo 495.500 euro nella campagna pro-vaccini. <i>Intanto, tre ipotesi: o i bambini sono pi\u00f9 delicati o affrontano un numero pi\u00f9 alto di vaccinazioni rispetto agli adulti. O entrambe le cose.<\/i><\/p>\n<p>Andando poi a spulciare i dati degli anni passati emerge che i danni da vaccino sono in <b>crescita galoppante<\/b>. Nel 2003 vi erano in tutto 740 casi, nel 2015 si \u00e8 passati a 7.892. Se i numeri non sono un&#8217;opinione, <b>l&#8217;aumento \u00e8 del 966%!<\/b><\/p>\n<p>Nel 2014 i casi di reazioni avverse sono stati 8.182; nel 2013: 3.727; nel 2012: 2.555; nel 2011: 2.430; nel 2003: 750.<\/p>\n<p>Un trend in impennata che il presidente di Aifa, <b>Luca Pani,<\/b> commenta cos\u00ec: &#8220;Nel 2015 \u00e8 stata dedicata particolare attenzione alle attivit\u00e0 volte a garantire maggior trasparenza e vi \u00e8 pi\u00f9 tempestivit\u00e0 nel registrare le informazioni di farmacovigilanza&#8221;.<\/p>\n<p><i>Allora, \u00e8 lecito pensare che gli effetti collaterali, compresi i duemila casi gravi, si verificavano anche gli altri anni ma non venivano censiti<\/i>.<\/p>\n<p><i>A quante migliaia ammontano i bimbi danneggiati negli anni passati?<\/i><\/p>\n<p><i>Altrimenti, dobbiamo pensare che sia successo qualcosa ai vaccini. Sono diventati, negli anni, pi\u00f9 pericolosi? O, forse, a creare problemi \u00e8 il fatto di farne da tre a sei per volta?<\/i><\/p>\n<p>Ps. Oltre al genericissimo rapporto Osmed, sui vaccini esiste anche un dettagliato rapporto di sorveglianza post marketing. <a href=\"http:\/\/www.agenziafarmaco.gov.it\/sites\/default\/files\/RapportoVaccini2013_0.pdf\" target=\"_blank\">L&#8217;ultimo<\/a> risale al 2013. Cliccate a pag 28 per vedere l&#8217;andamento degli effetti collaterali negli anni. <i>Curioso che anche in queste pagine ricche di dettagli e di sigle, non si specifichino gli effetti gravi.<\/i><\/p>\n<p>A pagina 26 si illustrano i criteri di gravit\u00e0 stabiliti per legge (ricovero in ospedale, menomazione permanente, esito fatale) ma quando si entra nel merito mostrando il numero dei casi gravi vaccinazione per vaccinazione (da pagina 43 in poi), il redattore sceglie di illustrare <i>soltanto<\/i> gli effetti collaterali pi\u00f9 frequenti. La vaccinazione antimeningococcica \u00e8 presentata cos\u00ec: &#8220;Nel 2013 ci sono state 328 reazioni avverse, di cui 43 gravi&#8221;. E poi l&#8217;elenco di reazioni avverse &#8220;a carico della cute, del tessuto sottocutaneo, irritabilit\u00e0 eccetera&#8221;. Dunque stop. <i>Che \u00e8 come proiettare un film giallo senza il finale.<\/i><\/p>\n<p>Vogliamo far finta di credere che a un genitore che deve decidere se vaccinare il proprio figlio non interessino i casi gravi anche se sono &#8220;solo&#8221; 43 su 328?<\/p>\n<p><b>Se vogliamo proteggere i bimbi sani dal remoto rischio di una meningite abbiamo il diritto di sapere se l&#8217;incidenza di un effetto collaterale grave \u00e8 pi\u00f9 frequente della malattia stessa!<\/b><\/p>\n<p>Ps. <i>Ringrazio i medici che mi hanno fornito numeri e tabelle. In attesa che arrivino risposte a queste cruciali domande, auguro a tutti voi buone vacanze.<\/i><\/p>\n","protected":false},"excerpt":{"rendered":"<p><p>Potrebbero essere duemila i bambini italiani che l&#8217;anno scorso hanno subito un danno da vaccino importante. E sono stati ignorati. Poco clamore anche sugli altri 5.397 &#8211; non solo bimbi, anche adolescenti e anziani &#8211; che hanno avuto una conseguenza post vaccinazione non considerata seria. Gi\u00e0. Nel rapporto Osmed di Aifa sono calcolati 7.892 effetti collaterali. (Cliccate qui leggendo da pag 549). Si dice poi che &#8220;analogamente agli anni precedenti, circa un terzo, (il 32%), delle segnalazioni \u00e8 stato definito grave&#8221;. Ma poi si scopre che la percentuale dei casi gravi, il 32%, si riferisce a farmaci e vaccini insieme. [&hellip;]<\/p>\n&nbsp;&nbsp;<div class=\"readmore\"><a href=\"https:\/\/blog.ilgiornale.it\/locati\/2016\/08\/11\/toh-ci-sono-i-danneggiati-gravi-da-vaccino\/\">Continua a leggere...<\/a><\/div><\/p>","protected":false},"author":992,"featured_media":0,"comment_status":"open","ping_status":"closed","sticky":false,"template":"","format":"standard","meta":[],"categories":[77194],"tags":[13503,13520,184077,404933,184076],"_links":{"self":[{"href":"https:\/\/blog.ilgiornale.it\/locati\/wp-json\/wp\/v2\/posts\/2981"}],"collection":[{"href":"https:\/\/blog.ilgiornale.it\/locati\/wp-json\/wp\/v2\/posts"}],"about":[{"href":"https:\/\/blog.ilgiornale.it\/locati\/wp-json\/wp\/v2\/types\/post"}],"author":[{"embeddable":true,"href":"https:\/\/blog.ilgiornale.it\/locati\/wp-json\/wp\/v2\/users\/992"}],"replies":[{"embeddable":true,"href":"https:\/\/blog.ilgiornale.it\/locati\/wp-json\/wp\/v2\/comments?post=2981"}],"version-history":[{"count":12,"href":"https:\/\/blog.ilgiornale.it\/locati\/wp-json\/wp\/v2\/posts\/2981\/revisions"}],"predecessor-version":[{"id":2995,"href":"https:\/\/blog.ilgiornale.it\/locati\/wp-json\/wp\/v2\/posts\/2981\/revisions\/2995"}],"wp:attachment":[{"href":"https:\/\/blog.ilgiornale.it\/locati\/wp-json\/wp\/v2\/media?parent=2981"}],"wp:term":[{"taxonomy":"category","embeddable":true,"href":"https:\/\/blog.ilgiornale.it\/locati\/wp-json\/wp\/v2\/categories?post=2981"},{"taxonomy":"post_tag","embeddable":true,"href":"https:\/\/blog.ilgiornale.it\/locati\/wp-json\/wp\/v2\/tags?post=2981"}],"curies":[{"name":"wp","href":"https:\/\/api.w.org\/{rel}","templated":true}]}}