{"id":3265,"date":"2017-04-08T08:53:38","date_gmt":"2017-04-08T06:53:38","guid":{"rendered":"https:\/\/blog.ilgiornale.it\/locati\/?p=3265"},"modified":"2017-04-08T10:39:36","modified_gmt":"2017-04-08T08:39:36","slug":"anche-le-formiche-nel-loro-piccolo-si-vaccinano","status":"publish","type":"post","link":"https:\/\/blog.ilgiornale.it\/locati\/2017\/04\/08\/anche-le-formiche-nel-loro-piccolo-si-vaccinano\/","title":{"rendered":"Anche le formiche nel loro piccolo&#8230; si vaccinano"},"content":{"rendered":"<p><a href=\"https:\/\/blog.ilgiornale.it\/locati\/files\/2017\/04\/airone-due.jpg\"><img loading=\"lazy\" class=\"alignleft size-medium wp-image-3268\" src=\"https:\/\/blog.ilgiornale.it\/locati\/files\/2017\/04\/airone-due-300x186.jpg\" alt=\"airone due\" width=\"300\" height=\"186\" srcset=\"https:\/\/blog.ilgiornale.it\/locati\/files\/2017\/04\/airone-due-300x186.jpg 300w, https:\/\/blog.ilgiornale.it\/locati\/files\/2017\/04\/airone-due-1024x636.jpg 1024w, https:\/\/blog.ilgiornale.it\/locati\/files\/2017\/04\/airone-due.jpg 1280w\" sizes=\"(max-width: 300px) 100vw, 300px\" \/><\/a><br \/>\nAnche le formiche nel loro piccolo\u2026 si vaccinano.<br \/>\nL\u2019 articolo qui in foto, godibilissimo, \u00e8 stato appena pubblicato sulla rivista <strong>Airone<\/strong>. Ci d\u00e0 una conferma che l&#8217;aiuto reciproco \u00e8 spesso alla base di una comunit\u00e0 sana. Le formiche, che oltretutto comunicano tra loro telepaticamente (grazie ai ferormoni), non si adoperano per loro stesse, ma per l\u2019intera colonia. Dall\u2019ultima ricerca austriaca scopriamo che questi insetti, anche davanti alla malattia, hanno un comportamento sociale e che \u00e8 proprio questo che le immunizza. Quando una di loro contrae un&#8217;infezione fungina, le altre cercano di asportarla e, nel farlo, assumono bassissime concentrazioni di fungo acquisendo protezione nei confronti della malattia.<br \/>\n<i>Inutile precisare che non si tratta di un vaccino messo a punto in laboratorio ma di una vera e propria trasmissione di infezione da sorella a sorella.<\/i> Qui lo <a href=\"https:\/\/www.ncbi.nlm.nih.gov\/pubmed\/22509134\" target=\"_blank\">studio<\/a>.<\/p>\n<p>Per\u00f2 Airone parla di \u201cvaccinazione di massa\u201d. Di pi\u00f9: cede a un commento nel catenaccio con tanto di punto esclamativo (\u201caltro che evitare di vaccinare i bambini!\u201d).<\/p>\n<p>La colonia delle formiche ci fornisce lo spunto per ragionare sulla nostra condotta sociale proprio riguardo le vaccinazioni.<\/p>\n<p>Nei comuni di mezza Italia si rincorrono le audizioni sul tema dell&#8217;obbligatoriet\u00e0 dei vaccini. Si vuole imporre l&#8217;obbligo per ammettere i bambini all&#8217;asilo.<\/p>\n<p>In sostanza gli amministratori dicono che &#8220;la copertura pediatrica non pu\u00f2 rimanere cos\u00ec (media del 93%), perch\u00e9 si rischiano focolai&#8221; (di quali malattie? Quali allarmi ha lanciato la Asl?).<\/p>\n<p>Perch\u00e9 non si sente mai parlare di protezione della popolazione generale?<\/p>\n<p>Se ci fosse un&#8217;epidemia o il rischio che questa si presenti &#8220;per effetto delle coperture basse&#8221; (ricordiamo che la protezione dei pi\u00f9 piccoli \u00e8 al 93%) non si rischierebbe anche andando sul bus? O in discoteca? O in un qualsiasi ufficio, luogo affollato con pi\u00f9 di 27 persone, tanti sono i componenti di una classe, e dunque oratori, palestre, stadi, universit\u00e0, piscine, chiese?<\/p>\n<p>Quanti amministratori ragionano di obbligo dimenticando che i 4 vaccini obbligatori si riferiscono a due malattie praticamente scomparse (difterite e poliomielite) e a due che non si contagiano all&#8217;asilo (tetano ed epatite B)?<\/p>\n<p>Quanti amministratori spostano la proposta dell&#8217;obbligo come la lancetta dell&#8217;ora legale? Mi riferisco alla Regione Lombardia che a ottobre, in un convegno a tema, davanti ai dati presentati da <b>Maria Gramegna<\/b>, responsabilie dell&#8217;Unit\u00e0 organizzativa di prevenzione della Regione, (&#8220;non ci sono cali, abbiamo alte adesioni dappertutto&#8221;) valut\u00f2 non indispensabile la costrizione e, in aprile, su proposta di <b>Umberto Ambrosoli<\/b>, noto avvocato del Pd, senza alcuna flessione rispetto ai dati di ottobre, \u00e8 riproposto l&#8217;obbligo perch\u00e9 &#8220;la salute viene prima di tutto&#8221;.<\/p>\n<p>Nella nostra comunit\u00e0 i provvedimenti di salute sono decisi dai politici, i sanitari, con i loro dati epidemiologici, non sono tenuti in conto.\u00a0E quando ai convegni \u00e8 invitato qualche medico, come <b>Gian<\/b> <b>Vincenzo Zuccotti<\/b>, professore di pediatria al Buzzi o <b>Maurizio<\/b> <b>Bonati<\/b>, ricercatore ed esperto di prevenzione materno infantile &#8211; intervenuti entrambi in Regione e in Comune a Milano &#8211; ecco <i>che il loro parere favorevole all&#8217;informazione puntuale, al dialogo con i genitori e alla libera scelta non \u00e8 tenuto in considerazione<\/i><br \/>\nLeggete <a href=\"http:\/\/www.sanita24.ilsole24ore.com\/art\/aziende-e-regioni\/2017-04-07\/vaccini-obbligare-o-educare-100159.php?uuid=AEpG0H1\" target=\"_blank\">qui<\/a> le recenti considerazioni di Maurizio Bonati.<\/p>\n<p>Perci\u00f2, le frasi che giustificano l&#8217;obbligo hanno la vacua consistenza dei discorsi di circostanza. Esempi: &#8220;Come non si va in autostrada senza cintura di sicurezza, non si va a scuola senza vaccinazione&#8221; (dimostrando di non sapere quali infezioni si prendono all&#8217;asilo e dimenticando che le pestilenze, se tornassero, colpirebbero anche gli adulti).<\/p>\n<p>Oppure: &#8220;Dobbiamo proteggere anche chi non si pu\u00f2 vaccinare. Se un bambino leucemico si ammala di morbillo \u0117 colpa del non vaccinato&#8221; (essere non vaccinati non significa essere malati o untori, e se si allude all&#8217;immunit\u00e0 del gregge che cala perch\u00e9 non si ricorda che l&#8217;immunit\u00e0 del gregge \u00e8 assai pi\u00f9 bassa fra gli adulti?).<\/p>\n<p>O ancora: &#8220;Non neghiamo che esistano effetti collaterali post vaccino ma anche dopo un intervento chirurgico non si pu\u00f2 sapere se questo riuscir\u00e0 o meno&#8221; (dimenticando che i neonati sono sani e non in procinto di fare interventi).<\/p>\n<p><i>Che fare per somigliare sempre pi\u00f9 a una comunit\u00e0 intelligente, operosa e resa coesa dall&#8217;aiuto reciproco?<\/i><\/p>\n<p>Ascoltare la voce di chi chiede il &#8220;no obbligo&#8221;, ad esempio, per dare risposte meno vacue.<\/p>\n<p>L&#8217;altro giorno, davanti a Palazzo Marino dove era in corso un&#8217;audizione per valutare appunto l&#8217;obbligo, ho incontrato una mamma avvocato che ha vaccinato &#8220;con tutto&#8221; la prima figlia e non ha vaccinato affatto la seconda.<\/p>\n<p>&#8220;Fra la nascita della prima e della seconda figlia mi sono informata. E mi sono stupita di aver vaccinato la prima volta senza sapere quello che stavo facendo. \u00c8 assurdo ma ho ricevuto pi\u00f9 informazioni in ospedale per imparare il cambio del pannolino rispetto a quando sono andata alla Asl a fare nove vaccini. \u00c8 vero, ho firmato un foglio. Ma su quel foglio non c&#8217;era scritto niente. Se le cose stanno ancora cos\u00ec, se non si dialoga con un medico, se non si leggono i nove foglietti illustrativi, <i>se non si hanno gli strumenti per scegliere, condivido appieno la protesta di questi genitori, nel dubbio, meglio astenersi&#8221;.<\/i><\/p>\n<p>&nbsp;<\/p>\n<p><b>PS<\/b>. Domani 9 aprile alle 14.30 a Palazzo Castiglioni in corso Venezia 47 verr\u00e0 presentato il documentario &#8220;<i>Il Ragionevole Dubbio&#8221;<\/i> curato dalla regista <b>Ambra Fedrigo<\/b>. Una raccolta di interviste a medici e genitori sulle vaccinazioni e sulla prevenzione delle malattie ad ampio spettro. Si parler\u00e0 anche di microbioma e di immunit\u00e0 a-specifica.<\/p>\n<p>All&#8217;incontro, organizzato dal Anima Eventi\u00a0 e sponsorizzato da Naturalpoint\u00a0interverr\u00e0 anche <b>Dario Miedico<\/b>, epidemiologo, pediatra ed esperto di medicina legale.<\/p>\n<p>&nbsp;<\/p>\n<p>&nbsp;<\/p>\n<p><a href=\"https:\/\/blog.ilgiornale.it\/locati\/files\/2017\/04\/airone.jpg\"><img loading=\"lazy\" class=\"alignleft  wp-image-3266\" src=\"https:\/\/blog.ilgiornale.it\/locati\/files\/2017\/04\/airone-300x255.jpg\" alt=\"airone\" width=\"300\" height=\"255\" srcset=\"https:\/\/blog.ilgiornale.it\/locati\/files\/2017\/04\/airone-300x255.jpg 300w, https:\/\/blog.ilgiornale.it\/locati\/files\/2017\/04\/airone-1024x872.jpg 1024w, https:\/\/blog.ilgiornale.it\/locati\/files\/2017\/04\/airone.jpg 1280w\" sizes=\"(max-width: 300px) 100vw, 300px\" \/><\/a><\/p>\n","protected":false},"excerpt":{"rendered":"<p><p>Anche le formiche nel loro piccolo\u2026 si vaccinano. L\u2019 articolo qui in foto, godibilissimo, \u00e8 stato appena pubblicato sulla rivista Airone. Ci d\u00e0 una conferma che l&#8217;aiuto reciproco \u00e8 spesso alla base di una comunit\u00e0 sana. Le formiche, che oltretutto comunicano tra loro telepaticamente (grazie ai ferormoni), non si adoperano per loro stesse, ma per l\u2019intera colonia. Dall\u2019ultima ricerca austriaca scopriamo che questi insetti, anche davanti alla malattia, hanno un comportamento sociale e che \u00e8 proprio questo che le immunizza. Quando una di loro contrae un&#8217;infezione fungina, le altre cercano di asportarla e, nel farlo, assumono bassissime concentrazioni di fungo [&hellip;]<\/p>\n&nbsp;&nbsp;<div class=\"readmore\"><a href=\"https:\/\/blog.ilgiornale.it\/locati\/2017\/04\/08\/anche-le-formiche-nel-loro-piccolo-si-vaccinano\/\">Continua a leggere...<\/a><\/div><\/p>","protected":false},"author":992,"featured_media":0,"comment_status":"open","ping_status":"closed","sticky":false,"template":"","format":"standard","meta":[],"categories":[77194],"tags":[196024,5727,256702,23517,196025,256700,184170,184146,6374,17152],"_links":{"self":[{"href":"https:\/\/blog.ilgiornale.it\/locati\/wp-json\/wp\/v2\/posts\/3265"}],"collection":[{"href":"https:\/\/blog.ilgiornale.it\/locati\/wp-json\/wp\/v2\/posts"}],"about":[{"href":"https:\/\/blog.ilgiornale.it\/locati\/wp-json\/wp\/v2\/types\/post"}],"author":[{"embeddable":true,"href":"https:\/\/blog.ilgiornale.it\/locati\/wp-json\/wp\/v2\/users\/992"}],"replies":[{"embeddable":true,"href":"https:\/\/blog.ilgiornale.it\/locati\/wp-json\/wp\/v2\/comments?post=3265"}],"version-history":[{"count":8,"href":"https:\/\/blog.ilgiornale.it\/locati\/wp-json\/wp\/v2\/posts\/3265\/revisions"}],"predecessor-version":[{"id":3278,"href":"https:\/\/blog.ilgiornale.it\/locati\/wp-json\/wp\/v2\/posts\/3265\/revisions\/3278"}],"wp:attachment":[{"href":"https:\/\/blog.ilgiornale.it\/locati\/wp-json\/wp\/v2\/media?parent=3265"}],"wp:term":[{"taxonomy":"category","embeddable":true,"href":"https:\/\/blog.ilgiornale.it\/locati\/wp-json\/wp\/v2\/categories?post=3265"},{"taxonomy":"post_tag","embeddable":true,"href":"https:\/\/blog.ilgiornale.it\/locati\/wp-json\/wp\/v2\/tags?post=3265"}],"curies":[{"name":"wp","href":"https:\/\/api.w.org\/{rel}","templated":true}]}}