{"id":3424,"date":"2017-09-05T15:11:32","date_gmt":"2017-09-05T13:11:32","guid":{"rendered":"https:\/\/blog.ilgiornale.it\/locati\/?p=3424"},"modified":"2017-09-05T15:11:32","modified_gmt":"2017-09-05T13:11:32","slug":"nuovi-ghetti-a-scuola","status":"publish","type":"post","link":"https:\/\/blog.ilgiornale.it\/locati\/2017\/09\/05\/nuovi-ghetti-a-scuola\/","title":{"rendered":"Nuovi ghetti a scuola"},"content":{"rendered":"<p><i>Ricevo da una mamma milanese una lettera che rispecchia il caos che le scuole stanno vivendo in questi giorni in attesa di capire le nuove regole sui vaccini.<\/i><\/p>\n<p><b>L&#8217;antefatto<\/b>.<\/p>\n<p>Il tutto \u00e8 effetto di una legge approvata con estrema fretta, figlia di un decreto d&#8217;urgenza dall&#8217;urgenza non giustificata. <i>\u00c8 stato usato a pretesto il morbillo<\/i>, per\u00f2, pagando da 100 a 500 euro, chi ha pi\u00f9 di sei anni, non \u00e8 pi\u00f9 pericoloso (!) ed \u00e8 esente dal vaccino.<\/p>\n<p><i>\u00c8 stato usato a<\/i> <i>pretesto il morbillo<\/i>, cos\u00ec, solo in Italia, sono diventate obbligatorie 10 vaccinazioni (senza spiegazioni) ma si devono vaccinare unicamente i lattanti e i ragazzi fino a 16 anni, non le maestre, i bidelli, i presidi, i cuochi, gli scodellatori, i professori, i guidatori di autobus, gli infermieri, i medici, i genitori, i nonni, i sindaci, i consiglieri comunali e regionali, i parlamentari o i ministri.<br \/>\nInsomma, dai 17 anni in su, siamo tutti inspiegabilmente protetti, non corriamo alcun pericolo, n\u00e8 di infettarci col morbillo n\u00e8 con le altre 9 terribili malattie, perci\u00f2 siamo esonerati dal versare l&#8217;obolo di 100 \/ 500 euro.<\/p>\n<p>La legge capestro non precisa quando gli studenti iscritti a scuola devono essere a norma con le vaccinazioni. Il buon senso farebbe credere che vi sia un tempo utile a mettersi in regola, invece no.<\/p>\n<p>Per non lasciar credere che si possa frequentare un asilo anche solo &#8220;per 40 giorni&#8221; senza aver fatto tutti i vaccini e i richiami, ecco le circolari &#8220;<i>cogenti<\/i>&#8221; da parte del ministero della Salute e da quello dell&#8217;Istruzione. Ognuna di queste aggiunge un particolare inedito, si ribadiscono obblighi, sanzioni ed esclusioni in barba alle violazioni della privacy tanto da costringere il Garante a intervenire. Se gli studenti sieropositivi da HIV e i malati di epatite sono tutelati e siedono in classe senza che nessuno li metta all&#8217;indice, allo stesso modo, le Asl non possono comunicare alle scuole i dati sensibili che riguardano allievi sani ma non vaccinati contro il\u00a0morbillo o la rosolia.<\/p>\n<p><i>Pu\u00f2 una circolare dettar legge sopra la legge?<\/i><\/p>\n<p><i>E una legge pu\u00f2<\/i> <i>fare a pugni con la Costituzione?<\/i><\/p>\n<p>La Costituzione ha stabilito che siano le Regioni a legiferare in materia sanitaria. Tralascio che la nostra Lombardia \u00e8 stata costretta a ribaltare pi\u00f9 volte le proprie scelte di libert\u00e0 e autonomia a riguardo. La prima dopo che in Conferenza Stato Regioni obbiett\u00f2 contro l&#8217;obbligo vaccinale; la seconda l&#8217;altro giorno, quando valut\u00f2 di lasciare 40 giorni alle famiglie per mettersi in regola ma fu poi richiamata all&#8217;ordine. Il magistrato <b>Ferdinando Imposimato,<\/b> presidente onorario della Suprema Corte di Cassazione, ha definito la situazione &#8220;un guazzabuglio dovuto all&#8217;analfabetismo dei governanti che ignorano la Costituzione&#8221;.<\/p>\n<p>Il presidente del Veneto <b>Luca<\/b> <b>Zaia<\/b>, al contrario, dimostra di conoscere bene la Costituzione: ha fatto ricorso alla Corte Costituzionale contro la legge Lorenzin e chiesto una sospensiva al Tar in vista dell&#8217;apertura delle scuole.<br \/>\nLa scelta del non obbligo vaccinale intrapresa dal Veneto nel 2008, accompagnata dai colloqui con le famiglie e dalle segnalazioni di eventi avversi, ha prodotti risultati unici. Che sarebbero da emulare e non da affossare. <a href=\"http:\/\/repository.regione.veneto.it\/public\/7171b4dfe98693a19f7396bef676ed45.php?lang=it&amp;dl=true\" target=\"_blank\">Qui<\/a> il ricorso.<\/p>\n<p><b>La lettera di una mamma.<\/b><\/p>\n<p><i>La Preside della media di mia figlia mi ha convocata per la &#8220;questione vaccini&#8221;. Le ho risposto che recuperer\u00f2 i documenti originali che si sono persi (che testimoniano quelli fatti quando ero totalmente ignorante in materia) e che la sottoporr\u00f2 subito a esami del sangue, per dimostrare le malattie che ha gi\u00e0 fatto e che &#8211; dunque &#8211; non richiedono ulteriore inoculazione di antigeni e adiuvanti tossici (l&#8217; alluminio che pu\u00f2 creare sofferenza cerebrale, il polisorbato 80 che pu\u00f2 rendere sterili, eccetera eccetera).\u2028 Le ho inoltre fatto presente che, nel corso dell&#8217;anno scorso, nonostante le svariate epidemie, Sofia non si \u00e8 ammalata una sola volta e che, essendo figlia di una malata di cancro, per lei risulta rischiosissimo sottoporsi a vaccini che si sono dimostrati pieni di metalli pesanti e parti di Dna non umano\u00a0(vedi colture di crescita cellulari, cellule fetali, di porco, di rene di scimmia).\u2028 Mi \u00e8 stato risposto che sar\u00e0 spostata di Sezione, per evitare che entri in contatto con una sua compagna immunodepressa. Compagna che, per\u00f2, lei l&#8217;anno scorso ha ovviamente frequentato quotidianamente, dato che ancora non esisteva questa legge &#8211; approvata tramite un decreto di urgenza pur in assenza di epidemie &#8211; che danneggia tutti tranne le tasche delle case farmaceutiche e del nostro Governo non legittimato a governare.<br \/>\nNella mia email di risposta, ho chiuso cos\u00ec: \u2028Mi chiedo &#8211; dato che Sofia ha frequentato la prima Classe con i suoi Compagni senza mai ammalarsi &#8211; come possa essere diventata pericolosa adesso, agli occhi di una Legge che \u00e8 tutto fuorch\u00e9 finalizzata a salvaguardare la nostra salute. E, sinceramente, il fatto che venga trattata da &#8220;lebbrosa&#8221; e spostata in altra Sezione, mi sembra un atteggiamento non conforme a quanto la vostra scuola proclama di essere. \u2028Ditemi&#8230; potr\u00e0 partecipare alla gita iniziale? Potr\u00e0 frequentare la mensa? E i laboratori pomeridiani? Dovremo per caso vestirla con una tuta al titanio? \u2028Cos\u00ec verr\u00e0 messa all&#8217;indice?<\/i><\/p>\n","protected":false},"excerpt":{"rendered":"<p><p>Ricevo da una mamma milanese una lettera che rispecchia il caos che le scuole stanno vivendo in questi giorni in attesa di capire le nuove regole sui vaccini. L&#8217;antefatto. Il tutto \u00e8 effetto di una legge approvata con estrema fretta, figlia di un decreto d&#8217;urgenza dall&#8217;urgenza non giustificata. \u00c8 stato usato a pretesto il morbillo, per\u00f2, pagando da 100 a 500 euro, chi ha pi\u00f9 di sei anni, non \u00e8 pi\u00f9 pericoloso (!) ed \u00e8 esente dal vaccino. \u00c8 stato usato a pretesto il morbillo, cos\u00ec, solo in Italia, sono diventate obbligatorie 10 vaccinazioni (senza spiegazioni) ma si devono vaccinare [&hellip;]<\/p>\n&nbsp;&nbsp;<div class=\"readmore\"><a href=\"https:\/\/blog.ilgiornale.it\/locati\/2017\/09\/05\/nuovi-ghetti-a-scuola\/\">Continua a leggere...<\/a><\/div><\/p>","protected":false},"author":992,"featured_media":0,"comment_status":"open","ping_status":"closed","sticky":false,"template":"","format":"standard","meta":[],"categories":[77194],"tags":[256733,256732,256731,17141,184146],"_links":{"self":[{"href":"https:\/\/blog.ilgiornale.it\/locati\/wp-json\/wp\/v2\/posts\/3424"}],"collection":[{"href":"https:\/\/blog.ilgiornale.it\/locati\/wp-json\/wp\/v2\/posts"}],"about":[{"href":"https:\/\/blog.ilgiornale.it\/locati\/wp-json\/wp\/v2\/types\/post"}],"author":[{"embeddable":true,"href":"https:\/\/blog.ilgiornale.it\/locati\/wp-json\/wp\/v2\/users\/992"}],"replies":[{"embeddable":true,"href":"https:\/\/blog.ilgiornale.it\/locati\/wp-json\/wp\/v2\/comments?post=3424"}],"version-history":[{"count":8,"href":"https:\/\/blog.ilgiornale.it\/locati\/wp-json\/wp\/v2\/posts\/3424\/revisions"}],"predecessor-version":[{"id":3432,"href":"https:\/\/blog.ilgiornale.it\/locati\/wp-json\/wp\/v2\/posts\/3424\/revisions\/3432"}],"wp:attachment":[{"href":"https:\/\/blog.ilgiornale.it\/locati\/wp-json\/wp\/v2\/media?parent=3424"}],"wp:term":[{"taxonomy":"category","embeddable":true,"href":"https:\/\/blog.ilgiornale.it\/locati\/wp-json\/wp\/v2\/categories?post=3424"},{"taxonomy":"post_tag","embeddable":true,"href":"https:\/\/blog.ilgiornale.it\/locati\/wp-json\/wp\/v2\/tags?post=3424"}],"curies":[{"name":"wp","href":"https:\/\/api.w.org\/{rel}","templated":true}]}}