{"id":3531,"date":"2017-12-09T20:09:03","date_gmt":"2017-12-09T19:09:03","guid":{"rendered":"https:\/\/blog.ilgiornale.it\/locati\/?p=3531"},"modified":"2017-12-09T20:50:26","modified_gmt":"2017-12-09T19:50:26","slug":"vacci-nazione","status":"publish","type":"post","link":"https:\/\/blog.ilgiornale.it\/locati\/2017\/12\/09\/vacci-nazione\/","title":{"rendered":"Vacci-Nazione"},"content":{"rendered":"<p>\u00c8 uscito ieri l\u2019ultimo libro della giornalista <b>Giulia Innocenzi,<\/b> <i>Vacci-Nazione<\/i> (Baldini &amp; Castoldi). Va detto che non si tratta di un\u2019inchiesta contro i vaccini. <i>\u201cMa di una critica a questa politica sanitaria che impone 10 vaccinazioni obbligatori e ne raccomanda altri 4<\/i>\u201d precisa l\u2019autrice.<\/p>\n<p>Il volume affronta i temi pi\u00f9 dibattuti degli ultimi mesi: se l\u2019obbligatoriet\u00e0 potr\u00e0 convincere gli scettici e contribuire ad alzare le coperture vaccinali (a proposito l\u2019 Oms \u00e8 contraria all\u2019obbligo); quali fake news hanno confuso l\u2019opinione pubblica, da quelle divulgate, ingenuamente o intenzionalmente, dal ministro Lorenzin &#8211; come i 220 morti di morbillo in Inghilterra che non ci sono stati o il fatto che molti stranieri abbiamo rinunciato alla gita a Gardaland perch\u00e9 impestata dal morbillo (circostanze smentite dalla direzione del Parco e dall\u2019affluenza) &#8211; a quelle che circolano sul web; dalle case farmaceutiche ai conflitti di interesse, dalla farmacovigilanza ai danneggiati da vaccino. Fra questi ultimi si distingue il dramma di <b>Giada Varani<\/b>, la dodicenne di Ravenna morta tre anni fa in seguito a una crisi epilettica provocata da un\u2019encefalite post-vaccinica.<\/p>\n<p>\u201cGiada \u00e8 uno dei 630 casi riconosciuti dal Ministero e risarciti grazie alla legge 210 del 1992. Ci si chiede se questa tragedia si sarebbe potuta evitare con una farmacovigilanza adeguata &#8211; osserva Giulia Innocenzi &#8211; Giada aveva sempre avuto reazioni anomale alle vaccinazioni e la febbre molto alta. Il trivalente morbillo, parotite, rosolia le provoc\u00f2 l\u2019encefalite\u201d.<\/p>\n<p>&nbsp;<\/p>\n<p><b>Come distogliere l\u2019attenzione dai conflitti di interesse guardando al dito e non alla luna.<\/b><\/p>\n<p><i>Il Fatto Quotidiano<\/i> ha riportato un ampio stralcio del libro della Innocenzi, quello riferito ai presunti conflitti di interesse del presidente dell\u2019Istituto Superiore di Sanit\u00e0, <b>Walter Ricciardi.<\/b> Ricciardi ha partecipato alla stesura del piano nazionale vaccini, ha contribuito a realizzare il decreto legge sull\u2019obbligo vaccinale pur avendo prestato consulenze per aziende che producono vaccini &#8211; da lui stesso dichiarate &#8211; fra le quali spiccano quelle per i <b>vaccini anti meningococco B, anti pneumococco e anti papilloma.<\/b><\/p>\n<p><i><b>Ma chi presiede l\u2019Istituto superiore di Sanit\u00e0 e raccomanda la bont\u00e0 delle vaccinazioni pu\u00f2 ricevere denaro dalle aziende che producono vaccini?<\/b><\/i><\/p>\n<p><b><i>Chi svolge un ruolo nella Sanit\u00e0 pubblica, a tutela dei malati, pu\u00f2 lavorare fianco a fianco con quei privati che stringono affari col pubblico?<\/i><\/b><\/p>\n<p>No, certo che no. Ma anche se esistesse un cavillo tale da rendere possibile un presunto conflitto di interessi, sarebbe buona cosa dichiararlo alle decine di migliaia di famiglie che si apprestano a vaccinare i figli, chi in buona fede, chi sotto ricatto.<\/p>\n<p>Ricordiamo che l\u2019antimeningococco B \u00e8 stato valutato dai ricercatori dell\u2019Istituto superiore di Sanit\u00e0 \u201ccarente di studi\u201d, cliccate <a href=\"http:\/\/www.iss.it\/binary\/publ\/cont\/15_12_web.pdf\" target=\"_blank\">qui<\/a> da pag 26 a 29. Nonostante ci\u00f2, Ricciardi lo ha sempre raccomandato.<\/p>\n<p>Giulia Innocenzi ha documentato i presunti conflitti di interesse di Ricciardi. Leggiamo:<\/p>\n<p>\u201cNel luglio 2014 Ricciardi \u00e8 stato nominato commissario straordinario del principale ente di ricerca sulla sanit\u00e0 in Italia e, un anno dopo, riceve la nomina, sempre dal ministro Lorenzin, di presidente\u201d. In occasione di questo incarico -scrive ancora la Innocenzi &#8211; il deputato Massimo Enrico Baroni alla Commissione Affari sociali della Camera osserv\u00f2 che \u201cgeneralmente per tutte le nomine di commissario straordinario vige un\u2019inconferibilit\u00e0 successiva a ricoprire il ruolo di presidente. Si richiama un recente orientamento dell\u2019Autorit\u00e0 nazionale anti corruzione del 6 maggio 2015\u201d.<\/p>\n<p>L\u2019autrice ripercorre il poderoso curriculum di Ricciardi, ne elenca i numerosi incarichi passati e presenti, molti dei quali finanziati dalle industrie.<\/p>\n<p>Ci\u00f2 che a noi interessa \u00e8 il documento citato da Giulia Innocenzi che Ricciardi present\u00f2 per due volte alla Commissione europea, nel 2013 e nel 2014. Cliccate <a href=\"https:\/\/ec.europa.eu\/health\/expert_panel\/sites\/expertpanel\/files\/docs\/body\/wg_ps_decl_ricciardi_en.pdf\" target=\"_blank\">qui<\/a>. Il nostro presidente dell\u2019Istituto superiore di Sanit\u00e0 dichiara di aver curato la valutazione dell\u2019impatto sulla salute di una quindicina di farmaci, tra i quali i vaccini anti meningococco B, anti papilloma e anti pneumococco. Come potete osservare, i prodotti sono stati chiamati tutti \u201cvaccini\u201d anche se, di fatto, comprendono farmaci diversi, ad esempio anticorpi monoclonali, un antifungino e un antipertensivo.<\/p>\n<p>Chi ha commesso la leggerezza di nominarli tutti \u201cvaccini\u201d? Si presume il segretario di Ricciardi o Ricciardi stesso, visto che c\u2019\u00e8 la sua firma su quel documento (ma chiunque l\u2019abbia fatto, la responsabilit\u00e0 \u00e8 di Ricciardi che avrebbe dovuto controllare).<\/p>\n<p>E, invece\u2026udite, udite\u2026<\/p>\n<p><b>Si incolpa l\u2019autrice del libro (sic!)<\/b>.<b> Si attribuisce a lei l\u2019aver confuso i farmaci con i vaccini <\/b>&#8211; errore importante per carit\u00e0, proprio perch\u00e9 sottoscritto da Ricciardi &#8211; ma robetta a confronto della denuncia di conflitto di interessi che la Innocenzi ha il merito di aver posto sotto gli occhi di tutti.<\/p>\n<p>E niente. <i>Il torrente del monopensiero avanza rapido e fracassone, con la pretesa di sommergere la trave e tenere a galla la pagliuzza.<\/i><\/p>\n<p>Il professore <b>Roberto Burioni <\/b>\u00e8 intervenuto garbatamente dicendo che \u201cgli sfondoni sono sfondoni, sono scritti nero su bianco e sono proprio tanti\u201d. Siccome nessuno pu\u00f2 fare domande a Burioni, nessuno ha potuto capire quali fossero \u201ci tanti sfondoni\u201d (oltre a quelli controfirmati da Ricciardi). Il professore spende diverse parole, \u201cse un libro di cucina scambia i mattoni con le torte diventa difficile da giudicare\u201d e bla bla facendo capire che i libri sui vaccini \u00e8 meglio che li scriva solo lui, che i giovani devono pensare a studiare.<\/p>\n<p><b>Non una parola sul conflitto di interessi! La trave, o peggio, il male di questa politica sanitaria.<\/b><\/p>\n<p>Morale: Ricciardi non risponde ma minaccia querele. Burioni non accetta le domande. E Giulia Innocenzi ha scritto un bel libro. Che speriamo faccia cambiare verso a questa politica sanitaria intrisa di obblighi, di ricatti e di conflitti di interesse.<\/p>\n<p><a href=\"https:\/\/blog.ilgiornale.it\/locati\/files\/2017\/12\/Libro-Giulia.jpeg\"><img loading=\"lazy\" class=\"alignleft size-medium wp-image-3532\" src=\"https:\/\/blog.ilgiornale.it\/locati\/files\/2017\/12\/Libro-Giulia-300x218.jpeg\" alt=\"Libro Giulia\" width=\"300\" height=\"218\" srcset=\"https:\/\/blog.ilgiornale.it\/locati\/files\/2017\/12\/Libro-Giulia-300x218.jpeg 300w, https:\/\/blog.ilgiornale.it\/locati\/files\/2017\/12\/Libro-Giulia-1024x745.jpeg 1024w\" sizes=\"(max-width: 300px) 100vw, 300px\" \/><\/a><\/p>\n","protected":false},"excerpt":{"rendered":"<p><p>\u00c8 uscito ieri l\u2019ultimo libro della giornalista Giulia Innocenzi, Vacci-Nazione (Baldini &amp; Castoldi). Va detto che non si tratta di un\u2019inchiesta contro i vaccini. \u201cMa di una critica a questa politica sanitaria che impone 10 vaccinazioni obbligatori e ne raccomanda altri 4\u201d precisa l\u2019autrice. Il volume affronta i temi pi\u00f9 dibattuti degli ultimi mesi: se l\u2019obbligatoriet\u00e0 potr\u00e0 convincere gli scettici e contribuire ad alzare le coperture vaccinali (a proposito l\u2019 Oms \u00e8 contraria all\u2019obbligo); quali fake news hanno confuso l\u2019opinione pubblica, da quelle divulgate, ingenuamente o intenzionalmente, dal ministro Lorenzin &#8211; come i 220 morti di morbillo in Inghilterra che [&hellip;]<\/p>\n&nbsp;&nbsp;<div class=\"readmore\"><a href=\"https:\/\/blog.ilgiornale.it\/locati\/2017\/12\/09\/vacci-nazione\/\">Continua a leggere...<\/a><\/div><\/p>","protected":false},"author":992,"featured_media":0,"comment_status":"open","ping_status":"closed","sticky":false,"template":"","format":"standard","meta":[],"categories":[77194],"tags":[60190,78099,4747,256774,60814],"_links":{"self":[{"href":"https:\/\/blog.ilgiornale.it\/locati\/wp-json\/wp\/v2\/posts\/3531"}],"collection":[{"href":"https:\/\/blog.ilgiornale.it\/locati\/wp-json\/wp\/v2\/posts"}],"about":[{"href":"https:\/\/blog.ilgiornale.it\/locati\/wp-json\/wp\/v2\/types\/post"}],"author":[{"embeddable":true,"href":"https:\/\/blog.ilgiornale.it\/locati\/wp-json\/wp\/v2\/users\/992"}],"replies":[{"embeddable":true,"href":"https:\/\/blog.ilgiornale.it\/locati\/wp-json\/wp\/v2\/comments?post=3531"}],"version-history":[{"count":8,"href":"https:\/\/blog.ilgiornale.it\/locati\/wp-json\/wp\/v2\/posts\/3531\/revisions"}],"predecessor-version":[{"id":3540,"href":"https:\/\/blog.ilgiornale.it\/locati\/wp-json\/wp\/v2\/posts\/3531\/revisions\/3540"}],"wp:attachment":[{"href":"https:\/\/blog.ilgiornale.it\/locati\/wp-json\/wp\/v2\/media?parent=3531"}],"wp:term":[{"taxonomy":"category","embeddable":true,"href":"https:\/\/blog.ilgiornale.it\/locati\/wp-json\/wp\/v2\/categories?post=3531"},{"taxonomy":"post_tag","embeddable":true,"href":"https:\/\/blog.ilgiornale.it\/locati\/wp-json\/wp\/v2\/tags?post=3531"}],"curies":[{"name":"wp","href":"https:\/\/api.w.org\/{rel}","templated":true}]}}