{"id":3550,"date":"2018-01-03T17:40:34","date_gmt":"2018-01-03T16:40:34","guid":{"rendered":"https:\/\/blog.ilgiornale.it\/locati\/?p=3550"},"modified":"2018-01-03T17:40:34","modified_gmt":"2018-01-03T16:40:34","slug":"vola-vola-sofia","status":"publish","type":"post","link":"https:\/\/blog.ilgiornale.it\/locati\/2018\/01\/03\/vola-vola-sofia\/","title":{"rendered":"Vola vola, Sofia"},"content":{"rendered":"<p>\u00c8 morta, a otto anni, la piccola <b>Sofia De Barros<\/b>, la bimba di Firenze affetta da <i>Leucodistrofia metacromatica<\/i>, rara malattia genetica e degenerativa. Ci siamo occupati di lei quando l\u2019argomento Stamina era \u201cil fatto del giorno\u201d e telegiornali e quotidiani dedicavano ampi servizi al metodo Vannoni.<\/p>\n<p>Abbiamo rilanciato sul blog le richieste addolorate dei genitori, <b>Caterina<\/b> e <b>Guido<\/b>. Appelli rimasti inascoltati, purtroppo. I genitori di Sofia chiedevano che la loro bimba potesse proseguire la terapia di cellule staminali mesenchimali da loro donate. Si appur\u00f2, in seguito, che la terapia entr\u00f2 per errore in un ospedale pubblico (per errore Aifa concesse un\u2019autorizzazione) e chi la import\u00f2 dall\u2019Ucraina, <b>Davide Vannoni,<\/b> venne poi condannato per truffa.<\/p>\n<p>La terapia non venne mai testata, nonostante la legge <b>Balduzzi<\/b> &#8211; votata dall\u2019intero parlamento &#8211; prevedesse la formazione di un comitato di esperti per valutarla. La stessa legge stabil\u00ec anche la \u201ccontinuit\u00e0 terapeutica\u201d per i pazienti che avevano gi\u00e0 iniziato le cure. Ma quando divenne ministro Beatrice Lorenzin la legge non fu mai rispettata e i pazienti che avevano iniziato la terapia furono costretti a interromperla. Fra loro c\u2019era chi aveva dichiarato benefici e chi sperava di poterli avere. Erano tutti malati gravi orfani di terapia, per loro non vi era alcuna cura, nessun farmaco.<\/p>\n<p><i>Paradossalmente l\u2019Italia che ha appena votato il testamento biologico si mostra pi\u00f9 attenta al momento della morte che alla dignit\u00e0 della vita.<\/i><\/p>\n<p>Ad alcuni genitori di bambini colpiti da malattie incurabili \u00e8 stata addirittura offerta l\u2019eutanasia. \u201c<i>Quando capite di non riuscire pi\u00f9 a gestire il bambino, potete richiedere \u2018l\u2019accompagnamento\u2019 (che \u00e8 proprio la dolce morte)<\/i>\u201d con queste parole un pap\u00e0 ha riferito quello che si \u00e8 sentito dire in un centro di cura.<\/p>\n<p>Sul blog abbiamo raccontato che quando Sofia aveva un anno e mezzo, <b>Telethon<\/b> stava avviando una terapia genica per la Leucodistrofia ma non avrebbe accolto Sofia fra i pazienti perch\u00e9 lei manifestava gi\u00e0 i primi sintomi.<\/p>\n<p>Leggete <a href=\"https:\/\/blog.ilgiornale.it\/locati\/2015\/03\/06\/malattie-rare-ecco-la-terapia-genica-nascosta-da-18-anni-e-tuttora-blindata-2\/\" target=\"_blank\">qui<\/a>.<\/p>\n<p>Cos\u00ec non ci fu nemmeno una terapia concessa in via compassionevole per la piccola Sofia. N\u00e8 per lei, n\u00e8 per gli altri bambini, molti dei quali morti da diversi anni. Eppure le terapie compassionevoli sono previste (per legge) per i malati senza cura, gli orfani di terapia. Caterina e Guido non hanno mai sperato nella guarigione della loro piccina ma in una attenuazione dei disturbi s\u00ec, perch\u00e9 li avevano toccati con mano.<\/p>\n<p><b>Cosa ci ha insegnato questa storia?<\/b><\/p>\n<p>Alla medicina ha lasciato uno studio condotto da <b>Marcello Villanova<\/b> e <b>John Bach<\/b>, entrambi esperti di Sma 1, malattia degenerativa senza cura. Tre case report densi di documenti e video per mettere in evidenza gli effetti delle staminali mesenchimali su questa malattia. Sono riportati i casi clinici di tre bambini che avevano fatto le infusioni Stamina: tra il prima e il dopo si osservano miglioramenti, del tono muscolare, della respirazione e della scialorrea.<\/p>\n<p><i>Migliorata la qualit\u00e0 della vita, gi\u00e0. E non facilitato il fine vita.<\/i><\/p>\n<p>Leggete <a href=\"https:\/\/blog.ilgiornale.it\/locati\/2015\/04\/01\/la-sma-migliora-con-le-staminali-mesenchimali\/\" target=\"_blank\">qui<\/a>.<\/p>\n<p>Nonostante ci\u00f2, i bambini malati, e non solo Sofia, non hanno pi\u00f9 potuto continuare le infusioni di cellule.<\/p>\n<p><i>Ai genitori di Sofia, Caterina e Guido, che ho avuto il piacere di apprezzare, mando il mio abbraccio affettuoso. Insieme con gli amici del blog li ricorderemo nella preghiera.<\/i><\/p>\n<p><i>Vola vola, Sofia<\/i>. Anzi: <b>Voa Voa&#8230;<\/b><\/p>\n<p>&nbsp;<\/p>\n<p><a href=\"https:\/\/blog.ilgiornale.it\/locati\/files\/2018\/01\/Sofia.jpeg\"><img loading=\"lazy\" class=\"alignleft size-medium wp-image-3551\" src=\"https:\/\/blog.ilgiornale.it\/locati\/files\/2018\/01\/Sofia-300x298.jpeg\" alt=\"Sofia\" width=\"300\" height=\"298\" srcset=\"https:\/\/blog.ilgiornale.it\/locati\/files\/2018\/01\/Sofia-300x298.jpeg 300w, https:\/\/blog.ilgiornale.it\/locati\/files\/2018\/01\/Sofia-150x150.jpeg 150w, https:\/\/blog.ilgiornale.it\/locati\/files\/2018\/01\/Sofia.jpeg 653w\" sizes=\"(max-width: 300px) 100vw, 300px\" \/><\/a><\/p>\n","protected":false},"excerpt":{"rendered":"<p><p>\u00c8 morta, a otto anni, la piccola Sofia De Barros, la bimba di Firenze affetta da Leucodistrofia metacromatica, rara malattia genetica e degenerativa. Ci siamo occupati di lei quando l\u2019argomento Stamina era \u201cil fatto del giorno\u201d e telegiornali e quotidiani dedicavano ampi servizi al metodo Vannoni. Abbiamo rilanciato sul blog le richieste addolorate dei genitori, Caterina e Guido. Appelli rimasti inascoltati, purtroppo. I genitori di Sofia chiedevano che la loro bimba potesse proseguire la terapia di cellule staminali mesenchimali da loro donate. Si appur\u00f2, in seguito, che la terapia entr\u00f2 per errore in un ospedale pubblico (per errore Aifa concesse [&hellip;]<\/p>\n&nbsp;&nbsp;<div class=\"readmore\"><a href=\"https:\/\/blog.ilgiornale.it\/locati\/2018\/01\/03\/vola-vola-sofia\/\">Continua a leggere...<\/a><\/div><\/p>","protected":false},"author":992,"featured_media":0,"comment_status":"open","ping_status":"closed","sticky":false,"template":"","format":"standard","meta":[],"categories":[8877],"tags":[7779,60825,23044,256776,11184,60865],"_links":{"self":[{"href":"https:\/\/blog.ilgiornale.it\/locati\/wp-json\/wp\/v2\/posts\/3550"}],"collection":[{"href":"https:\/\/blog.ilgiornale.it\/locati\/wp-json\/wp\/v2\/posts"}],"about":[{"href":"https:\/\/blog.ilgiornale.it\/locati\/wp-json\/wp\/v2\/types\/post"}],"author":[{"embeddable":true,"href":"https:\/\/blog.ilgiornale.it\/locati\/wp-json\/wp\/v2\/users\/992"}],"replies":[{"embeddable":true,"href":"https:\/\/blog.ilgiornale.it\/locati\/wp-json\/wp\/v2\/comments?post=3550"}],"version-history":[{"count":5,"href":"https:\/\/blog.ilgiornale.it\/locati\/wp-json\/wp\/v2\/posts\/3550\/revisions"}],"predecessor-version":[{"id":3556,"href":"https:\/\/blog.ilgiornale.it\/locati\/wp-json\/wp\/v2\/posts\/3550\/revisions\/3556"}],"wp:attachment":[{"href":"https:\/\/blog.ilgiornale.it\/locati\/wp-json\/wp\/v2\/media?parent=3550"}],"wp:term":[{"taxonomy":"category","embeddable":true,"href":"https:\/\/blog.ilgiornale.it\/locati\/wp-json\/wp\/v2\/categories?post=3550"},{"taxonomy":"post_tag","embeddable":true,"href":"https:\/\/blog.ilgiornale.it\/locati\/wp-json\/wp\/v2\/tags?post=3550"}],"curies":[{"name":"wp","href":"https:\/\/api.w.org\/{rel}","templated":true}]}}