{"id":357,"date":"2011-05-27T17:00:28","date_gmt":"2011-05-27T17:00:28","guid":{"rendered":"https:\/\/blog.ilgiornale.it\/locati\/?p=357"},"modified":"2011-05-27T17:00:28","modified_gmt":"2011-05-27T17:00:28","slug":"guardate-come-il-fumo-ci-avvelena","status":"publish","type":"post","link":"https:\/\/blog.ilgiornale.it\/locati\/2011\/05\/27\/guardate-come-il-fumo-ci-avvelena\/","title":{"rendered":"Guardate come il fumo ci avvelena"},"content":{"rendered":"<p>Vi segnalo qualche iniziativa riferita alla <em>prevenzione<\/em><\/p>\n<p>\u00a0Il primo messaggio arriva dall\u2019Unione Europea: ospedali, scuole e biblioteche si adoperano per promuovere stili di vita sani e richiamare l\u2019attenzione sui fattori di rischio\u00a0 principali (alcool, fumo,\u00a0 sedentariet\u00e0 e errori alimentari). \u201cPresto verr\u00e0 diffuso un codice Ue contro il cancro, con 11 linee guida scientificamente fondate per evitare alcuni tipi di tumore\u201d ha detto Michael Coen, portavoce del comitato delle regioni europee. L\u2019obbiettivo \u00e8 ridurre l\u2019incidenza dei tumori in tutta l\u2019Unione europea del 15% entro il 2020<\/p>\n<p>\u00a0Il secondo messaggio \u00e8 per tutti i fumatori incalliti: la Lilt (lega italiana per la lotta contro i tumori) \u00e8 disposta ad aiutarvi come ha gi\u00e0 fatto con 60mila ex fumatori, grazie ai \u201cgruppi per la disassuefazione dal fumo\u201d e ai programmi di sostegno telefonico. Fino a marted\u00ec 31 maggio, in alcune piazze italiane ci saranno i banchetti Lilt (lega italiana per la lotta contro i tumori) che vi invitano a spegnere le sigarette.<\/p>\n<p>\u00a0Il 31 maggio \u00e8 la Giornata mondiale senza tabacco indetta dall\u2019Oms.\u00a0 In pi\u00f9 con un\u2019offerta potrete acquistare le shopping bag disegnate da 7 case di moda (Blumarine, Roccobarocco, Pignatelli e altri) Per informazioni sui 395 punti dove si insegna a smettere di fumare\u00a0 800-99.88.77 (dalle 9 alle 17) o <a href=\"http:\/\/www.lilt.it\/\">www.lilt.it<\/a><\/p>\n<p>\u00a0Silvio Garattini, direttore dell\u2019istituto Mario Negri ha detto che le morti attribuibili ai danni del fumo sono 80mila all\u2019anno, pari al 14,2% di tutti i decessi, i fumatori pi\u00f9 numerosi hanno fra i 25 e i 44 anni (28,3%), quelli che rischiano di pi\u00f9 hanno dai 40 ai 60 anni. E il 15,7% dei giovani inizia a fumare prima dei 15 anni.<\/p>\n<p>\u00a0Il terzo messaggio \u00e8 <em>No smoking be happy<\/em>. Ovvero l\u2019installazione realizzata dalla Fondazione Veronesi in piazza del Cannone\u00a0 a Milano, fino a domenica 29 maggio, dalle 9.30 alle 18.\u00a0 Ci si infila in un grosso tunnel a forma di sigaretta che sbuffa fumo come una vecchia ciminiera e, dall\u2019interno, si vedono <em>chiarissimi i danni che il fumo provoca nel nostro corpo<\/em>, i denti ingialliscono, le mucose della bocca si infiammano e quando le cellule, bersagliate da agenti cancerogeni, allentano le difese, il nemico guadagna terreno e a poco a poco espugna la nostra fortezza (il nostro corpo): \u00e8\u00a0 il cancro.<\/p>\n<p>[youtube B3R2PP7AooU]<\/p>\n","protected":false},"excerpt":{"rendered":"<p><p>Vi segnalo qualche iniziativa riferita alla prevenzione \u00a0Il primo messaggio arriva dall\u2019Unione Europea: ospedali, scuole e biblioteche si adoperano per promuovere stili di vita sani e richiamare l\u2019attenzione sui fattori di rischio\u00a0 principali (alcool, fumo,\u00a0 sedentariet\u00e0 e errori alimentari). \u201cPresto verr\u00e0 diffuso un codice Ue contro il cancro, con 11 linee guida scientificamente fondate per evitare alcuni tipi di tumore\u201d ha detto Michael Coen, portavoce del comitato delle regioni europee. L\u2019obbiettivo \u00e8 ridurre l\u2019incidenza dei tumori in tutta l\u2019Unione europea del 15% entro il 2020 \u00a0Il secondo messaggio \u00e8 per tutti i fumatori incalliti: la Lilt (lega italiana per la [&hellip;]<\/p>\n&nbsp;&nbsp;<div class=\"readmore\"><a href=\"https:\/\/blog.ilgiornale.it\/locati\/2011\/05\/27\/guardate-come-il-fumo-ci-avvelena\/\">Continua a leggere...<\/a><\/div><\/p>","protected":false},"author":992,"featured_media":0,"comment_status":"open","ping_status":"closed","sticky":false,"template":"","format":"standard","meta":[],"categories":[4695,2569,2583,247,787],"tags":[404870,404871,4697,4699,404833,2727,4698],"_links":{"self":[{"href":"https:\/\/blog.ilgiornale.it\/locati\/wp-json\/wp\/v2\/posts\/357"}],"collection":[{"href":"https:\/\/blog.ilgiornale.it\/locati\/wp-json\/wp\/v2\/posts"}],"about":[{"href":"https:\/\/blog.ilgiornale.it\/locati\/wp-json\/wp\/v2\/types\/post"}],"author":[{"embeddable":true,"href":"https:\/\/blog.ilgiornale.it\/locati\/wp-json\/wp\/v2\/users\/992"}],"replies":[{"embeddable":true,"href":"https:\/\/blog.ilgiornale.it\/locati\/wp-json\/wp\/v2\/comments?post=357"}],"version-history":[{"count":2,"href":"https:\/\/blog.ilgiornale.it\/locati\/wp-json\/wp\/v2\/posts\/357\/revisions"}],"predecessor-version":[{"id":360,"href":"https:\/\/blog.ilgiornale.it\/locati\/wp-json\/wp\/v2\/posts\/357\/revisions\/360"}],"wp:attachment":[{"href":"https:\/\/blog.ilgiornale.it\/locati\/wp-json\/wp\/v2\/media?parent=357"}],"wp:term":[{"taxonomy":"category","embeddable":true,"href":"https:\/\/blog.ilgiornale.it\/locati\/wp-json\/wp\/v2\/categories?post=357"},{"taxonomy":"post_tag","embeddable":true,"href":"https:\/\/blog.ilgiornale.it\/locati\/wp-json\/wp\/v2\/tags?post=357"}],"curies":[{"name":"wp","href":"https:\/\/api.w.org\/{rel}","templated":true}]}}