{"id":4052,"date":"2019-05-08T19:13:03","date_gmt":"2019-05-08T17:13:03","guid":{"rendered":"https:\/\/blog.ilgiornale.it\/locati\/?p=4052"},"modified":"2019-05-30T14:58:40","modified_gmt":"2019-05-30T12:58:40","slug":"genitori-in-piazza-contro-la-grillo","status":"publish","type":"post","link":"https:\/\/blog.ilgiornale.it\/locati\/2019\/05\/08\/genitori-in-piazza-contro-la-grillo\/","title":{"rendered":"Genitori in piazza contro la Grillo"},"content":{"rendered":"<div>\n<p>Si sono dati appuntamento da ogni parte d&#8217;Italia. Obbiettivo: raggiungere piazza Montecitorio a Roma in un giorno feriale. Sono le migliaia di famiglie contrarie alle<strong> imposizioni dei vaccini<\/strong>. Stamattina, davanti al Parlamento, si sono presentati con megafoni, striscioni e fischietti. Mamme, pap\u00e0, nonni, medici. Sono rimasti a lungo. Qualcuno aveva indosso la t-shirt con le fotografie dei bambini danneggiati dalle vaccinazioni. Tante faccine senza sorriso a occupare\u00a0 lo spazio della maglietta.<\/p>\n<p>&#8220;Fuori la Grillo dal palazzo&#8221;e &#8220;Gi\u00f9 le mani dai bambini&#8221; erano i cori. &#8220;<em>Come pu\u00f2 un ministro della Salute negare quello che \u00e8 successo ai nostri figli?<\/em>&#8221; (allusione alla dichiarazione &#8220;non conosco morti per i vaccini&#8221; fatta dalla Grillo in televisione).<\/p>\n<p>No al ricatto sanitario, no alla ghettizzazione dei non vaccinati&#8221; &#8211; hanno chiesto &#8211; &#8220;<em>Via dal governo chi proibisce le scuole ai nostri figli etichettandoli non conformi. Vogliamo che sia il medico a decidere come dobbiamo prevenire le malattie, non la Glaxo<\/em>&#8220;. Lo striscione pi\u00f9 vistoso \u00e8 dedicato alla casa farmaceutica e sotto riporta il progetto &#8220;zero voti&#8221;. Le associazioni che riuniscono i genitori &#8220;non disposti a barattare l&#8217;inviolabilit\u00e0 del corpo dei bambini&#8221; hanno lanciato la protesta &#8220;zero voti&#8221; in vista delle Europee.<\/p>\n<p>Delusi da questo governo in molti hanno lanciato la proposta di annullare la scheda elettorale, in segno di protesta. Parole dure contro Giulia Grillo e contro Matteo Salvini: &#8220;<em>Entrambi avevano promesso di rispettare la Costituzione, di non escludere i bambini da nidi e materne<\/em> e<em> invece, con il Ddl 770 (se non verr\u00e0 cambiato) \u00e8 previsto che vengano allontanati dalle classi anche gli studenti dai 6 ai 16 anni&#8221;.<\/em><\/p>\n<p>PS. Sabato a Bologna convegno dal titolo &#8220;Primum non nocere; vaccini tra dubbi e certezze&#8221;. Ingresso libero presso l\u2019Hotel CENTERGROSS di Bentivoglio (BO) &#8211; via Saliceto, 8 11 maggio 2019 dalle 14.30 alle 19.30. Nella locandina i nomi dei relatori.<\/p>\n<p>PS. Cliccate <a href=\"http:\/\/www.rainews.it\/dl\/rainews\/media\/Contro-obbligo-di-vaccinazione-manifestazione-novax-nel-centro-di-Roma-3eadb2eb-1d31-4786-938f-25297998a97a.html\" target=\"_blank\">qui<\/a> per vedere\u00a0la ripresa della manifestazione da parte di RaiNews.<\/p>\n<p><a href=\"https:\/\/www.michelesantoro.it\/2019\/05\/manifestazione-8-maggio-free-vax\/\" target=\"_blank\">Qui<\/a> e <a href=\"https:\/\/www.nextquotidiano.it\/manifestazione-8-maggio-free-vax\/\" target=\"_blank\">qui<\/a> trovate altri articoli sulla manifestazione dei genitori.<\/p>\n<\/div>\n<div><\/div>\n<p><a href=\"https:\/\/blog.ilgiornale.it\/locati\/files\/2019\/05\/PHOTO-2019-04-27-18-16-34.jpg\"><img loading=\"lazy\" class=\"alignleft size-medium wp-image-4065\" src=\"https:\/\/blog.ilgiornale.it\/locati\/files\/2019\/05\/PHOTO-2019-04-27-18-16-34-198x300.jpg\" alt=\"PHOTO-2019-04-27-18-16-34\" width=\"198\" height=\"300\" srcset=\"https:\/\/blog.ilgiornale.it\/locati\/files\/2019\/05\/PHOTO-2019-04-27-18-16-34-198x300.jpg 198w, https:\/\/blog.ilgiornale.it\/locati\/files\/2019\/05\/PHOTO-2019-04-27-18-16-34-676x1024.jpg 676w, https:\/\/blog.ilgiornale.it\/locati\/files\/2019\/05\/PHOTO-2019-04-27-18-16-34.jpg 916w\" sizes=\"(max-width: 198px) 100vw, 198px\" \/><\/a><a href=\"https:\/\/blog.ilgiornale.it\/locati\/files\/2019\/05\/dodici.jpg\"><br \/>\n<img loading=\"lazy\" class=\"alignleft size-medium wp-image-4060\" src=\"https:\/\/blog.ilgiornale.it\/locati\/files\/2019\/05\/dodici-300x146.jpg\" alt=\"dodici\" width=\"300\" height=\"146\" srcset=\"https:\/\/blog.ilgiornale.it\/locati\/files\/2019\/05\/dodici-300x146.jpg 300w, https:\/\/blog.ilgiornale.it\/locati\/files\/2019\/05\/dodici-1024x498.jpg 1024w, https:\/\/blog.ilgiornale.it\/locati\/files\/2019\/05\/dodici.jpg 1317w\" sizes=\"(max-width: 300px) 100vw, 300px\" \/><\/a><a href=\"https:\/\/blog.ilgiornale.it\/locati\/files\/2019\/05\/Uno.jpg\"><img loading=\"lazy\" class=\"alignleft size-medium wp-image-4058\" src=\"https:\/\/blog.ilgiornale.it\/locati\/files\/2019\/05\/Uno-300x225.jpg\" alt=\"Uno\" width=\"300\" height=\"225\" srcset=\"https:\/\/blog.ilgiornale.it\/locati\/files\/2019\/05\/Uno-300x225.jpg 300w, https:\/\/blog.ilgiornale.it\/locati\/files\/2019\/05\/Uno-1024x768.jpg 1024w, https:\/\/blog.ilgiornale.it\/locati\/files\/2019\/05\/Uno.jpg 1600w\" sizes=\"(max-width: 300px) 100vw, 300px\" \/><\/a><a href=\"https:\/\/blog.ilgiornale.it\/locati\/files\/2019\/05\/sei.jpg\"><img loading=\"lazy\" class=\"alignleft size-medium wp-image-4056\" src=\"https:\/\/blog.ilgiornale.it\/locati\/files\/2019\/05\/sei-169x300.jpg\" alt=\"sei\" width=\"169\" height=\"300\" srcset=\"https:\/\/blog.ilgiornale.it\/locati\/files\/2019\/05\/sei-169x300.jpg 169w, https:\/\/blog.ilgiornale.it\/locati\/files\/2019\/05\/sei-576x1024.jpg 576w, https:\/\/blog.ilgiornale.it\/locati\/files\/2019\/05\/sei.jpg 1133w\" sizes=\"(max-width: 169px) 100vw, 169px\" \/><\/a><a href=\"https:\/\/blog.ilgiornale.it\/locati\/files\/2019\/05\/quattordici.jpg\"><img loading=\"lazy\" class=\"alignleft size-medium wp-image-4053\" src=\"https:\/\/blog.ilgiornale.it\/locati\/files\/2019\/05\/quattordici-225x300.jpg\" alt=\"quattordici\" width=\"225\" height=\"300\" srcset=\"https:\/\/blog.ilgiornale.it\/locati\/files\/2019\/05\/quattordici-225x300.jpg 225w, https:\/\/blog.ilgiornale.it\/locati\/files\/2019\/05\/quattordici.jpg 720w\" sizes=\"(max-width: 225px) 100vw, 225px\" \/><\/a><a href=\"https:\/\/blog.ilgiornale.it\/locati\/files\/2019\/05\/quindici.jpg\"><img loading=\"lazy\" class=\"alignleft size-medium wp-image-4054\" src=\"https:\/\/blog.ilgiornale.it\/locati\/files\/2019\/05\/quindici-300x225.jpg\" alt=\"quindici\" width=\"300\" height=\"225\" srcset=\"https:\/\/blog.ilgiornale.it\/locati\/files\/2019\/05\/quindici-300x225.jpg 300w, https:\/\/blog.ilgiornale.it\/locati\/files\/2019\/05\/quindici.jpg 960w\" sizes=\"(max-width: 300px) 100vw, 300px\" \/><\/a><\/p>\n","protected":false},"excerpt":{"rendered":"<p><p>Si sono dati appuntamento da ogni parte d&#8217;Italia. Obbiettivo: raggiungere piazza Montecitorio a Roma in un giorno feriale. Sono le migliaia di famiglie contrarie alle imposizioni dei vaccini. Stamattina, davanti al Parlamento, si sono presentati con megafoni, striscioni e fischietti. Mamme, pap\u00e0, nonni, medici. Sono rimasti a lungo. Qualcuno aveva indosso la t-shirt con le fotografie dei bambini danneggiati dalle vaccinazioni. Tante faccine senza sorriso a occupare\u00a0 lo spazio della maglietta. &#8220;Fuori la Grillo dal palazzo&#8221;e &#8220;Gi\u00f9 le mani dai bambini&#8221; erano i cori. &#8220;Come pu\u00f2 un ministro della Salute negare quello che \u00e8 successo ai nostri figli?&#8221; (allusione alla [&hellip;]<\/p>\n&nbsp;&nbsp;<div class=\"readmore\"><a href=\"https:\/\/blog.ilgiornale.it\/locati\/2019\/05\/08\/genitori-in-piazza-contro-la-grillo\/\">Continua a leggere...<\/a><\/div><\/p>","protected":false},"author":992,"featured_media":0,"comment_status":"open","ping_status":"closed","sticky":false,"template":"","format":"standard","meta":[],"categories":[77194],"tags":[374374,374375,2669],"_links":{"self":[{"href":"https:\/\/blog.ilgiornale.it\/locati\/wp-json\/wp\/v2\/posts\/4052"}],"collection":[{"href":"https:\/\/blog.ilgiornale.it\/locati\/wp-json\/wp\/v2\/posts"}],"about":[{"href":"https:\/\/blog.ilgiornale.it\/locati\/wp-json\/wp\/v2\/types\/post"}],"author":[{"embeddable":true,"href":"https:\/\/blog.ilgiornale.it\/locati\/wp-json\/wp\/v2\/users\/992"}],"replies":[{"embeddable":true,"href":"https:\/\/blog.ilgiornale.it\/locati\/wp-json\/wp\/v2\/comments?post=4052"}],"version-history":[{"count":17,"href":"https:\/\/blog.ilgiornale.it\/locati\/wp-json\/wp\/v2\/posts\/4052\/revisions"}],"predecessor-version":[{"id":4092,"href":"https:\/\/blog.ilgiornale.it\/locati\/wp-json\/wp\/v2\/posts\/4052\/revisions\/4092"}],"wp:attachment":[{"href":"https:\/\/blog.ilgiornale.it\/locati\/wp-json\/wp\/v2\/media?parent=4052"}],"wp:term":[{"taxonomy":"category","embeddable":true,"href":"https:\/\/blog.ilgiornale.it\/locati\/wp-json\/wp\/v2\/categories?post=4052"},{"taxonomy":"post_tag","embeddable":true,"href":"https:\/\/blog.ilgiornale.it\/locati\/wp-json\/wp\/v2\/tags?post=4052"}],"curies":[{"name":"wp","href":"https:\/\/api.w.org\/{rel}","templated":true}]}}