{"id":4470,"date":"2020-10-13T10:01:17","date_gmt":"2020-10-13T08:01:17","guid":{"rendered":"https:\/\/blog.ilgiornale.it\/locati\/?p=4470"},"modified":"2020-10-13T11:48:04","modified_gmt":"2020-10-13T09:48:04","slug":"se-e-covid-e-per-sempre","status":"publish","type":"post","link":"https:\/\/blog.ilgiornale.it\/locati\/2020\/10\/13\/se-e-covid-e-per-sempre\/","title":{"rendered":"Se \u00e8 Covid, \u00e8 per sempre"},"content":{"rendered":"<p><a href=\"https:\/\/blog.ilgiornale.it\/locati\/files\/2020\/10\/IMG_0851.jpg\"><img loading=\"lazy\" class=\"alignleft size-medium wp-image-4475\" src=\"https:\/\/blog.ilgiornale.it\/locati\/files\/2020\/10\/IMG_0851-225x300.jpg\" alt=\"\" width=\"225\" height=\"300\" srcset=\"https:\/\/blog.ilgiornale.it\/locati\/files\/2020\/10\/IMG_0851-225x300.jpg 225w, https:\/\/blog.ilgiornale.it\/locati\/files\/2020\/10\/IMG_0851-768x1024.jpg 768w, https:\/\/blog.ilgiornale.it\/locati\/files\/2020\/10\/IMG_0851-1152x1536.jpg 1152w, https:\/\/blog.ilgiornale.it\/locati\/files\/2020\/10\/IMG_0851-1536x2048.jpg 1536w, https:\/\/blog.ilgiornale.it\/locati\/files\/2020\/10\/IMG_0851.jpg 1668w\" sizes=\"(max-width: 225px) 100vw, 225px\" \/><\/a>\u201c<i>Quando sei in ospedale, il timbro di fabbrica, te lo d\u00e0 la positivit\u00e0 al virus. Se sei positivo e asintomatico e vieni ricoverato per un infarto, diventi un paziente Covid (e se a causa dell\u2019infarto finisci in terapia intensiva, sei comunque paziente Covid\u201d)<\/i>. Non solo. \u201c<i>Se sei stato positivo al Sars-Cov-2 e in seguito diventato negativo, se ti dovessero capitare un infarto o un ictus fatali, sei annoverato fra i morti di Covid. \u00c8 un assurdo, lo so, ma oggi si ragiona cos\u00ec<\/i>\u201d.<\/p>\n<p>Queste sono le parole di <b>Luca Zaia, <\/b>presidente della Regione Veneto, pronunciate alla conferenza stampa del 27 agosto. Cliccate <a href=\"https:\/\/www.money.it\/Zaia-paziente-positivo-ospedale-diventa-paziente-Covid-altre-patologie\">qui<\/a> e ascoltate.<\/p>\n<p>Per la verit\u00e0, su questo \u201ctimbro di fabbrica\u201d indelebile come un tatuaggio, avremmo volentieri accolto chiarimenti o approfondimenti da parte del <b>Comitato Tecnico Scientifico <\/b>o<b> dell\u2019Istituto Superiore di Sanit\u00e0<\/b>. Ma non sono mai arrivate risposte alle nostre domande (inoltrate dalla prima settimana di settembre). Soltanto una telefonata informale con l\u2019ufficio stampa durante la quale ci \u00e8 stato riferito che \u201cnon conoscendo il virus, prudenzialmente, si pu\u00f2 pensare che qualsiasi malattia sopraggiunta dopo la negativizzazione sia dovuta al virus stesso\u201d.<\/p>\n<p>\u00c8 assurdo ma \u00e8 cos\u00ec.<\/p>\n<p><b>Paese che vai, virus che trovi<\/b><\/p>\n<p><span style=\"font-weight: 400\">Tuttavia in questo caso si tratta di una licenza tutta italiana. Le linee guida OMS sulle cause di morte da Covid 19 sono ben diverse. Leggete <\/span><a href=\"https:\/\/translate.google.it\/translate?hl=it&amp;sl=en&amp;u=https:\/\/www.who.int\/classifications\/icd\/Guidelines_Cause_of_Death_COVID-19.pdf%3Fua%3D1&amp;prev=search&amp;pto=aue\"><span style=\"font-weight: 400\">qui<\/span><\/a><span style=\"font-weight: 400\"> e osservate la tabella allegata con la scritta <\/span><b>No Covid 19 Death.<\/b><\/p>\n<p><span style=\"font-weight: 400\">In Italia chi \u00e8 positivo e poi muore per un infarto \u00e8 contato come decesso Covid, secondo i parametri OMS invece, nello stesso caso, la morte \u00e8 da ascrivere ad infarto. <\/span><i><span style=\"font-weight: 400\">Ci si chiede se questo modo di classificare i decessi possa spiegare l\u2019 alta letalit\u00e0 attribuita al Covid 19 in Italia, mentre in altri Paesi \u00e8 stata ed \u00e8 minore.\u00a0<\/span><\/i><\/p>\n<p>Fra le linee guida OMS troviamo: \u201c\u00c8 importante registrare e segnalare i decessi dovuti a COVID-19 in modo uniforme\u201d (pag 3). E: \u201cI cambiamenti (nel modo di classificare i decessi, ndr) a livello nazionale porteranno a dati meno comparabili a quelli di altri Paesi e meno utili per l\u2019analisi\u201d (pag 9).<\/p>\n<p><i>L\u2019OMS ricorda che esistono anche altre malattie:<\/i><\/p>\n<p>\u201cLe persone con COVID-19 <i>possono<\/i> morire per altre malattie o incidenti, tali casi non sono decessi dovuti a COVID-19 e non dovrebbero essere registrate come tali. Nel caso in cui pensi che COVID-19 abbia aggravato il decesso, \u00e8 possibile segnalare COVID-19 nella Parte 2\u201d. (Pag 7).<\/p>\n<p>Per valutare i dati dell\u2019epidemia di oggi, occorre non dimenticare questa premessa, il cosiddetto \u201ctimbro di fabbrica\u201d.<\/p>\n<p><b>Come colpisce il Covid: confronto fra ieri e oggi<\/b><\/p>\n<p>Dati relativi al 5 ottobre 2020 e paragonati con quelli di sei mesi prima, il 5 aprile 2020 vedi tabelle ISS allegate:<\/p>\n<p>Positivi al test oggi 59.000 vs. sei mesi fa 91.000<\/p>\n<p><span style=\"font-weight: 400\">Tamponi effettuati totali 12.000.000 vs. 700.000<\/span><\/p>\n<p><span style=\"font-weight: 400\">Ospedalizzati oggi 3.500 vs. 29.000<\/span><\/p>\n<p><span style=\"font-weight: 400\">Terapia intensiva oggi 300 vs. 4.000<\/span><\/p>\n<p><span style=\"font-weight: 400\">Deceduti nella giornata 16 vs. 525<\/span><\/p>\n<p>In sintesi:<\/p>\n<p><span style=\"font-weight: 400\">I positivi sono il 65% rispetto a 6 mesi fa, tanti, per\u00f2:<\/span><\/p>\n<p><span style=\"font-weight: 400\">I malati in ospedale sono il 12%<\/span><\/p>\n<p><span style=\"font-weight: 400\">I malati in terapia intensiva sono il 7,5%<\/span><\/p>\n<p><span style=\"font-weight: 400\">I deceduti nella giornata sono il 3%<\/span><\/p>\n<p>Abbiamo chiesto un commento a questi numeri all\u2019epidemiologo <b>Stefano Petti:<\/b> \u201c<i>Sono le percentuali, progressivamente in calo, a fotografare l\u2019oggi. \u00c8 evidente che le persone positive non si ammalano come sei mesi fa e non vanno in rianimazione come sei mesi fa. Altrimenti, entro pochi giorni, il tempo per i positivi di ammalarsi seriamente, vedremmo la stessa proporzione, il 65%, anche nei ricoverati e in quelli in terapia intensiva, oltre che nei decessi. Invece siamo al 12%, il 7% e il 3%\u201d<\/i><\/p>\n<p>Aggiunge Petti: \u201c<i>\u00c8 chiaro che il virus \u00e8 assai meno aggressivo di sei mesi fa. I numeri sono questi e sui numeri non ci possono essere dispute. Osservando la tabella ISS sulla proporzione di casi negli ultimi 30 giorni, suddivisi per stato clinico ed et\u00e0, si nota che su 47.468 soggetti oltre il 50% degli ultranovantenni \u00e8 asintomatico\u201d.<\/i><\/p>\n<p>Ps. Infine, sulla conta dei morti, non dimentichiamo che c\u2019\u00e8 il \u201ctimbro di fabbrica\u201d.<\/p>\n<p><a href=\"https:\/\/blog.ilgiornale.it\/locati\/files\/2020\/10\/IMG_0842.jpg\"><img loading=\"lazy\" class=\"alignleft size-medium wp-image-4477\" src=\"https:\/\/blog.ilgiornale.it\/locati\/files\/2020\/10\/IMG_0842-300x145.jpg\" alt=\"\" width=\"300\" height=\"145\" srcset=\"https:\/\/blog.ilgiornale.it\/locati\/files\/2020\/10\/IMG_0842-300x145.jpg 300w, https:\/\/blog.ilgiornale.it\/locati\/files\/2020\/10\/IMG_0842-1024x494.jpg 1024w, https:\/\/blog.ilgiornale.it\/locati\/files\/2020\/10\/IMG_0842-768x370.jpg 768w, https:\/\/blog.ilgiornale.it\/locati\/files\/2020\/10\/IMG_0842-1536x741.jpg 1536w, https:\/\/blog.ilgiornale.it\/locati\/files\/2020\/10\/IMG_0842-2048x988.jpg 2048w\" sizes=\"(max-width: 300px) 100vw, 300px\" \/><\/a><\/p>\n<p><a href=\"https:\/\/blog.ilgiornale.it\/locati\/files\/2020\/10\/IMG_0855.jpg\"><img loading=\"lazy\" class=\"alignleft size-medium wp-image-4481\" src=\"https:\/\/blog.ilgiornale.it\/locati\/files\/2020\/10\/IMG_0855-300x235.jpg\" alt=\"\" width=\"300\" height=\"235\" srcset=\"https:\/\/blog.ilgiornale.it\/locati\/files\/2020\/10\/IMG_0855-300x235.jpg 300w, https:\/\/blog.ilgiornale.it\/locati\/files\/2020\/10\/IMG_0855-1024x803.jpg 1024w, https:\/\/blog.ilgiornale.it\/locati\/files\/2020\/10\/IMG_0855-768x602.jpg 768w, https:\/\/blog.ilgiornale.it\/locati\/files\/2020\/10\/IMG_0855-1536x1204.jpg 1536w, https:\/\/blog.ilgiornale.it\/locati\/files\/2020\/10\/IMG_0855.jpg 1685w\" sizes=\"(max-width: 300px) 100vw, 300px\" \/><\/a><\/p>\n<p>&nbsp;<\/p>\n<p><a href=\"https:\/\/blog.ilgiornale.it\/locati\/files\/2020\/10\/IMG_0852.jpg\"><img loading=\"lazy\" class=\"alignleft size-medium wp-image-4479\" src=\"https:\/\/blog.ilgiornale.it\/locati\/files\/2020\/10\/IMG_0852-300x198.jpg\" alt=\"\" width=\"300\" height=\"198\" srcset=\"https:\/\/blog.ilgiornale.it\/locati\/files\/2020\/10\/IMG_0852-300x198.jpg 300w, https:\/\/blog.ilgiornale.it\/locati\/files\/2020\/10\/IMG_0852-1024x676.jpg 1024w, https:\/\/blog.ilgiornale.it\/locati\/files\/2020\/10\/IMG_0852-768x507.jpg 768w, https:\/\/blog.ilgiornale.it\/locati\/files\/2020\/10\/IMG_0852-1536x1014.jpg 1536w, https:\/\/blog.ilgiornale.it\/locati\/files\/2020\/10\/IMG_0852-2048x1352.jpg 2048w\" sizes=\"(max-width: 300px) 100vw, 300px\" \/><\/a><\/p>\n","protected":false},"excerpt":{"rendered":"<p><p>\u201cQuando sei in ospedale, il timbro di fabbrica, te lo d\u00e0 la positivit\u00e0 al virus. Se sei positivo e asintomatico e vieni ricoverato per un infarto, diventi un paziente Covid (e se a causa dell\u2019infarto finisci in terapia intensiva, sei comunque paziente Covid\u201d). Non solo. \u201cSe sei stato positivo al Sars-Cov-2 e in seguito diventato negativo, se ti dovessero capitare un infarto o un ictus fatali, sei annoverato fra i morti di Covid. \u00c8 un assurdo, lo so, ma oggi si ragiona cos\u00ec\u201d. Queste sono le parole di Luca Zaia, presidente della Regione Veneto, pronunciate alla conferenza stampa del 27 [&hellip;]<\/p>\n&nbsp;&nbsp;<div class=\"readmore\"><a href=\"https:\/\/blog.ilgiornale.it\/locati\/2020\/10\/13\/se-e-covid-e-per-sempre\/\">Continua a leggere...<\/a><\/div><\/p>","protected":false},"author":992,"featured_media":0,"comment_status":"open","ping_status":"closed","sticky":false,"template":"","format":"standard","meta":[],"categories":[387565],"tags":[404963,404964,17141,2539,387514,404965],"_links":{"self":[{"href":"https:\/\/blog.ilgiornale.it\/locati\/wp-json\/wp\/v2\/posts\/4470"}],"collection":[{"href":"https:\/\/blog.ilgiornale.it\/locati\/wp-json\/wp\/v2\/posts"}],"about":[{"href":"https:\/\/blog.ilgiornale.it\/locati\/wp-json\/wp\/v2\/types\/post"}],"author":[{"embeddable":true,"href":"https:\/\/blog.ilgiornale.it\/locati\/wp-json\/wp\/v2\/users\/992"}],"replies":[{"embeddable":true,"href":"https:\/\/blog.ilgiornale.it\/locati\/wp-json\/wp\/v2\/comments?post=4470"}],"version-history":[{"count":21,"href":"https:\/\/blog.ilgiornale.it\/locati\/wp-json\/wp\/v2\/posts\/4470\/revisions"}],"predecessor-version":[{"id":4495,"href":"https:\/\/blog.ilgiornale.it\/locati\/wp-json\/wp\/v2\/posts\/4470\/revisions\/4495"}],"wp:attachment":[{"href":"https:\/\/blog.ilgiornale.it\/locati\/wp-json\/wp\/v2\/media?parent=4470"}],"wp:term":[{"taxonomy":"category","embeddable":true,"href":"https:\/\/blog.ilgiornale.it\/locati\/wp-json\/wp\/v2\/categories?post=4470"},{"taxonomy":"post_tag","embeddable":true,"href":"https:\/\/blog.ilgiornale.it\/locati\/wp-json\/wp\/v2\/tags?post=4470"}],"curies":[{"name":"wp","href":"https:\/\/api.w.org\/{rel}","templated":true}]}}