{"id":4675,"date":"2021-05-23T21:16:14","date_gmt":"2021-05-23T19:16:14","guid":{"rendered":"https:\/\/blog.ilgiornale.it\/locati\/?p=4675"},"modified":"2021-05-25T18:17:26","modified_gmt":"2021-05-25T16:17:26","slug":"in-piazza-per-le-liberta","status":"publish","type":"post","link":"https:\/\/blog.ilgiornale.it\/locati\/2021\/05\/23\/in-piazza-per-le-liberta\/","title":{"rendered":"In piazza per le libert\u00e0"},"content":{"rendered":"<p class=\"p1\"><a href=\"https:\/\/blog.ilgiornale.it\/locati\/files\/2021\/05\/ABB451FC-8030-4CDC-B4F2-A49C6F464FE4.jpeg\"><img loading=\"lazy\" class=\"alignleft size-medium wp-image-4681\" src=\"https:\/\/blog.ilgiornale.it\/locati\/files\/2021\/05\/ABB451FC-8030-4CDC-B4F2-A49C6F464FE4-300x169.jpeg\" alt=\"\" width=\"300\" height=\"169\" srcset=\"https:\/\/blog.ilgiornale.it\/locati\/files\/2021\/05\/ABB451FC-8030-4CDC-B4F2-A49C6F464FE4-300x169.jpeg 300w, https:\/\/blog.ilgiornale.it\/locati\/files\/2021\/05\/ABB451FC-8030-4CDC-B4F2-A49C6F464FE4.jpeg 720w\" sizes=\"(max-width: 300px) 100vw, 300px\" \/><\/a><\/p>\n<p>&nbsp;<\/p>\n<p>&nbsp;<\/p>\n<p>&nbsp;<\/p>\n<p>&nbsp;<\/p>\n<p>&nbsp;<\/p>\n<p class=\"p1\">\u201c<em>Vuoi raccontare la protesta? Vai e consuma le suole delle scarpe, annusa l\u2019aria<\/em>\u201d insegnava il capocronista.<\/p>\n<p class=\"p3\"><span class=\"s2\">Eccomi a Bologna, in una piazza del Nettuno traboccante. Migliaia di persone in ascolto di chi arringa la folla dal palco. Sono tanti e tutti ascoltano (sembra una ovviet\u00e0 ma non lo \u00e8: pensate che ai cortei degli studenti molti ci vanno tanto per fare e, altrettanti, per appiccicarci sopra un\u2019etichetta politica).<\/span><\/p>\n<p class=\"p3\"><span class=\"s2\">A radunarci \u00e8 l\u2019iniziativa \u201c<strong>Primum non nocere<\/strong>\u201d promossa dai movimenti <strong>Libera scelta<\/strong>: ne esiste uno in ogni Regione e sono coordinati fra loro. Sono cresciuti via via in risposta alla politica sanitaria degli ultimi anni. <\/span><\/p>\n<p class=\"p3\"><span class=\"s2\">Dapprima per contestare la legge Lorenzin che, nel 2017, leg\u00f2 l\u2019obbligo di 10 vaccinazioni al frequentare le scuole. Senza il filotto di punture, niente scuola (in alternativa, paghi). <i>Inaudito<\/i>. Ma tribunali, politici, telegiornali e dibattiti televisivi furono tutti clamorosamente d\u2019accordo. Poi arrivarono le radiazioni di quei medici che si dicevano cauti e perplessi di fronte al carico vaccinale. <em>Doppiamente inaudito: solo pochi anni prima la mia pediatra Asl si permetteva il lusso di suggerirmi quali vaccini fare e quali no. Peccato che oggi questo trasparente rapporto medico paziente sia diventato un ricordo.<\/em><\/span><\/p>\n<p class=\"p3\"><span class=\"s2\"><em>E che ora tutti noi, per effetto della pandemia, si rischi di diventare cavie a vita dei vaccini che usciranno sul mercato<\/em>.<\/span><\/p>\n<p class=\"p3\"><span class=\"s2\"> Dopo l\u2019obbligo dei vaccini pediatrici \u00e8 arrivato l\u2019obbligo dei vaccini a terapia genica &#8211; i cui effetti sono ancora sconosciuti &#8211; per il personale medico.<\/span><\/p>\n<p class=\"p3\"><span class=\"s2\">\u201cEliminato il primo diritto (scegliere o rifiutare un trattamento sanitario che pu\u00f2 avere dei rischi) sono caduti anche gli altri &#8211; li elenca dal palco <strong>Gian Marco Capitani<\/strong> del Movimento Libera scelta Emilia Romagna &#8211; il non poter lavorare n\u00e8 studiare a \u2018condizione&#8230;\u2019, il non poter muoversi a \u2018condizione&#8230;\u2019 . <i>I diritti non sono qualcosa che qualcuno ti concede, ma qualcosa che nessuno pu\u00f2 toglierti<\/i>\u2019, (frase di <b>Ramsey Clarck<\/b>). Svegliamoci, chi dorme in democrazia rischia di svegliarsi in dittatura\u201d.<\/span><\/p>\n<p class=\"p3\"><span class=\"s2\">Ogni piazza \u00e8, nelle sue stratificazioni, anche le piazze di ieri, una memoria dei nostri antenati. Le stradine che portano in via D\u2019Azeglio dove abitava Lucio Dalla, hanno come luminarie le parole delle canzoni famose. Alzi lo sguardo e, quasi una profezia, appare \u201c<i>chiss\u00e0 domani su cosa metteremo le mani<\/i>&#8230;\u201d. Poco pi\u00f9 avanti c\u2019\u00e8 l\u2019incrocio con via Rizzoli, dove nel 1926, il giovane anarchico Zamboni spar\u00f2 a Mussolini senza ucciderlo. Quel gesto fin\u00ec in un bagno di sangue, l\u2019anarchico fu massacrato di botte dagli squadristi. Violenza porta violenza. Alle spalle del palco, accanto al manifesto di oggi \u201cPrimum non nocere\u201d si nota la targa del 1945, medaglia d\u2019oro al valor militare, in memoria dei caduti, che \u201cportarono la patria alla riconquista della libert\u00e0\u201d. <\/span><\/p>\n<p class=\"p3\"><span class=\"s2\">La piazza di oggi parla un altro linguaggio ma resta centrata sulla libert\u00e0. <a href=\"https:\/\/www.gruppiuniti.it\/pnn\/\">Qui<\/a> trovate l\u2019elenco dei relatori. Dalla parlamentare <strong>Sara Cunial<\/strong>, al medico <b>Dario<\/b> <b>Miedico<\/b> (radiato a fine carriera dallo stesso Ordine che ne celebr\u00f2 i 50 anni di attivit\u00e0), da <strong>Paolo Allegri<\/strong>, medico di Ippocrate, la rete che ha curato a domicilio dal Covid 15mila pazienti), a <b>Senta Depuydt<\/b>, presidente della <em>Children\u2019s Health Defense Europe,<\/em> l\u2019associazione per la salute dei bambini fondata da <strong>Robert Kennedy<\/strong> jr.<\/span><\/p>\n<p class=\"p3\"><span class=\"s2\">\u201cNon ci piace pensare che potrebbe succedere ancora, ma potrebbe succedere ancora\u201d dal megafono qualcuno cita Anna Frank. <\/span><\/p>\n<p class=\"p3\"><span class=\"s2\">Ci sono tanti bambini, giocano sui plaid stesi a terra, molti di loro non hanno frequentato la scuola pubblica \u201cper non sottostare al ricatto imposto dalla Lorenzin\u201d ci spiega una mamma. Cos\u00ec sono nate le homeschooling, con decine di bambini, si fa scuola anche in mezzo alla natura. \u201cMai avrei pensato di riuscire a mettere in piedi una realt\u00e0 cos\u00ec bella partendo da un momento di grande sconforto\u201d, racconta un\u2019insegnante che \u00e8 anche mamma.<\/span><\/p>\n<p class=\"p3\"><span class=\"s2\">\u201cSiamo qui oggi, poi andremo a Roma e di nuovo in ogni citt\u00e0 d\u2019Italia &#8211; si solleva la promessa dal palco &#8211; . Resisteremo\u201d. In risposta un fragoroso boato. E poi le danze. Cliccate <a href=\"https:\/\/m.youtube.com\/channel\/UCgqt1bg_6emhDmY8JhvHQIg\">qui<\/a>.<\/span><\/p>\n<p class=\"p3\"><span class=\"s2\">Il sentire della giornata ma anche il senso profondo del cambiamento in corso \u00e8 stato ben evocato da <b>Antonio Bilo Canella<\/b>, attore, autore e regista che ha parlato dell\u2019azione dello Spirito nella Storia.<\/span><\/p>\n<p class=\"p3\"><span class=\"s2\">\u201cSono figlio di un medico e ancora mi commuovo quando leggo le parole del giuramento di Ippocrate, quanto Spirito c\u2019\u00e8 in quelle promesse&#8230;. I medici giurano di non intraprendere interventi terapeutici non appropriati e non proporzionati\u201d. E ancora: \u201cTutto quello che sta succedendo \u00e8 opera dello Spirito e la fine, se sar\u00e0 presto o tardi, dipender\u00e0 da noi, quando avremo finalmente compreso\u201d. Ascoltatelo, merita. <a href=\"https:\/\/rumble.com\/embed\/veuonl\/?pub=jfpun&amp;fbclid=IwAR1ghLiWLYBmtA0BJ6t5KoHwKFHJ_JLQnm1bUAZ4alo4ZzRGl-jtmYM5nrQ\">Qui<\/a>.<\/span><\/p>\n<p>Cliccate <a href=\"https:\/\/www.byoblu.com\/2021\/05\/25\/primum-non-nocere-la-grande-manifestazione-a-bologna-speciale-byoblu\/\">qui<\/a> per ascoltare tutti gli interventi in diretta.<\/p>\n<p>&nbsp;<\/p>\n","protected":false},"excerpt":{"rendered":"<p><p>&nbsp; &nbsp; &nbsp; &nbsp; &nbsp; \u201cVuoi raccontare la protesta? Vai e consuma le suole delle scarpe, annusa l\u2019aria\u201d insegnava il capocronista. Eccomi a Bologna, in una piazza del Nettuno traboccante. Migliaia di persone in ascolto di chi arringa la folla dal palco. Sono tanti e tutti ascoltano (sembra una ovviet\u00e0 ma non lo \u00e8: pensate che ai cortei degli studenti molti ci vanno tanto per fare e, altrettanti, per appiccicarci sopra un\u2019etichetta politica). A radunarci \u00e8 l\u2019iniziativa \u201cPrimum non nocere\u201d promossa dai movimenti Libera scelta: ne esiste uno in ogni Regione e sono coordinati fra loro. Sono cresciuti via via [&hellip;]<\/p>\n&nbsp;&nbsp;<div class=\"readmore\"><a href=\"https:\/\/blog.ilgiornale.it\/locati\/2021\/05\/23\/in-piazza-per-le-liberta\/\">Continua a leggere...<\/a><\/div><\/p>","protected":false},"author":992,"featured_media":0,"comment_status":"open","ping_status":"closed","sticky":false,"template":"","format":"standard","meta":[],"categories":[13615,256716],"tags":[416931,416935,14748,416933,7610,416932,184146,416936],"_links":{"self":[{"href":"https:\/\/blog.ilgiornale.it\/locati\/wp-json\/wp\/v2\/posts\/4675"}],"collection":[{"href":"https:\/\/blog.ilgiornale.it\/locati\/wp-json\/wp\/v2\/posts"}],"about":[{"href":"https:\/\/blog.ilgiornale.it\/locati\/wp-json\/wp\/v2\/types\/post"}],"author":[{"embeddable":true,"href":"https:\/\/blog.ilgiornale.it\/locati\/wp-json\/wp\/v2\/users\/992"}],"replies":[{"embeddable":true,"href":"https:\/\/blog.ilgiornale.it\/locati\/wp-json\/wp\/v2\/comments?post=4675"}],"version-history":[{"count":9,"href":"https:\/\/blog.ilgiornale.it\/locati\/wp-json\/wp\/v2\/posts\/4675\/revisions"}],"predecessor-version":[{"id":4685,"href":"https:\/\/blog.ilgiornale.it\/locati\/wp-json\/wp\/v2\/posts\/4675\/revisions\/4685"}],"wp:attachment":[{"href":"https:\/\/blog.ilgiornale.it\/locati\/wp-json\/wp\/v2\/media?parent=4675"}],"wp:term":[{"taxonomy":"category","embeddable":true,"href":"https:\/\/blog.ilgiornale.it\/locati\/wp-json\/wp\/v2\/categories?post=4675"},{"taxonomy":"post_tag","embeddable":true,"href":"https:\/\/blog.ilgiornale.it\/locati\/wp-json\/wp\/v2\/tags?post=4675"}],"curies":[{"name":"wp","href":"https:\/\/api.w.org\/{rel}","templated":true}]}}