{"id":469,"date":"2011-07-19T17:12:00","date_gmt":"2011-07-19T17:12:00","guid":{"rendered":"https:\/\/blog.ilgiornale.it\/locati\/?p=469"},"modified":"2011-07-19T17:12:00","modified_gmt":"2011-07-19T17:12:00","slug":"polifenoli-dalluva-ai-farmaci-intelligenti","status":"publish","type":"post","link":"https:\/\/blog.ilgiornale.it\/locati\/2011\/07\/19\/polifenoli-dalluva-ai-farmaci-intelligenti\/","title":{"rendered":"Polifenoli, dall&#8217;uva ai farmaci intelligenti"},"content":{"rendered":"<p>\u00c8 stata brevettata una nanoparticella intelligente \u2013 che si ricava dall\u2019uva nera &#8211; <a href=\"https:\/\/blog.ilgiornale.it\/locati\/files\/2011\/07\/uvanera2.jpg\"><img loading=\"lazy\" class=\"alignnone size-medium wp-image-470\" src=\"https:\/\/blog.ilgiornale.it\/locati\/files\/2011\/07\/uvanera2-300x204.jpg\" alt=\"\" width=\"300\" height=\"204\" srcset=\"https:\/\/blog.ilgiornale.it\/locati\/files\/2011\/07\/uvanera2-300x204.jpg 300w, https:\/\/blog.ilgiornale.it\/locati\/files\/2011\/07\/uvanera2.jpg 425w\" sizes=\"(max-width: 300px) 100vw, 300px\" \/><\/a>capace di eliminare le cellule maligne senza intossicare gli organi sani. La piccola molecola in grado di \u201calimentare\u201d una terapia farmacologica anti tumorale \u00e8 stata brevettata al Crom, il Centro di ricerche oncologiche che ha sede a Mercogliano, in provincia di Avellino ed \u00e8 stata presentata dal direttore di oncologia medica dell\u2019Istituto \u00abPascale\u00bb di Napoli, Vincenzo Iassaioli.<\/p>\n<p>Lo studio della nanoparticella ha coinvolto i ricercatori per cinque anni:\u00a0l&#8217;esito della sperimentazione sulle cavie ha ottenuto risultati cos\u00ec apprezzabili da far ritenere che gi\u00e0 dal prossimo anno potr\u00e0 essere avviata la sua applicazione sui pazienti.<\/p>\n<p>Come si \u00e8 arrivati alla nanoparticella \u00abintelligente\u00bb? Indagando la struttura dei polifenoli, un gruppo molecolare che si trova nella frutta e, in particolare, nell\u2019uva nera che, attraverso la \u00abspinta\u00bb di un vettore come l\u2019acido ialuronico, va a colpire esclusivamente le cellule tumorali abbattendo gli effetti collaterali su cuore, reni e fegato.<\/p>\n<p>Al Crom di Mercogliano, diretto dal professor Giuseppe Castello, lavorano 25 ricercatori, 6 tecnici e altrettanti amministrativi.<\/p>\n","protected":false},"excerpt":{"rendered":"<p><p>\u00c8 stata brevettata una nanoparticella intelligente \u2013 che si ricava dall\u2019uva nera &#8211; capace di eliminare le cellule maligne senza intossicare gli organi sani. La piccola molecola in grado di \u201calimentare\u201d una terapia farmacologica anti tumorale \u00e8 stata brevettata al Crom, il Centro di ricerche oncologiche che ha sede a Mercogliano, in provincia di Avellino ed \u00e8 stata presentata dal direttore di oncologia medica dell\u2019Istituto \u00abPascale\u00bb di Napoli, Vincenzo Iassaioli. Lo studio della nanoparticella ha coinvolto i ricercatori per cinque anni:\u00a0l&#8217;esito della sperimentazione sulle cavie ha ottenuto risultati cos\u00ec apprezzabili da far ritenere che gi\u00e0 dal prossimo anno potr\u00e0 essere [&hellip;]<\/p>\n&nbsp;&nbsp;<div class=\"readmore\"><a href=\"https:\/\/blog.ilgiornale.it\/locati\/2011\/07\/19\/polifenoli-dalluva-ai-farmaci-intelligenti\/\">Continua a leggere...<\/a><\/div><\/p>","protected":false},"author":992,"featured_media":0,"comment_status":"open","ping_status":"closed","sticky":false,"template":"","format":"standard","meta":[],"categories":[4893],"tags":[4904,4898,4897,4900,4899,4903,4902,4894,2752,2751,4895,4901,4896,4905],"_links":{"self":[{"href":"https:\/\/blog.ilgiornale.it\/locati\/wp-json\/wp\/v2\/posts\/469"}],"collection":[{"href":"https:\/\/blog.ilgiornale.it\/locati\/wp-json\/wp\/v2\/posts"}],"about":[{"href":"https:\/\/blog.ilgiornale.it\/locati\/wp-json\/wp\/v2\/types\/post"}],"author":[{"embeddable":true,"href":"https:\/\/blog.ilgiornale.it\/locati\/wp-json\/wp\/v2\/users\/992"}],"replies":[{"embeddable":true,"href":"https:\/\/blog.ilgiornale.it\/locati\/wp-json\/wp\/v2\/comments?post=469"}],"version-history":[{"count":1,"href":"https:\/\/blog.ilgiornale.it\/locati\/wp-json\/wp\/v2\/posts\/469\/revisions"}],"predecessor-version":[{"id":471,"href":"https:\/\/blog.ilgiornale.it\/locati\/wp-json\/wp\/v2\/posts\/469\/revisions\/471"}],"wp:attachment":[{"href":"https:\/\/blog.ilgiornale.it\/locati\/wp-json\/wp\/v2\/media?parent=469"}],"wp:term":[{"taxonomy":"category","embeddable":true,"href":"https:\/\/blog.ilgiornale.it\/locati\/wp-json\/wp\/v2\/categories?post=469"},{"taxonomy":"post_tag","embeddable":true,"href":"https:\/\/blog.ilgiornale.it\/locati\/wp-json\/wp\/v2\/tags?post=469"}],"curies":[{"name":"wp","href":"https:\/\/api.w.org\/{rel}","templated":true}]}}