{"id":4814,"date":"2021-08-18T23:48:03","date_gmt":"2021-08-18T21:48:03","guid":{"rendered":"https:\/\/blog.ilgiornale.it\/locati\/?p=4814"},"modified":"2021-08-18T23:48:03","modified_gmt":"2021-08-18T21:48:03","slug":"trombosi-cerebrale-a-17-anni-dopo-il-vaccino","status":"publish","type":"post","link":"https:\/\/blog.ilgiornale.it\/locati\/2021\/08\/18\/trombosi-cerebrale-a-17-anni-dopo-il-vaccino\/","title":{"rendered":"Trombosi cerebrale a 17 anni, dopo il vaccino"},"content":{"rendered":"<p class=\"p1\"><span class=\"s1\">Ha 17 anni, qualche mese in meno di Camilla Canepa.\u00a0<\/span>\u00c8 stato malissimo quattro giorni dopo la seconda dose di vaccino Pfizer. Cefalea intensa e vomito. Al pronto soccorso i primi accertamenti, la situazione \u00e8 grave. \u201cSubito al Meyer\u201d. Probabile\u00a0 che sia\u00a0 stata questa la decisione che gli ha salvato la vita.<\/p>\n<p class=\"p1\">Dall\u2019ospedale pediatrico Meyer oggi pomeriggio hanno riferito che le condizioni del ragazzo sono buone. Ha avuto una trombosi dei seni cerebrali: \u201c\u00c8 sotto trattamento farmacologico. Non \u00e8 stata riscontrata carenza di piastrine. \u00c8 cosciente\u201d.<\/p>\n<p class=\"p1\"><span class=\"s1\">Tiriamo un sospiro di sollievo. <\/span><\/p>\n<p class=\"p1\"><span class=\"s1\">Al Meyer, l\u2019ultimo anno, sono stati curati 6 minori affetti da trombosi dei seni cerebrali. \u00c8 una malattia molto rara come gli infarti in et\u00e0 pediatrica.<\/span><\/p>\n<p class=\"p1\"><span class=\"s1\">Ma questo caso suscita interesse poich\u00e9 c\u2019\u00e8 bisogno di capire se sia stato provocato dal vaccino.<span class=\"Apple-converted-space\">\u00a0 <\/span>E se si sarebbe potuto evitare facendo prima analisi del sangue mirate.<\/span><\/p>\n<p class=\"p1\"><span class=\"s1\">La farmacovigilanza assume un ruolo di rilievo con i nuovi vaccini. Si prendano ad esempio le miocarditi che non erano emerse durante l\u2019unico trial condotto sui giovani prima dell\u2019approvazione. Ne abbiamo parlato <a href=\"https:\/\/blog.ilgiornale.it\/locati\/2021\/06\/22\/imitiamo-i-tedeschi-non-vacciniamo-ragazzi-e-bambini\/\">qui<\/a>. Poi per\u00f2 le infiammazioni cardiache post vaccinazione sono diventate sempre pi\u00f9 frequenti tanto che ora Aifa le ha inserite fra i rischi possibili nei giovani di sesso maschile. Cliccate <a href=\"https:\/\/www.aifa.gov.it\/-\/vaccini-a-mrna-anti-covid-19-comirnaty-e-spikevax-rischio-di-miocardite-e-di-pericardite\">qui<\/a>.<\/span><\/p>\n<p class=\"p1\"><span class=\"s1\">Al Meyer non hanno ancora segnalato il caso di oggi ad Aifa. La procedura si completer\u00e0 nelle\u00a0<\/span><span class=\"s1\">prossime ore.\u00a0<\/span><\/p>\n<p class=\"p1\"><span class=\"s1\">Che dire? Siamo felici per il ragazzo e nello stesso tempo preoccupati per ci\u00f2 che potrebbe accadere a tutti gli altri giovanissimi il cui rischio di ammalarsi di Covid in forma grave \u00e8 pressoch\u00e9 inesistente.<\/span><\/p>\n<p class=\"p1\"><span class=\"s1\">Da 0 a 9 anni la Covid ha provocato 14 decessi; da 10 a 19 anni 16 decessi. <\/span><\/p>\n<p class=\"p1\"><span class=\"s1\"><i>Perch\u00e9 non mettere a disposizione delle scuole e dei locali i tamponi salivari?<\/i><\/span><\/p>\n","protected":false},"excerpt":{"rendered":"<p><p>Ha 17 anni, qualche mese in meno di Camilla Canepa.\u00a0\u00c8 stato malissimo quattro giorni dopo la seconda dose di vaccino Pfizer. Cefalea intensa e vomito. Al pronto soccorso i primi accertamenti, la situazione \u00e8 grave. \u201cSubito al Meyer\u201d. Probabile\u00a0 che sia\u00a0 stata questa la decisione che gli ha salvato la vita. Dall\u2019ospedale pediatrico Meyer oggi pomeriggio hanno riferito che le condizioni del ragazzo sono buone. Ha avuto una trombosi dei seni cerebrali: \u201c\u00c8 sotto trattamento farmacologico. Non \u00e8 stata riscontrata carenza di piastrine. \u00c8 cosciente\u201d. Tiriamo un sospiro di sollievo. Al Meyer, l\u2019ultimo anno, sono stati curati 6 minori affetti [&hellip;]<\/p>\n&nbsp;&nbsp;<div class=\"readmore\"><a href=\"https:\/\/blog.ilgiornale.it\/locati\/2021\/08\/18\/trombosi-cerebrale-a-17-anni-dopo-il-vaccino\/\">Continua a leggere...<\/a><\/div><\/p>","protected":false},"author":992,"featured_media":0,"comment_status":"open","ping_status":"closed","sticky":false,"template":"","format":"standard","meta":[],"categories":[77194],"tags":[416979,13503,416977,416980,416978,416981],"_links":{"self":[{"href":"https:\/\/blog.ilgiornale.it\/locati\/wp-json\/wp\/v2\/posts\/4814"}],"collection":[{"href":"https:\/\/blog.ilgiornale.it\/locati\/wp-json\/wp\/v2\/posts"}],"about":[{"href":"https:\/\/blog.ilgiornale.it\/locati\/wp-json\/wp\/v2\/types\/post"}],"author":[{"embeddable":true,"href":"https:\/\/blog.ilgiornale.it\/locati\/wp-json\/wp\/v2\/users\/992"}],"replies":[{"embeddable":true,"href":"https:\/\/blog.ilgiornale.it\/locati\/wp-json\/wp\/v2\/comments?post=4814"}],"version-history":[{"count":1,"href":"https:\/\/blog.ilgiornale.it\/locati\/wp-json\/wp\/v2\/posts\/4814\/revisions"}],"predecessor-version":[{"id":4815,"href":"https:\/\/blog.ilgiornale.it\/locati\/wp-json\/wp\/v2\/posts\/4814\/revisions\/4815"}],"wp:attachment":[{"href":"https:\/\/blog.ilgiornale.it\/locati\/wp-json\/wp\/v2\/media?parent=4814"}],"wp:term":[{"taxonomy":"category","embeddable":true,"href":"https:\/\/blog.ilgiornale.it\/locati\/wp-json\/wp\/v2\/categories?post=4814"},{"taxonomy":"post_tag","embeddable":true,"href":"https:\/\/blog.ilgiornale.it\/locati\/wp-json\/wp\/v2\/tags?post=4814"}],"curies":[{"name":"wp","href":"https:\/\/api.w.org\/{rel}","templated":true}]}}