{"id":4835,"date":"2021-09-11T19:37:50","date_gmt":"2021-09-11T17:37:50","guid":{"rendered":"https:\/\/blog.ilgiornale.it\/locati\/?p=4835"},"modified":"2021-09-11T19:37:50","modified_gmt":"2021-09-11T17:37:50","slug":"il-virus-circolante-prima-del-dicembre-2019-e-le-difficolta-delloms","status":"publish","type":"post","link":"https:\/\/blog.ilgiornale.it\/locati\/2021\/09\/11\/il-virus-circolante-prima-del-dicembre-2019-e-le-difficolta-delloms\/","title":{"rendered":"Il virus circolante prima del dicembre 2019 e le difficolt\u00e0 dell\u2019OMS"},"content":{"rendered":"<p>La notizia \u00e8 nota: il virus Sars-Cov-2 circolava tempo prima del suo \u201cbattesimo ufficiale\u201d, nel dicembre 2019. Diversi studi, da tutto il mondo, ne hanno retrodatato la nascita di diversi mesi. La prova? Le tracce degli anticorpi rilevate nel sangue dei donatori o dei pazienti ricoverati. Ma fin qui, dicevamo, nulla di nuovo.<\/p>\n<p><span style=\"font-weight: 400\">Oltrettutto \u00e8 normale che una pandemia non divampi all\u2019improvviso a partire dal giorno del presunto incendio ma che prenda corpo, sotto traccia, dando avvisaglie sporadiche. Ed \u00e8 proprio cos\u00ec che \u00e8 avvenuto. Ma non \u00e8 tutto. Oltre agli anticorpi presenti nel sangue di alcuni pazienti fin dal 2019 (la rilevazione degli anticorpi nel sangue ha una scadenza), altri studi mostrano una reattivit\u00e0 specifica al Sars-Cov-2 in campioni di sangue crioconservati di numerose persone, dal 2015 al 2018. Leggete <\/span><a href=\"https:\/\/www.cell.com\/cell\/fulltext\/S0092-8674(20)30610-3?_returnURL=https%3A%2F%2Flinkinghub.elsevier.com%2Fretrieve%2Fpii%2FS0092867420306103%3Fshowall%3Dtrue\"><span style=\"font-weight: 400\">lo studio di Grifoni et al<\/span><\/a><span style=\"font-weight: 400\">. fino alle conclusioni (cit. dal libro \u201c<\/span><i><span style=\"font-weight: 400\">Covid 19. La catastrofe provocata dal virus che non c\u2019\u00e8<\/span><\/i><span style=\"font-weight: 400\">\u201d di <\/span><b>Fabio Franchi<\/b><span style=\"font-weight: 400\">).<\/span><\/p>\n<p>Com\u2019\u00e8 possibile che le cellule crioconservate dal 2015, analizzate in California, reagiscano al virus della Covid? Quante altre persone in tutto il mondo sono reattive al Sars-Cov-2? E cosa significa questa reattivit\u00e0 ai fini della malattia e delle vaccinazioni? Maggior protezione o rischio di reazione autoimmune (ADE)?<\/p>\n<p><b>Il virus retrodatato<\/b><\/p>\n<p>Come potete vedere dalla pubblicazione di <b>Stefano Petti<\/b>, <a href=\"https:\/\/academic.oup.com\/cid\/advance-article\/doi\/10.1093\/cid\/ciab727\/6356216?login=true\">qui<\/a>, gli studi che fanno supporre che il virus circolasse mesi prima del dicembre 2019 sono diversi e in tutto il mondo. Nel maggio 2019 sono stati trovati positivi in Inghilterra, nel novembre 2019 in Francia e in Brasile, nel dicembre 2019 in Italia e negli Usa (California, Oregon e Washington). E che dire del virus ritrovato nelle acque di scarico in Brasile, in Spagna e in Italia sin da novembre 2019? Quante persone dovevano avere gi\u00e0 l\u2019infezione perch\u00e9 il virus fosse presente negli impianti delle acque reflue di intere citt\u00e0?<\/p>\n<p><b>Lo studio dell\u2019Istituto dei tumori<\/b><\/p>\n<p>Oggi raccontiamo l\u2019assurda storia che ha riguardato &#8211; anzi, riguarda ancora &#8211; lo studio di cui si \u00e8 parlato di pi\u00f9 in Italia. Quello curato dall\u2019Istituto dei Tumori di Milano pubblicato nel novembre 2020.<\/p>\n<p><span style=\"font-weight: 400\">Reclutati 959 pazienti da tutte le regioni italiane per un\u2019analisi retrospettiva dal settembre 2019 al marzo 2020. Nel sangue di 111 italiani sono stati trovati gli anticorpi neutralizzanti, presente almeno un positivo in 13 regioni. Cliccate <\/span><a href=\"https:\/\/journals.sagepub.com\/doi\/full\/10.1177\/0300891620974755\"><span style=\"font-weight: 400\">qui<\/span><\/a><span style=\"font-weight: 400\">.<\/span><\/p>\n<p><b>Bocciato dall\u2019OMS<\/b><\/p>\n<p>L\u2019articolo dell\u2019Istituto milanese, dal marzo 2021, figura fra quelli per i quali \u00e8 stata espressa una perplessit\u00e0, la cosiddetta <i>Expressions of concern<\/i>. \u00c8 prassi per le pubblicazioni passare attraverso le verifiche da parte di terzi. \u00c8 il criterio che rende valida una tesi o, al contrario, stabilisce se siano necessari ulteriori approfondimenti. Ed \u00e8 stata l\u2019OMS a chiedere chiarimenti. A quel punto, a tempo record, sia l\u2019editore della rivista, sia la Casa editrice hanno espresso le loro perplessit\u00e0 con un\u2019altra <i>Expressions of concern<\/i>. E il lavoro \u00e8 finito su <i>Retraction Watch,<\/i> il sito che pubblica le pubblicazioni ritenute false. Cliccate <a href=\"https:\/\/retractionwatch.com\/2021\/03\/24\/paper-claiming-presence-of-sars-co-v2-in-italy-in-2019-earns-expression-of-concern\/#more-121780\">qui<\/a>.<\/p>\n<p><span style=\"font-weight: 400\">Insomma, nel giro di 24 ore l\u2019articolo \u00e8 stato bloccato e sbugiardato pubblicamente.\u00a0<\/span><\/p>\n<p>In sintesi, le analisi svolte da OMS dicono che il lavoro dell\u2019Istituto dei tumori non \u00e8 valido: non \u00e8 vero per l\u2019Organizzazione Mondiale della Sanit\u00e0 che nei pazienti esaminati dal settembre 2019 vi sarebbero state tracce del virus. La seconda prova richiesta dall\u2019Editore mostrerebbe, al contrario, la bont\u00e0 dello studio, perci\u00f2 nel novembre 2021 sia l\u2019Editore sia la Casa editrice ritirano la loro <i>Expression of concern.<\/i><\/p>\n<p>Ma l\u2019OMS insiste: la revisione non va bene e lo studio \u00e8 fallace.<\/p>\n<p>A questo punto, gli autori dell\u2019Istituto milanese, convinti del loro operato, inviano i campioni a un terzo laboratorio in Olanda, gestito dall\u2019 OMS, che conferma la validit\u00e0 delle analisi. Cliccate <a href=\"https:\/\/www.medrxiv.org\/content\/10.1101\/2021.07.14.21260491v1\">qui<\/a>. Ma l\u2019OMS \u00e8 ancora reticente. La storia \u00e8 raccontata da Reuters, <a href=\"https:\/\/www.reuters.com\/world\/europe\/dispute-over-italian-coronavirus-study-shows-challenges-probing-origins-2021-07-23\/\">qui<\/a>.<\/p>\n<p>Come se ne esce? Cercando di capire quale dei due metodi utilizzati (quello degli autori del lavoro da una parte e quello dell\u2019OMS dall\u2019altra) \u00e8 pi\u00f9 attendibile.<\/p>\n<p>Si testano entrambi i metodi su campioni di persone malate di Covid ed emerge che il metodo usato dall\u2019OMS non rileva la gran parte delle infezioni (reali) al contrario di quello usato dall\u2019Istituto dei Tumori che appare precisissimo.<\/p>\n<p><span style=\"font-weight: 400\">Tutto bene, dunque? Il lavoro dell&#8217;Istituto dei Tumori \u00e8 assolto? In teoria s\u00ec ma in pratica compare ancora sul sito <\/span><i><span style=\"font-weight: 400\">Retraction Watch<\/span><\/i><span style=\"font-weight: 400\">, mai ritirato dal marzo 2021. Cliccate <\/span><a href=\"https:\/\/retractionwatch.com\/retracted-coronavirus-covid-19-papers\/\"><span style=\"font-weight: 400\">qui<\/span><\/a><span style=\"font-weight: 400\">.<\/span><\/p>\n<p><span style=\"font-weight: 400\">Perci\u00f2, ancora oggi, chiunque si metta alla ricerca di quel lavoro si convincer\u00e0 che si tratta di una bufala.<\/span><\/p>\n<p><b>Conclusioni<\/b><\/p>\n<p>Il fatto che il virus circolasse gi\u00e0 diversi mesi prima del dicembre 2019 \u00e8 un dato di fatto. Non solo in Italia ma in mezzo mondo, perci\u00f2, guardando alla definizione data dall\u2019OMS, era gi\u00e0 pandemico. Tuttavia per i casi di polmoniti dell\u2019ultimo quinquennio &#8211; che pure si presentavano numerose tutti gli inverni, specie nelle regioni del Nord Italia e che venivano classificate \u2018di origine ignota\u2019 &#8211; non ci fu nessun allarme paragonabile a quello vissuto dal gennaio 2020 ad oggi. Le polmoniti sono state curate come sempre, i casi gravi che hanno portato alla morte registrati come decessi da malattia respiratoria (che da diversi anni sono aumento rispetto alla media nelle regioni del Nord).<\/p>\n<p><em>C\u2019\u00e8 ora da chiedersi come mai l\u2019OMS stia dimostrando non voler riconoscere che il virus fosse gi\u00e0 presente prima del 2020 al di fuori della Cina.<\/em><\/p>\n<p>&nbsp;<\/p>\n","protected":false},"excerpt":{"rendered":"<p><p>La notizia \u00e8 nota: il virus Sars-Cov-2 circolava tempo prima del suo \u201cbattesimo ufficiale\u201d, nel dicembre 2019. Diversi studi, da tutto il mondo, ne hanno retrodatato la nascita di diversi mesi. La prova? Le tracce degli anticorpi rilevate nel sangue dei donatori o dei pazienti ricoverati. Ma fin qui, dicevamo, nulla di nuovo. Oltrettutto \u00e8 normale che una pandemia non divampi all\u2019improvviso a partire dal giorno del presunto incendio ma che prenda corpo, sotto traccia, dando avvisaglie sporadiche. Ed \u00e8 proprio cos\u00ec che \u00e8 avvenuto. Ma non \u00e8 tutto. Oltre agli anticorpi presenti nel sangue di alcuni pazienti fin dal [&hellip;]<\/p>\n&nbsp;&nbsp;<div class=\"readmore\"><a href=\"https:\/\/blog.ilgiornale.it\/locati\/2021\/09\/11\/il-virus-circolante-prima-del-dicembre-2019-e-le-difficolta-delloms\/\">Continua a leggere...<\/a><\/div><\/p>","protected":false},"author":992,"featured_media":0,"comment_status":"open","ping_status":"closed","sticky":false,"template":"","format":"standard","meta":[],"categories":[387565],"tags":[77205,2539,391229,387514,4711,416993],"_links":{"self":[{"href":"https:\/\/blog.ilgiornale.it\/locati\/wp-json\/wp\/v2\/posts\/4835"}],"collection":[{"href":"https:\/\/blog.ilgiornale.it\/locati\/wp-json\/wp\/v2\/posts"}],"about":[{"href":"https:\/\/blog.ilgiornale.it\/locati\/wp-json\/wp\/v2\/types\/post"}],"author":[{"embeddable":true,"href":"https:\/\/blog.ilgiornale.it\/locati\/wp-json\/wp\/v2\/users\/992"}],"replies":[{"embeddable":true,"href":"https:\/\/blog.ilgiornale.it\/locati\/wp-json\/wp\/v2\/comments?post=4835"}],"version-history":[{"count":2,"href":"https:\/\/blog.ilgiornale.it\/locati\/wp-json\/wp\/v2\/posts\/4835\/revisions"}],"predecessor-version":[{"id":4837,"href":"https:\/\/blog.ilgiornale.it\/locati\/wp-json\/wp\/v2\/posts\/4835\/revisions\/4837"}],"wp:attachment":[{"href":"https:\/\/blog.ilgiornale.it\/locati\/wp-json\/wp\/v2\/media?parent=4835"}],"wp:term":[{"taxonomy":"category","embeddable":true,"href":"https:\/\/blog.ilgiornale.it\/locati\/wp-json\/wp\/v2\/categories?post=4835"},{"taxonomy":"post_tag","embeddable":true,"href":"https:\/\/blog.ilgiornale.it\/locati\/wp-json\/wp\/v2\/tags?post=4835"}],"curies":[{"name":"wp","href":"https:\/\/api.w.org\/{rel}","templated":true}]}}